{"id":916456,"date":"2026-04-02T19:15:22","date_gmt":"2026-04-02T19:15:22","guid":{"rendered":"https:\/\/www.europesays.com\/de\/916456\/"},"modified":"2026-04-02T19:15:22","modified_gmt":"2026-04-02T19:15:22","slug":"loesungen-fuer-laerm-verkehr-und-sicherheit","status":"publish","type":"post","link":"https:\/\/www.europesays.com\/de\/916456\/","title":{"rendered":"L\u00f6sungen f\u00fcr L\u00e4rm, Verkehr und Sicherheit"},"content":{"rendered":"<p>\t\tSegro Park im Fokus<br \/>\n\t\t\t\t\tL\u00e4rm, Verkehr, Sicherheit \u2013 Stadt k\u00fcndigt konkrete Schritte an<\/p>\n<p>\t\t<img alt=\"\" src=\"https:\/\/www.europesays.com\/de\/wp-content\/uploads\/2025\/04\/630_0036_533460_.jpg\"  class=\"avatar avatar-36 photo avatar-default\" height=\"36\" width=\"36\" loading=\"eager\" decoding=\"async\"\/>\t\t<a class=\"article-author__name\" href=\"https:\/\/www.ruhrnachrichten.de\/author\/uwe-von-schirp\/\" rel=\"author nofollow noopener\" target=\"_blank\">Uwe von Schirp<\/a><br \/>\n\t\tRedakteur<\/p>\n<p>    <a href=\"https:\/\/www.ruhrnachrichten.de\/wp-content\/uploads\/2026\/04\/01\/15\/630_0900_6002702_-1648x824.jpg\" rel=\"nofollow noopener\" target=\"_blank\"><\/p>\n<p>            <img decoding=\"async\" fetchpriority=\"high\" src=\"https:\/\/www.europesays.com\/de\/wp-content\/uploads\/2026\/04\/630_0900_6002698_-640x428.jpg\" width=\"640\" height=\"428\"  alt=\"Zuh\u00f6rer vor einer Pinwand mit Fotos unter der Autobahnbr\u00fccke an der Stra\u00dfe Langenacker. Im Hintergrund Baufahrzeuge.\"\/><\/p>\n<p>    <\/a><br \/>\n    J\u00f6rg Sandmeier von der IG Kreuzloh-Langenacker erl\u00e4uterte den Vertretern von POlitik, Verwaltung und Segro die Sorgen und Bef\u00fcrchtungen der Anwohner in der Siedlung. \u00a9 Uwe von Schirp<\/p>\n<p class=\"article__teaser-text\">Anwohner sorgen sich um L\u00e4rm, Verkehr und Wasser: Beim Ortstermin am Segro Park werden Probleme offen angesprochen \u2013 erste L\u00f6sungen sind in Sicht.<\/p>\n<p>3 Min Lesezeit<\/p>\n<p>L\u00e4rm und fehlender Sichtschutz<\/p>\n","protected":false},"excerpt":{"rendered":"Segro Park im Fokus L\u00e4rm, Verkehr, Sicherheit \u2013 Stadt k\u00fcndigt konkrete Schritte an Uwe von Schirp Redakteur J\u00f6rg&hellip;\n","protected":false},"author":2,"featured_media":916457,"comment_status":"","ping_status":"","sticky":false,"template":"","format":"standard","meta":{"footnotes":"","_share_on_mastodon":"0"},"categories":[1833],"tags":[3364,29,217,30,39989,1209,3587],"class_list":["post-916456","post","type-post","status-publish","format-standard","has-post-thumbnail","category-dortmund","tag-de","tag-deutschland","tag-dortmund","tag-germany","tag-logistikzentrum","tag-nordrhein-westfalen","tag-verkehr-mobilitaet"],"share_on_mastodon":{"url":"https:\/\/pubeurope.com\/@de\/116336717315923307","error":""},"_links":{"self":[{"href":"https:\/\/www.europesays.com\/de\/wp-json\/wp\/v2\/posts\/916456","targetHints":{"allow":["GET"]}}],"collection":[{"href":"https:\/\/www.europesays.com\/de\/wp-json\/wp\/v2\/posts"}],"about":[{"href":"https:\/\/www.europesays.com\/de\/wp-json\/wp\/v2\/types\/post"}],"author":[{"embeddable":true,"href":"https:\/\/www.europesays.com\/de\/wp-json\/wp\/v2\/users\/2"}],"replies":[{"embeddable":true,"href":"https:\/\/www.europesays.com\/de\/wp-json\/wp\/v2\/comments?post=916456"}],"version-history":[{"count":0,"href":"https:\/\/www.europesays.com\/de\/wp-json\/wp\/v2\/posts\/916456\/revisions"}],"wp:featuredmedia":[{"embeddable":true,"href":"https:\/\/www.europesays.com\/de\/wp-json\/wp\/v2\/media\/916457"}],"wp:attachment":[{"href":"https:\/\/www.europesays.com\/de\/wp-json\/wp\/v2\/media?parent=916456"}],"wp:term":[{"taxonomy":"category","embeddable":true,"href":"https:\/\/www.europesays.com\/de\/wp-json\/wp\/v2\/categories?post=916456"},{"taxonomy":"post_tag","embeddable":true,"href":"https:\/\/www.europesays.com\/de\/wp-json\/wp\/v2\/tags?post=916456"}],"curies":[{"name":"wp","href":"https:\/\/api.w.org\/{rel}","templated":true}]}}