{"id":916663,"date":"2026-04-02T21:12:29","date_gmt":"2026-04-02T21:12:29","guid":{"rendered":"https:\/\/www.europesays.com\/de\/916663\/"},"modified":"2026-04-02T21:12:29","modified_gmt":"2026-04-02T21:12:29","slug":"rund-40-laender-beraten-ueber-oeffnung-der-strasse-von-hormus","status":"publish","type":"post","link":"https:\/\/www.europesays.com\/de\/916663\/","title":{"rendered":"Rund 40 L\u00e4nder beraten \u00fcber \u00d6ffnung der Stra\u00dfe von Hormus"},"content":{"rendered":"<p>            <img loading=\"lazy\" decoding=\"async\" class=\"ts-image\" src=\"https:\/\/www.europesays.com\/de\/wp-content\/uploads\/2026\/04\/gipfel-virtuell-100.jpg\" alt=\"Yvette Cooper leitet im Au\u00dfen- und Commonwealth-Ministerium in London einen virtuellen Gipfel. \" title=\"Yvette Cooper leitet im Au\u00dfen- und Commonwealth-Ministerium in London einen virtuellen Gipfel.  | AFP\"\/><\/p>\n<p class=\"metatextline\">Stand: 02.04.2026 \u2022 18:23 Uhr<\/p>\n<p class=\"article-head__shorttext\">\n        <strong>Iran hat den Schiffsverkehr in der Stra\u00dfe von Hormus faktisch zum Erliegen gebracht. Steigende Gas- und \u00d6lpreise und sinkende Speicherst\u00e4nde sind die Folge. Bei einem von London koordinierten Treffen wurden nun L\u00f6sungen gesucht. <\/strong>\n    <\/p>\n<p>                                    <a class=\"authorline__link\" href=\"https:\/\/www.tagesschau.de\/korrespondenten\/christoph-proessl-106.html\" rel=\"nofollow noopener\" target=\"_blank\"><br \/>\n                                        <img decoding=\"async\" class=\"authorline__img\" alt=\"Christoph Pr\u00f6ssl\" src=\"https:\/\/www.europesays.com\/de\/wp-content\/uploads\/2026\/04\/christoph-proessl-101.jpg\"\/><br \/>\n                                    <\/a><\/p>\n<p class=\"textabsatz m-ten m-offset-one l-eight l-offset-two columns twelve\">Vertreter aus rund 40 L\u00e4ndern haben an einem digitalen Treffen zur Wiederer\u00f6ffnung der Meerenge von Hormus teilgenommen. Gro\u00dfbritannien hatte dazu eingeladen. Die britische Au\u00dfenministerin Yvette Cooper machte zu Beginn der Videoschalte die Bedeutung der Meerenge f\u00fcr den Warenverkehr deutlich. &#8222;In den vergangenen 24 Stunden haben 25 Schiffe die Meerenge passieren k\u00f6nnen, eine internationale Schifffahrtsroute, auf der normalerweise 150 Schiffe pro Tag gez\u00e4hlt werden.&#8220;<\/p>\n<p class=\"textabsatz m-ten m-offset-one l-eight l-offset-two columns twelve\">Insgesamt 2.000 Schiffe warteten derzeit auf die Durchfahrt. Der Iran habe eine internationale Schifffahrtsroute gekapert, so die Au\u00dfenministerin, und die Weltwirtschaft sei als Geisel genommen worden.<\/p>\n<p>    Sorge um Weltwirtschaft<\/p>\n<p class=\"textabsatz m-ten m-offset-one l-eight l-offset-two columns twelve\">\u00c4hnlich wie in vielen anderen Staaten auch w\u00e4chst im Vereinigten K\u00f6nigreich die Bef\u00fcrchtung, dass die Blockade der Meerenge von Hormus der Weltwirtschaft massiven Schaden zuf\u00fcgen wird. Ein F\u00fcnftel des weltweit gehandelten Roh\u00f6ls und Fl\u00fcssigerdgases wird normalerweise durch die Stra\u00dfe von Hormus transportiert.<\/p>\n<p class=\"textabsatz m-ten m-offset-one l-eight l-offset-two columns twelve\">Premierminister Keir Starmer hatte zu dem Treffen eingeladen, um diplomatische und politische Ma\u00dfnahmen ergreifen zu k\u00f6nnen, damit die Freiheit der Schifffahrt wiederhergestellt werden k\u00f6nne. Im Anschluss an das Treffen sollten sich die milit\u00e4rischen Planer der Konferenzteilnehmer treffen, um zu pr\u00fcfen, welche Kapazit\u00e4ten geb\u00fcndelt werden k\u00f6nnen. Dabei geht es m\u00f6glicherweise um die Frage, ob beispielsweise Tanker von Milit\u00e4rschiffen eskortiert werden sollen.<\/p>\n<p>    Macron lehnt Gewalt ab<\/p>\n<p class=\"textabsatz m-ten m-offset-one l-eight l-offset-two columns twelve\">Der franz\u00f6sische <a href=\"https:\/\/www.tagesschau.de\/ausland\/europa\/irankrieg-macron-strasse-von-hormus-100.html\" title=\"Stra\u00dfe von Hormus: Macron setzt auf Gespr\u00e4che mit Iran\" rel=\"nofollow noopener\" target=\"_blank\">Pr\u00e4sident Emmanuel Macron bezeichnete<\/a> ein gewaltsames Vorgehen als unrealistisch. Die Wiederer\u00f6ffnung der Stra\u00dfe k\u00f6nne nur in Abstimmung mit Iran erfolgen, und zwar im Rahmen von Verhandlungen nach einer m\u00f6glichen Waffenruhe, sagte Macron w\u00e4hrend eines Besuchs in S\u00fcdkorea.<\/p>\n<p class=\"textabsatz m-ten m-offset-one l-eight l-offset-two columns twelve\">Italien sprach sich im Anschluss an das virtuelle Treffen f\u00fcr einen &#8222;humanit\u00e4ren Korridor&#8220; f\u00fcr D\u00fcngemittel und andere humanit\u00e4re G\u00fcter aus. Der Korridor solle eine neue Nahrungsmittelkrise &#8211; insbesondere in den afrikanischen L\u00e4ndern &#8211; verhindern, so Au\u00dfenminister Antonio Tajani seinem Ministerium zufolge.<\/p>\n<p>    Treffen nach Trump-\u00c4u\u00dferungen<\/p>\n<p class=\"textabsatz m-ten m-offset-one l-eight l-offset-two columns twelve\">Starmer hatte zu dem Treffen m\u00f6glicherweise als Reaktion auf \u00c4u\u00dferungen aus den USA eingeladen. <a href=\"https:\/\/www.tagesschau.de\/ausland\/asien\/trump-oel-strasse-von-hormus-100.html\" title=\"Trumps \u00e4u\u00dfert offen \u00c4rger \u00fcber Verb\u00fcndete\" rel=\"nofollow noopener\" target=\"_blank\">US-Pr\u00e4sident Donald Trump hatte mitgeteilt<\/a>, dass die USA L\u00e4ndern, die auf \u00d6llieferungen aus der Stra\u00dfe von Hormus angewiesen seien, nicht helfen w\u00fcrde. &#8222;Ihr m\u00fcsst lernen, euch selbst zu verteidigen&#8220;, schrieb Trump. &#8222;Die USA werden nicht mehr f\u00fcr euch da sein, wie ihr nicht f\u00fcr uns da wart.&#8220;<\/p>\n<p class=\"textabsatz m-ten m-offset-one l-eight l-offset-two columns twelve\">An dem Treffen heute nahmen Vertreter unter anderem aus Frankreich, Deutschland, Kanada, Indien und den vereinigten Arabischen Emiraten teil. Die USA waren nicht vertreten.<\/p>\n","protected":false},"excerpt":{"rendered":"Stand: 02.04.2026 \u2022 18:23 Uhr Iran hat den Schiffsverkehr in der Stra\u00dfe von Hormus faktisch zum Erliegen gebracht.&hellip;\n","protected":false},"author":2,"featured_media":916664,"comment_status":"","ping_status":"","sticky":false,"template":"","format":"standard","meta":{"footnotes":"","_share_on_mastodon":"0"},"categories":[5],"tags":[13,345,186871,14,15,12,29839,10,8,9,11,14572],"class_list":["post-916663","post","type-post","status-publish","format-standard","has-post-thumbnail","category-nachrichten","tag-headlines","tag-iran","tag-iran-krieg","tag-nachrichten","tag-news","tag-schlagzeilen","tag-strasse-von-hormus","tag-top-news","tag-top-meldungen","tag-topmeldungen","tag-topnews","tag-weltwirtschaft"],"share_on_mastodon":{"url":"https:\/\/pubeurope.com\/@de\/116337177464059717","error":""},"_links":{"self":[{"href":"https:\/\/www.europesays.com\/de\/wp-json\/wp\/v2\/posts\/916663","targetHints":{"allow":["GET"]}}],"collection":[{"href":"https:\/\/www.europesays.com\/de\/wp-json\/wp\/v2\/posts"}],"about":[{"href":"https:\/\/www.europesays.com\/de\/wp-json\/wp\/v2\/types\/post"}],"author":[{"embeddable":true,"href":"https:\/\/www.europesays.com\/de\/wp-json\/wp\/v2\/users\/2"}],"replies":[{"embeddable":true,"href":"https:\/\/www.europesays.com\/de\/wp-json\/wp\/v2\/comments?post=916663"}],"version-history":[{"count":0,"href":"https:\/\/www.europesays.com\/de\/wp-json\/wp\/v2\/posts\/916663\/revisions"}],"wp:featuredmedia":[{"embeddable":true,"href":"https:\/\/www.europesays.com\/de\/wp-json\/wp\/v2\/media\/916664"}],"wp:attachment":[{"href":"https:\/\/www.europesays.com\/de\/wp-json\/wp\/v2\/media?parent=916663"}],"wp:term":[{"taxonomy":"category","embeddable":true,"href":"https:\/\/www.europesays.com\/de\/wp-json\/wp\/v2\/categories?post=916663"},{"taxonomy":"post_tag","embeddable":true,"href":"https:\/\/www.europesays.com\/de\/wp-json\/wp\/v2\/tags?post=916663"}],"curies":[{"name":"wp","href":"https:\/\/api.w.org\/{rel}","templated":true}]}}