{"id":916810,"date":"2026-04-02T22:40:32","date_gmt":"2026-04-02T22:40:32","guid":{"rendered":"https:\/\/www.europesays.com\/de\/916810\/"},"modified":"2026-04-02T22:40:32","modified_gmt":"2026-04-02T22:40:32","slug":"neumuenster-recyclinghof-gibt-kostenlosen-kompost-aus","status":"publish","type":"post","link":"https:\/\/www.europesays.com\/de\/916810\/","title":{"rendered":"Neum\u00fcnster: Recyclinghof gibt kostenlosen Kompost aus"},"content":{"rendered":"<p>\n                Stand: 02.04.2026 16:45 Uhr<\/p>\n<p>                    <a href=\"https:\/\/www.europesays.com\/de\/wp-content\/uploads\/2026\/04\/kompost214.webp.webp\" class=\"zoomimage\" title=\"Bild vergr\u00f6\u00dfern\"><\/p>\n<p>        <img decoding=\"async\" src=\"https:\/\/www.europesays.com\/de\/wp-content\/uploads\/2026\/04\/kompost214.webp.webp\" alt=\"Zwei H\u00e4nde voller Komposterde\" title=\"Der Kompost wird in Eimern ausgegeben. | colourbox, -\" class=\"responsive\" loading=\"lazy\"\/><\/p>\n<p>                    <\/a><\/p>\n<p>                    Der Kompost wird in Eimern ausgegeben.<\/p>\n<p class=\"\">Der Recyclinghof in <a href=\"https:\/\/www.ndr.de\/nachrichten\/schleswig-holstein\/Neumuenster-Aktuelle-Nachrichten-und-Videos,neumuenster770.html\" title=\"Neum\u00fcnster - Aktuelle Nachrichten und Videos\" rel=\"nofollow noopener\" target=\"_blank\">Neum\u00fcnster<\/a>-Wittorferfeld m\u00f6chte umweltbewusstes G\u00e4rtnern und die nachhaltige Nutzung von Ressourcen unterst\u00fctzen. Deshalb gibt es dort am Sonnabend (4.4.) kostenlosen Kompost. Der wird in 10-Liter-Eimern ausgegeben. Der Kompost soll keine keimf\u00e4higen Saaten enthalten und somit frei von Unkraut sein.<\/p>\n<p>    Kompost solange der Vorrat reicht<\/p>\n<p class=\"\">Die Eimer k\u00f6nnen auch mitgenommen werden, wenn kein M\u00fcll abgegeben wird &#8211; solange der Vorrat reicht. Die \u00d6ffnungszeiten am Sonnabend sind von 8 bis 12 Uhr. Auch Interessierte aus anderen St\u00e4dten sind demnach willkommen &#8211; seit Anfang des Jahres f\u00e4llt f\u00fcr Nicht-Neum\u00fcnsteranerinnen und -Neum\u00fcnsteraner allerdings eine Servicegeb\u00fchr f\u00fcr die Nutzung des Recyclinghofes an.<\/p>\n","protected":false},"excerpt":{"rendered":"Stand: 02.04.2026 16:45 Uhr Der Kompost wird in Eimern ausgegeben. Der Recyclinghof in Neum\u00fcnster-Wittorferfeld m\u00f6chte umweltbewusstes G\u00e4rtnern und&hellip;\n","protected":false},"author":2,"featured_media":916811,"comment_status":"","ping_status":"","sticky":false,"template":"","format":"standard","meta":{"footnotes":"","_share_on_mastodon":"0"},"categories":[1852],"tags":[31887,3364,29,548,663,3934,194121,30,13,4949,14,27499,15,2454,1279,12,1971],"class_list":["post-916810","post","type-post","status-publish","format-standard","has-post-thumbnail","category-kiel","tag-kompost","tag-de","tag-deutschland","tag-eu","tag-europa","tag-europe","tag-gartengestaltung","tag-germany","tag-headlines","tag-kiel","tag-nachrichten","tag-neumuenster","tag-news","tag-ostern","tag-recycling","tag-schlagzeilen","tag-schleswig-holstein"],"share_on_mastodon":{"url":"https:\/\/pubeurope.com\/@de\/116337524242477522","error":""},"_links":{"self":[{"href":"https:\/\/www.europesays.com\/de\/wp-json\/wp\/v2\/posts\/916810","targetHints":{"allow":["GET"]}}],"collection":[{"href":"https:\/\/www.europesays.com\/de\/wp-json\/wp\/v2\/posts"}],"about":[{"href":"https:\/\/www.europesays.com\/de\/wp-json\/wp\/v2\/types\/post"}],"author":[{"embeddable":true,"href":"https:\/\/www.europesays.com\/de\/wp-json\/wp\/v2\/users\/2"}],"replies":[{"embeddable":true,"href":"https:\/\/www.europesays.com\/de\/wp-json\/wp\/v2\/comments?post=916810"}],"version-history":[{"count":0,"href":"https:\/\/www.europesays.com\/de\/wp-json\/wp\/v2\/posts\/916810\/revisions"}],"wp:featuredmedia":[{"embeddable":true,"href":"https:\/\/www.europesays.com\/de\/wp-json\/wp\/v2\/media\/916811"}],"wp:attachment":[{"href":"https:\/\/www.europesays.com\/de\/wp-json\/wp\/v2\/media?parent=916810"}],"wp:term":[{"taxonomy":"category","embeddable":true,"href":"https:\/\/www.europesays.com\/de\/wp-json\/wp\/v2\/categories?post=916810"},{"taxonomy":"post_tag","embeddable":true,"href":"https:\/\/www.europesays.com\/de\/wp-json\/wp\/v2\/tags?post=916810"}],"curies":[{"name":"wp","href":"https:\/\/api.w.org\/{rel}","templated":true}]}}