{"id":916830,"date":"2026-04-02T22:51:15","date_gmt":"2026-04-02T22:51:15","guid":{"rendered":"https:\/\/www.europesays.com\/de\/916830\/"},"modified":"2026-04-02T22:51:15","modified_gmt":"2026-04-02T22:51:15","slug":"enger-ausgang-fuer-tus-hiltrup-gegen-sc-preussen-muenster-ii","status":"publish","type":"post","link":"https:\/\/www.europesays.com\/de\/916830\/","title":{"rendered":"Enger Ausgang f\u00fcr TuS Hiltrup gegen SC Preu\u00dfen M\u00fcnster II"},"content":{"rendered":"<p>                                Spielinfos:<br \/>\nDatum &amp; Uhrzeit: 02.04.2026 19.00 Uhr<br \/>Austragungsort: M\u00fcnster<br \/>Wettbewerb: Oberliga Westfalen<br \/>Spieltag: 29<\/p>\n<p>Spielbericht: TuS Hiltrup gegen SC Preu\u00dfen M\u00fcnster II 1:2 (0:1)<\/p>\n<p id=\"absatz2\" class=\"em_text\">M\u00fcnster. Ein packendes Kopf-an-Kopf-Rennen bietet sich den 450 Zuschauern in der M\u00fcnsteraner Sportanlage TuS Hiltrup Pl. 2 am Donnerstag.<\/p>\n<p id=\"absatz3\" class=\"em_text\">Emanuel de Lemos erzielt den ersten Treffer und verschafft den G\u00e4sten fr\u00fch die Oberhand (12). In der 59. Minute greift der Schiri in die Tasche. Der SC Preu\u00dfen M\u00fcnster II muss einmal Gelb hinnehmen (59). Erst in der zweiten Halbzeit k\u00f6nnen die Hiltruper gleichziehen: In Minute 75 f\u00e4llt das Gegentor durch Felix Bu\u00dfmann.<\/p>\n<p id=\"absatz4\" class=\"em_text\">In den letzten Minuten versuchen beide Teams durch Auswechslung nochmal neue Energie aufs Feld zu bringen. Lukas Leander Berger kommt rein f\u00fcr Asmar Paenda. Auf der Gastseite springt Pascal Koopmann f\u00fcr Luca Steinfeldt ein.<\/p>\n<p id=\"absatz5\" class=\"em_text\">In der Nachspielzeit schafft es der SC Preu\u00dfen M\u00fcnster II dann noch einmal: Im letzten Augenblick bef\u00f6rdert Ben Kronenberg den Ball erfolgreich hinter die gegnerische Linie und sichert den Sieg f\u00fcr die Elf aus M\u00fcnster (96). Die Hiltruper rutschten auf Platz 14 ab.<\/p>\n<p id=\"absatz6\" class=\"em_text\">Tore fallen keine mehr. Die Gegner vom TuS Hiltrup beenden die Partie mit einer Gelben Karte (98).<\/p>\n<p>Die Aufstellungen: TuS Hiltrup &#8211; SC Preu\u00dfen M\u00fcnster II<br \/>\nTuS Hiltrup: Romain B\u00f6cker (1), Dickens Toka (5), S\u00f6ren Jankh\u00f6fer (27), Alexander Gockel (6), Asmar Paenda (20), Finn Lenze (11), Felix Bu\u00dfmann (24), Cris Adeyeemi Ojo (29), Nils Johannknecht (18), Thomas Hitchcock (25), Jonas Wei\u00dfen (7)<br \/>SC Preu\u00dfen M\u00fcnster II: Niklas Varelmann (20), Adrian Alex Delmoni (4), Moritz Krause (2), Bennet Eickhoff (17), Mikail Demirhan (23), Jovan Jovic (35), Ryan Acar (29), Ben Leiter (14), Tidiane Ba Gueye (15), Arbnor Hoti (9), Emanuel de Lemos (11)<br \/>Schiedsrichter: Arnoush Araghi<\/p>\n<p id=\"absatz7\" class=\"em_text\">Assistent: Dominic Tillmann<\/p>\n<p id=\"absatz8\" class=\"em_text\">Assistent: Thorsten Kleib\u00f6hmer<\/p>\n<p id=\"absatz9\" class=\"em_text\" style=\"font-size: .8em;\">Die Inhalte dieses Berichts wurden automatisch auf der Basis von DFB-Daten zusammengestellt.<\/p>\n","protected":false},"excerpt":{"rendered":"Spielinfos: Datum &amp; Uhrzeit: 02.04.2026 19.00 UhrAustragungsort: M\u00fcnsterWettbewerb: Oberliga WestfalenSpieltag: 29 Spielbericht: TuS Hiltrup gegen SC Preu\u00dfen M\u00fcnster&hellip;\n","protected":false},"author":2,"featured_media":916831,"comment_status":"","ping_status":"","sticky":false,"template":"","format":"standard","meta":{"footnotes":"","_share_on_mastodon":"0"},"categories":[1843],"tags":[29525,3364,29,45978,5282,30,8405,734,7774,1613,8970,1209,12006,17706,17712,7773,7765,31667,8404],"class_list":["post-916830","post","type-post","status-publish","format-standard","has-post-thumbnail","category-muenster","tag-ausgang","tag-de","tag-deutschland","tag-felix-bumann","tag-fuball","tag-germany","tag-mnster","tag-meta_artikelklasse_nachricht","tag-meta_themen_sport","tag-meta_userneeds_informieremich","tag-muenster","tag-nordrhein-westfalen","tag-oberliga","tag-sc-preuen-mnster-ii","tag-serie_ligaid_210198","tag-serie_ligaid_all","tag-spielinfo","tag-tus-hiltrup","tag-westfalen"],"share_on_mastodon":{"url":"https:\/\/pubeurope.com\/@de\/116337566578550550","error":""},"_links":{"self":[{"href":"https:\/\/www.europesays.com\/de\/wp-json\/wp\/v2\/posts\/916830","targetHints":{"allow":["GET"]}}],"collection":[{"href":"https:\/\/www.europesays.com\/de\/wp-json\/wp\/v2\/posts"}],"about":[{"href":"https:\/\/www.europesays.com\/de\/wp-json\/wp\/v2\/types\/post"}],"author":[{"embeddable":true,"href":"https:\/\/www.europesays.com\/de\/wp-json\/wp\/v2\/users\/2"}],"replies":[{"embeddable":true,"href":"https:\/\/www.europesays.com\/de\/wp-json\/wp\/v2\/comments?post=916830"}],"version-history":[{"count":0,"href":"https:\/\/www.europesays.com\/de\/wp-json\/wp\/v2\/posts\/916830\/revisions"}],"wp:featuredmedia":[{"embeddable":true,"href":"https:\/\/www.europesays.com\/de\/wp-json\/wp\/v2\/media\/916831"}],"wp:attachment":[{"href":"https:\/\/www.europesays.com\/de\/wp-json\/wp\/v2\/media?parent=916830"}],"wp:term":[{"taxonomy":"category","embeddable":true,"href":"https:\/\/www.europesays.com\/de\/wp-json\/wp\/v2\/categories?post=916830"},{"taxonomy":"post_tag","embeddable":true,"href":"https:\/\/www.europesays.com\/de\/wp-json\/wp\/v2\/tags?post=916830"}],"curies":[{"name":"wp","href":"https:\/\/api.w.org\/{rel}","templated":true}]}}