{"id":916859,"date":"2026-04-02T23:12:42","date_gmt":"2026-04-02T23:12:42","guid":{"rendered":"https:\/\/www.europesays.com\/de\/916859\/"},"modified":"2026-04-02T23:12:42","modified_gmt":"2026-04-02T23:12:42","slug":"jahresbilanz-der-bonner-wirtschaftsfoerderung-radio-bonn-rhein-sieg","status":"publish","type":"post","link":"https:\/\/www.europesays.com\/de\/916859\/","title":{"rendered":"Jahresbilanz der Bonner Wirtschaftsf\u00f6rderung &#8211; Radio Bonn \/ Rhein-Sieg"},"content":{"rendered":"<p class=\"small date article__date\">Ver\u00f6ffentlicht:\u00a0Donnerstag, 02.04.2026 13:42<\/p>\n<p>Die Wirtschaftsf\u00f6rderung der Stadt Bonn blickt auf ein erfolgreiches Jahr zur\u00fcck, sagt sie selber. Das Service Center Wirtschaft sei wieder sehr gefragt gewesen.<\/p>\n<p><img decoding=\"async\" alt=\"\" src=\"https:\/\/www.europesays.com\/de\/wp-content\/uploads\/2026\/04\/computer-767776_1280.jpg&#038;crop=0x53x1280x800&#038;resize=1280x800&#038;dt=202311191508040.jpeg\" data-size=\"1280x800\"\/>\u00a9 Pixabay | Symbolbild<\/p>\n<p>Im vergangenen Jahr habe man mehr als 240 Ansiedlungs- oder Investitionsvorhaben in der Bundesstadt begleitet. Das Team habe au\u00dferdem Bonner Unternehmen in speziellen Fragen beraten. Es ging dabei um neue Standorte, um F\u00f6rdermittel oder um Wachstumsstrategien. Bei der Bonner Post ging es etwa darum, die CO2-neutrale Zustellung in der Bonner City zu erm\u00f6glichen. Besonders gefragt war die Hilfe des Service Centers 2025 bei Gr\u00fcndungen und Start-ups. Fast 180 Gr\u00fcndungsvorhaben, damit mehr als im letzten Jahr, wurden hier begleitet, von der ersten Idee \u00fcber Gesch\u00e4ftsmodell- und Finanzierungsfragen bis hin zur Standortsuche. Das ging von der Carryfant GmbH f\u00fcr Lastenradanh\u00e4nger bis zur Proksch GmbH mit IT-L\u00f6sungen f\u00fcr den Nahverkehr.<\/p>\n","protected":false},"excerpt":{"rendered":"Ver\u00f6ffentlicht:\u00a0Donnerstag, 02.04.2026 13:42 Die Wirtschaftsf\u00f6rderung der Stadt Bonn blickt auf ein erfolgreiches Jahr zur\u00fcck, sagt sie selber. Das&hellip;\n","protected":false},"author":2,"featured_media":300805,"comment_status":"","ping_status":"","sticky":false,"template":"","format":"standard","meta":{"footnotes":"","_share_on_mastodon":"0"},"categories":[1842],"tags":[200715,1741,3364,29,30,1209,95144],"class_list":["post-916859","post","type-post","status-publish","format-standard","has-post-thumbnail","category-bonn","tag-wirtschaftsfrderung","tag-bonn","tag-de","tag-deutschland","tag-germany","tag-nordrhein-westfalen","tag-service-center"],"share_on_mastodon":{"url":"https:\/\/pubeurope.com\/@de\/116337649090423513","error":""},"_links":{"self":[{"href":"https:\/\/www.europesays.com\/de\/wp-json\/wp\/v2\/posts\/916859","targetHints":{"allow":["GET"]}}],"collection":[{"href":"https:\/\/www.europesays.com\/de\/wp-json\/wp\/v2\/posts"}],"about":[{"href":"https:\/\/www.europesays.com\/de\/wp-json\/wp\/v2\/types\/post"}],"author":[{"embeddable":true,"href":"https:\/\/www.europesays.com\/de\/wp-json\/wp\/v2\/users\/2"}],"replies":[{"embeddable":true,"href":"https:\/\/www.europesays.com\/de\/wp-json\/wp\/v2\/comments?post=916859"}],"version-history":[{"count":0,"href":"https:\/\/www.europesays.com\/de\/wp-json\/wp\/v2\/posts\/916859\/revisions"}],"wp:featuredmedia":[{"embeddable":true,"href":"https:\/\/www.europesays.com\/de\/wp-json\/wp\/v2\/media\/300805"}],"wp:attachment":[{"href":"https:\/\/www.europesays.com\/de\/wp-json\/wp\/v2\/media?parent=916859"}],"wp:term":[{"taxonomy":"category","embeddable":true,"href":"https:\/\/www.europesays.com\/de\/wp-json\/wp\/v2\/categories?post=916859"},{"taxonomy":"post_tag","embeddable":true,"href":"https:\/\/www.europesays.com\/de\/wp-json\/wp\/v2\/tags?post=916859"}],"curies":[{"name":"wp","href":"https:\/\/api.w.org\/{rel}","templated":true}]}}