{"id":916938,"date":"2026-04-02T23:59:18","date_gmt":"2026-04-02T23:59:18","guid":{"rendered":"https:\/\/www.europesays.com\/de\/916938\/"},"modified":"2026-04-02T23:59:18","modified_gmt":"2026-04-02T23:59:18","slug":"tim-cook-erklaert-seine-beziehung-zur-trump-regierung","status":"publish","type":"post","link":"https:\/\/www.europesays.com\/de\/916938\/","title":{"rendered":"Tim Cook erkl\u00e4rt seine Beziehung zur Trump-Regierung"},"content":{"rendered":"<p>            <a name=\"body\"\/><\/p>\n<p>Apple-CEO Tim Cook hat in einem aktuellen Interview mit dem Magazin Esquire seine Beziehung zur Trump-Regierung <a href=\"https:\/\/www.esquire.com\/news-politics\/a70886045\/apple-50th-anniversary\/\" rel=\"nofollow noopener\" target=\"_blank\">erl\u00e4utert<\/a>. Anl\u00e4sslich des 50. Jubil\u00e4ums von Apple sprach Cook offen \u00fcber seine Strategie im Umgang mit der US-Regierung und betonte die Bedeutung des direkten Dialogs.<\/p>\n<p>Quickread: Auf einen Blick<\/p>\n<ul>\n<li>Tim Cook bezeichnet die Trump-Regierung als sehr zug\u00e4nglich und setzt auf direkten Dialog statt Kritik von der Seitenlinie.<\/li>\n<li>Der Apple-CEO betont, dass Apples Werte zu Datenschutz, Umwelt und Bildung trotz der Kontakte unver\u00e4ndert bleiben.<\/li>\n<li>Cook sieht die weltweite Polarisierung als Problem und h\u00e4lt den Austausch unterschiedlicher Ansichten f\u00fcr wichtig.<\/li>\n<\/ul>\n<p>Dialog statt Kritik von der Seitenlinie<\/p>\n<p>Cook beschrieb die Trump-Regierung als \u201esehr zug\u00e4nglich\u201c und hob hervor, dass man seine Ansichten vorbringen k\u00f6nne, auch wenn man nicht immer \u00fcberzeugen k\u00f6nne. \u201eEngagement ist f\u00fcr mich so wichtig, nicht nur in den USA, sondern weltweit\u201c, erkl\u00e4rte der Apple-Chef. Er verwies dabei auf ein Zitat von Teddy Roosevelt in seinem Konferenzraum: \u201eEs z\u00e4hlt nicht der Kritiker.\u201c<\/p>\n<p>Der CEO machte deutlich, dass er es nie f\u00fcr eine gute Strategie gehalten habe, nur von der Seitenlinie aus zu kritisieren. \u201eDeine Stimme geht einfach im Wind unter\u201c, so Cook. Stattdessen setzt er auf pers\u00f6nliche Gespr\u00e4che und direkten Austausch.<\/p>\n<p>Konsistente Werte trotz unterschiedlicher Gespr\u00e4chspartner<\/p>\n<p>Cook betonte, dass Apples Werte und seine eigenen sich nicht ver\u00e4ndert h\u00e4tten. Das Unternehmen konzentriere sich weiterhin auf Datenschutz, Umweltschutz, Barrierefreiheit und Bildung. \u201eIhr werdet mich \u00fcberall sehen, und ihr werdet euch fragen: \u201aOh, er trifft sich mit jemandem, der eine andere Ansicht hat als er\u2018\u201c, sagte Cook. \u201eIch denke, das ist gut.\u201c<\/p>\n<p>Treuh\u00e4nderische Pflicht erkl\u00e4rt!<\/p>\n<p>Die treuh\u00e4nderische Pflicht bezeichnet die rechtliche Verpflichtung von F\u00fchrungskr\u00e4ften, im besten Interesse des Unternehmens und seiner Aktion\u00e4rinnen und Aktion\u00e4re zu handeln. CEOs m\u00fcssen Entscheidungen treffen, die den Unternehmenswert maximieren und Risiken minimieren. Im Fall von Tim Cook bedeutet dies, gute Beziehungen zur US-Regierung zu pflegen, um Apples Gesch\u00e4ftsinteressen zu sch\u00fctzen.<\/p>\n<p>Der Apple-Chef sieht in der aktuellen Polarisierung der Welt ein Problem. Unterschiedliche Ansichten w\u00fcrden nicht mehr geteilt oder diskutiert, sondern verh\u00e4rteten sich nur. Cook ist \u00fcberzeugt, dass der direkte Dialog der einzige Weg sei, um ein Gef\u00fchl f\u00fcr die komplexen lokalen Gesetze, Br\u00e4uche, Kulturen und Vorschriften verschiedener L\u00e4nder zu bekommen.<\/p>\n<p>Politik oder Politik \u2013 eine Gratwanderung<\/p>\n<p>In einem fr\u00fcheren Interview mit Good Morning America hatte Cook bereits betont, er sei \u201ekeine politische Person\u201c. \u201eIch besch\u00e4ftige mich mit Richtlinien, nicht mit Politik\u201c (\u201epolicy, not politics\u201c), erkl\u00e4rte er damals und f\u00fcgte hinzu, er stehe \u201egenau in der Mitte\u201c und konzentriere sich auf Politik.<\/p>\n<p>Diese Aussage stie\u00df allerdings nicht \u00fcberall auf Verst\u00e4ndnis. Apple-Kommentator John Gruber argumentierte beispielsweise, dass Cooks Antwort \u201enur dann Sinn ergibt, wenn man glaubt, dass Regierungsentscheidungen nicht politisch sind \u2013 was bedeutet, dass sie keinen Sinn ergibt.\u201c<\/p>\n<p>Andere wiederum sehen in Cooks Vorgehen die Erf\u00fcllung seiner treuh\u00e4nderischen Pflicht, sicherzustellen, dass Apple in gutem Verh\u00e4ltnis zur US-Regierung steht. Die Beziehung zwischen Cook und Trump hat sich in den vergangenen Jahren als durchaus fruchtbar f\u00fcr Apple erwiesen \u2013 insbesondere bei der Aushandlung von Zollbefreiungen f\u00fcr iPhone und andere Apple-Produkte.<\/p>\n<p>Cook hat in der Vergangenheit mehrfach das Wei\u00dfe Haus besucht, an Trumps zweiter Amtseinf\u00fchrung teilgenommen und dem Pr\u00e4sidenten sogar ein Geschenk aus Glas mit 24-kar\u00e4tigem Goldsockel \u00fcberreicht. Zudem spendete er pers\u00f6nlich eine Million US-Dollar f\u00fcr Trumps Amtseinf\u00fchrungsfonds.<\/p>\n<p>Trotz dieser engen Kontakte betont Cook weiterhin, dass Apples grundlegende Werte \u2013 die gemeinhin als progressiv gelten, insbesondere in sozialen und \u00f6kologischen Fragen \u2013 unver\u00e4ndert bleiben.<\/p>\n","protected":false},"excerpt":{"rendered":"Apple-CEO Tim Cook hat in einem aktuellen Interview mit dem Magazin Esquire seine Beziehung zur Trump-Regierung erl\u00e4utert. Anl\u00e4sslich&hellip;\n","protected":false},"author":2,"featured_media":916939,"comment_status":"","ping_status":"","sticky":false,"template":"","format":"standard","meta":{"footnotes":"","_share_on_mastodon":"0"},"categories":[135],"tags":[231,1619,63771,29,11809,106,30,1974,190,189,194,191,10928,11717,113,200729,193,192],"class_list":["post-916938","post","type-post","status-publish","format-standard","has-post-thumbnail","category-wissenschaft-technik","tag-apple","tag-beziehung","tag-cook","tag-deutschland","tag-donald","tag-donald-trump","tag-germany","tag-panorama","tag-science","tag-science-technology","tag-technik","tag-technology","tag-tim","tag-tim-cook","tag-trump","tag-trump-kontakte","tag-wissenschaft","tag-wissenschaft-technik"],"share_on_mastodon":{"url":"https:\/\/pubeurope.com\/@de\/116337833955826409","error":""},"_links":{"self":[{"href":"https:\/\/www.europesays.com\/de\/wp-json\/wp\/v2\/posts\/916938","targetHints":{"allow":["GET"]}}],"collection":[{"href":"https:\/\/www.europesays.com\/de\/wp-json\/wp\/v2\/posts"}],"about":[{"href":"https:\/\/www.europesays.com\/de\/wp-json\/wp\/v2\/types\/post"}],"author":[{"embeddable":true,"href":"https:\/\/www.europesays.com\/de\/wp-json\/wp\/v2\/users\/2"}],"replies":[{"embeddable":true,"href":"https:\/\/www.europesays.com\/de\/wp-json\/wp\/v2\/comments?post=916938"}],"version-history":[{"count":0,"href":"https:\/\/www.europesays.com\/de\/wp-json\/wp\/v2\/posts\/916938\/revisions"}],"wp:featuredmedia":[{"embeddable":true,"href":"https:\/\/www.europesays.com\/de\/wp-json\/wp\/v2\/media\/916939"}],"wp:attachment":[{"href":"https:\/\/www.europesays.com\/de\/wp-json\/wp\/v2\/media?parent=916938"}],"wp:term":[{"taxonomy":"category","embeddable":true,"href":"https:\/\/www.europesays.com\/de\/wp-json\/wp\/v2\/categories?post=916938"},{"taxonomy":"post_tag","embeddable":true,"href":"https:\/\/www.europesays.com\/de\/wp-json\/wp\/v2\/tags?post=916938"}],"curies":[{"name":"wp","href":"https:\/\/api.w.org\/{rel}","templated":true}]}}