{"id":916969,"date":"2026-04-03T00:18:47","date_gmt":"2026-04-03T00:18:47","guid":{"rendered":"https:\/\/www.europesays.com\/de\/916969\/"},"modified":"2026-04-03T00:18:47","modified_gmt":"2026-04-03T00:18:47","slug":"politik-faengt-unter-freunden-an-lokale-nachrichten-aus-leopoldshoehe","status":"publish","type":"post","link":"https:\/\/www.europesays.com\/de\/916969\/","title":{"rendered":"Politik f\u00e4ngt unter Freunden an | Lokale Nachrichten aus Leopoldsh\u00f6he"},"content":{"rendered":"<p id=\"absatz1\">Leopoldsh\u00f6he. Dass Nachwuchs in der lokalen Politik unentbehrlich ist, ist wohl unstrittig. Auch in Leopoldsh\u00f6he gibt es einige junge Gesichter im Gemeinderat. Sie eint: Alle sind h\u00f6chstens 30 Jahre alt. Heute geht es um Rouven Diekmann (FDP) \u2013 mit 22 das derzeit j\u00fcngste Ratsmitglied.<\/p>\n<p id=\"absatz2\" class=\"em_text\">Wie kann man junge Menschen f\u00fcr Politik begeistern? Diese Frage besch\u00e4ftigt viele Parteien, auch auf kommunaler Ebene. Um Nachwuchs zu gewinnen, setzen sie zunehmend auf soziale Medien, hoffen, dort Interesse zu wecken und Einblicke in die politische Arbeit vor Ort zu geben.<\/p>\n<p id=\"absatz3\" class=\"em_text\">Auch im Gespr\u00e4ch mit Rouven Diekmann kommt diese Frage schnell auf. Der 22-J\u00e4hrige ist das j\u00fcngste Mitglied im Gemeinderat von Leopoldsh\u00f6he und vertritt dort die FDP. Seine eigene politische Laufbahn zeigt: Oft sind es pers\u00f6nliche Kontakte, die den ersten Ansto\u00df geben. Bei ihm war es ein Schulfreund, der sein Interesse an politischen Themen geweckt hat.<\/p>\n<p id=\"absatz4\" class=\"em_text\">Gemeinsam besuchten sie die Oberstufe und diskutierten nicht nur im Unterricht oder auf dem Pausenhof, sondern auch in ihrer Freizeit regelm\u00e4\u00dfig \u00fcber das politische Geschehen. Besonders der Sozialwissenschaftsunterricht hinterlie\u00df Spuren. \u201eDas war kein trockenes Fach, sondern eines, das zum Mitdenken eingeladen hat\u201c, sagt Diekmann r\u00fcckblickend.<\/p>\n<p id=\"absatz5\" class=\"em_text\">Seit rund f\u00fcnf Jahren ist Diekmann Mitglied der FDP. Er ist in Leopoldsh\u00f6he verwurzelt, besuchte den Kindergarten \u201eKleine Strolche\u201c und lebt bis heute in der Gemeinde. Nach seinem Abitur in Bielefeld studierte er Wirtschaftswissenschaften an der Universit\u00e4t Paderborn.<\/p>\n<p id=\"absatz6\" class=\"em_text\">Bei der Kommunalwahl 2025 kandidierte er erstmals f\u00fcr den Gemeinderat. \u00dcber die Reserveliste zog er schlie\u00dflich in das politische Gremium ein \u2013 als einziger Vertreter der Liberalen. Eine Rolle, die nicht nur Verantwortung, sondern auch eine gewisse Eigenst\u00e4ndigkeit mit sich bringt. Ohne Fraktion im R\u00fccken fehle mitunter der R\u00fcckhalt. \u201eMan f\u00fchlt sich manchmal etwas abgesondert\u201c, sagt Diekmann. \u201eDer Einfluss, den man am Ende wirklich hat, ist vielleicht etwas begrenzt im Vergleich zu den Fraktionen\u201c, sagt Diekmann. Letztendlich h\u00e4nge jedoch vieles von den jeweiligen Mehrheitsverh\u00e4ltnissen im Rat ab.<\/p>\n<p>Sein Fokus liegt auf den Finanzen<\/p>\n<p id=\"absatz7\" class=\"em_text\">Der 22-J\u00e4hrige arbeitet in Vollzeit als Wirtschaftspr\u00fcfungsassistent in Bielefeld. Zahlen, Strukturen, Verantwortung \u2013 das sind Themen, die ihn auch politisch leiten. Sein Fokus liegt klar auf der Haushaltskonsolidierung der Gemeinde. \u201eIch glaube, dass man nur mit einem verantwortungsvollen Umgang mit Finanzen langfristig investieren kann\u201c, sagt er. Gro\u00dfe Projekte wie das Baugebiet Brunsheide, das vor allem f\u00fcr junge Familien attraktiv sei, seien nur realistisch, wenn die Gemeinde finanziell solide aufgestellt ist.<\/p>\n<p id=\"absatz8\" class=\"em_text\">Trotz aller Herausforderungen sieht Diekmann seine Position nicht als B\u00fcrde, sondern als Signal. Junge Menschen seien mehr als nur eine Randnotiz, sie k\u00f6nnen Vorbilder sein. \u201eEs braucht junge Leute in der Politik, damit andere \u00fcberhaupt auf den Zug aufspringen\u201c, sagt er. So k\u00f6nnten sie sehen, dass man auch in jungen Jahren etwas bewegen kann.<\/p>\n<p id=\"absatz9\" class=\"em_text\">Sein Rat an Gleichaltrige: einfach den ersten Schritt wagen und Kontakt aufnehmen. \u201ePolitik wirkt nach au\u00dfen manchmal verschlossener, als sie eigentlich ist\u201c, sagt er. Wenn er gerade nicht arbeitet oder politische Themen w\u00e4lzt, findet man Diekmann oft drau\u00dfen in der Natur beim Wandern.<\/p>\n<p id=\"absatz10\" class=\"em_text\">Und noch eine Leidenschaft hat der junge Kommunalpolitiker: Kaffee. Ein Besuch im Caf\u00e9 geh\u00f6rt f\u00fcr ihn zu den kleinen Auszeiten vom beruflichen und politischen Alltag. <\/p>\n","protected":false},"excerpt":{"rendered":"Leopoldsh\u00f6he. Dass Nachwuchs in der lokalen Politik unentbehrlich ist, ist wohl unstrittig. Auch in Leopoldsh\u00f6he gibt es einige&hellip;\n","protected":false},"author":2,"featured_media":916970,"comment_status":"","ping_status":"","sticky":false,"template":"","format":"standard","meta":{"footnotes":"","_share_on_mastodon":"0"},"categories":[1841],"tags":[1605,3364,29,187,26064,30,2839,44422,23316,9307,29209,3648,16362,1209,200735],"class_list":["post-916969","post","type-post","status-publish","format-standard","has-post-thumbnail","category-bielefeld","tag-bielefeld","tag-de","tag-deutschland","tag-fdp","tag-gemeinderat","tag-germany","tag-kommunalpolitik","tag-label_100-xl","tag-label_150-xxl","tag-label_foto","tag-leopoldshhe","tag-lokalpolitik","tag-meta_userneeds_inspirieremich","tag-nordrhein-westfalen","tag-rouven-diekmann"],"share_on_mastodon":{"url":"https:\/\/pubeurope.com\/@de\/116337908419514936","error":""},"_links":{"self":[{"href":"https:\/\/www.europesays.com\/de\/wp-json\/wp\/v2\/posts\/916969","targetHints":{"allow":["GET"]}}],"collection":[{"href":"https:\/\/www.europesays.com\/de\/wp-json\/wp\/v2\/posts"}],"about":[{"href":"https:\/\/www.europesays.com\/de\/wp-json\/wp\/v2\/types\/post"}],"author":[{"embeddable":true,"href":"https:\/\/www.europesays.com\/de\/wp-json\/wp\/v2\/users\/2"}],"replies":[{"embeddable":true,"href":"https:\/\/www.europesays.com\/de\/wp-json\/wp\/v2\/comments?post=916969"}],"version-history":[{"count":0,"href":"https:\/\/www.europesays.com\/de\/wp-json\/wp\/v2\/posts\/916969\/revisions"}],"wp:featuredmedia":[{"embeddable":true,"href":"https:\/\/www.europesays.com\/de\/wp-json\/wp\/v2\/media\/916970"}],"wp:attachment":[{"href":"https:\/\/www.europesays.com\/de\/wp-json\/wp\/v2\/media?parent=916969"}],"wp:term":[{"taxonomy":"category","embeddable":true,"href":"https:\/\/www.europesays.com\/de\/wp-json\/wp\/v2\/categories?post=916969"},{"taxonomy":"post_tag","embeddable":true,"href":"https:\/\/www.europesays.com\/de\/wp-json\/wp\/v2\/tags?post=916969"}],"curies":[{"name":"wp","href":"https:\/\/api.w.org\/{rel}","templated":true}]}}