{"id":917067,"date":"2026-04-03T01:14:23","date_gmt":"2026-04-03T01:14:23","guid":{"rendered":"https:\/\/www.europesays.com\/de\/917067\/"},"modified":"2026-04-03T01:14:23","modified_gmt":"2026-04-03T01:14:23","slug":"gaeste-und-thema-am-2-4-26","status":"publish","type":"post","link":"https:\/\/www.europesays.com\/de\/917067\/","title":{"rendered":"G\u00e4ste und Thema am 2.4.26"},"content":{"rendered":"<p class=\"mb-6 text-xs md:text-m lg:text-l font-serif group-[.font-sans]:font-sans \">\n    Im Polittalk \u201e<a href=\"https:\/\/www.augsburger-allgemeine.de\/personen\/aa-markus-lanz\" target=\"_self\" class=\"underline \" rel=\"nofollow noopener\">Markus Lanz<\/a>\u201c diskutieren verschiedene G\u00e4ste \u00fcber jeweils aktuelle, gesellschaftlich und politisch relevante Ereignisse. Die Gespr\u00e4chsteilnehmer kommen dabei meist aus der Politik, der Wissenschaft oder dem Journalismus. In der Regel l\u00e4dt Gastgeber Markus Lanz dreimal w\u00f6chentlich seine G\u00e4ste in das ZDF-Studio ein. Abweichungen davon gibt es meist nur, wenn der Sender zur selben Zeit live von aktuellen Veranstaltungen berichtet, wie zum Beispiel von Fu\u00dfballspielen.\n  <\/p>\n<p class=\"mb-6 text-xs md:text-m lg:text-l font-serif group-[.font-sans]:font-sans \">\n    Auch am heutigen Donnerstag, dem 2. April 2026 gibt es wieder eine Folge von \u201eMarkus Lanz\u201c. Welche G\u00e4ste heute an den Gespr\u00e4chen teilnehmen, welches Thema diskutiert wird und wann die Sendung genau ausgestrahlt wird, erfahren Sie hier.\n  <\/p>\n<p>            Wo l\u00e4uft \u201eMarkus Lanz\u201c heute am Donnerstag?<\/p>\n<p class=\"mb-6 text-xs md:text-m lg:text-l font-serif group-[.font-sans]:font-sans \">\n    Die Talkshow \u201eMarkus Lanz\u201c hat ihren festen Sendeplatz. Von diesem weicht auch die Ausgabe am Donnerstag, dem 2.4.26 nicht ab. So wird die Sendung auch heute im ZDF \u00fcbertragen. Los geht es mit der \u00dcbertragung um 23 Uhr. Parallel zur <a href=\"https:\/\/www.augsburger-allgemeine.de\/panorama\/tv\" target=\"_self\" class=\"underline \" rel=\"nofollow noopener\">TV<\/a>-Ausstrahlung bietet das ZDF auf seiner Website auch einen Live-Stream an. Wollen Sie die Talkshow also lieber \u00fcber das Internet ansehen, \u00f6ffnen Sie einfach den <a href=\"https:\/\/www.zdf.de\/live-tv\" rel=\"nofollow noopener\" target=\"_blank\" class=\"underline \">Live-Stream<\/a> zum Start der Sendung um 23 Uhr.\n  <\/p>\n<ul rel=\"\" class=\"[&amp;&gt;li]:relative list-none  [&amp;&gt;li]:pl-[1.2em] [&amp;&gt;li]:marker:text-[0] [&amp;&gt;li]:relative [&amp;&gt;li]:before:absolute [&amp;&gt;li]:before:w-3 [&amp;&gt;li]:before:h-3 [&amp;&gt;li]:before:bg-brand [&amp;&gt;li]:before:left-0 [&amp;&gt;li]:before:top-[8px] [&amp;&gt;li]:before:rounded-full  my-5\">\n<li class=\" mb-3 text-xs md:text-m lg:text-l\">Was? \u201eMarkus Lanz\u201c<\/li>\n<li class=\" mb-3 text-xs md:text-m lg:text-l\">Wann? Donnerstag, 2.4.26, 23 Uhr<\/li>\n<li class=\" mb-3 text-xs md:text-m lg:text-l\">Wo? ZDF (TV), ZDF-Livestream (Online)<\/li>\n<\/ul>\n<p>            Thema bei \u201eMarkus Lanz\u201c heute am 2.4.26<\/p>\n<p class=\"mb-6 text-xs md:text-m lg:text-l font-serif group-[.font-sans]:font-sans \">\n    Im Polittalk \u201eMarkus Lanz\u201c werden am heutigen Donnerstag, dem 2. April 2026, zwei gr\u00f6\u00dfere Themenbl\u00f6cke besprochen.\n  <\/p>\n<p class=\"mb-6 text-xs md:text-m lg:text-l font-serif group-[.font-sans]:font-sans \">\n    Einerseits diskutieren die G\u00e4ste \u00fcber die deutsche Politiklandschaft, im Speziellen \u00fcber das Scheitern der Ampelkoalition im deutschen Bundestag im Jahr 2024. Dabei richten die Gespr\u00e4chspartner einen besonderen Fokus auf die <a href=\"https:\/\/www.augsburger-allgemeine.de\/organisationen\/aa-fdp\" target=\"_self\" class=\"underline \" rel=\"nofollow noopener\">FDP<\/a>, zu der auch \u00fcber das Ende der Regierung hinaus in der Talkshow gesprochen wird. Dabei kommt unter anderem der fr\u00fcherer FDP-Politiker Volker Wissing zu Wort.\n  <\/p>\n<p class=\"mb-6 text-xs md:text-m lg:text-l font-serif group-[.font-sans]:font-sans \">\n    Den zweiten Block machen die Beziehungen zwischen China und Taiwan aus. Zu diesem Thema reden die G\u00e4ste bei \u201eMarkus Lanz\u201c \u00fcber die Pl\u00e4ne des chinesischen Pr\u00e4sidenten Xi Jinping und die globalen Folgen eines potenziellen milit\u00e4rischen Eingriffs Chinas in Taiwan.\n  <\/p>\n<p>            \u201eMarkus Lanz\u201c heute: G\u00e4ste am 2.4.26<\/p>\n<p class=\"mb-6 text-xs md:text-m lg:text-l font-serif group-[.font-sans]:font-sans \">\n    Im Polittalk \u201eMarkus Lanz\u201c nehmen meist vier oder f\u00fcnf G\u00e4ste im ZDF-Studio Platz. So ist es auch in der Folge vom 2. April 2026. Diese vier Personen sprechen heute in der Talkshow \u00fcber aktuelle Themen:\n  <\/p>\n<ul rel=\"\" class=\"[&amp;&gt;li]:relative list-none  [&amp;&gt;li]:pl-[1.2em] [&amp;&gt;li]:marker:text-[0] [&amp;&gt;li]:relative [&amp;&gt;li]:before:absolute [&amp;&gt;li]:before:w-3 [&amp;&gt;li]:before:h-3 [&amp;&gt;li]:before:bg-brand [&amp;&gt;li]:before:left-0 [&amp;&gt;li]:before:top-[8px] [&amp;&gt;li]:before:rounded-full  my-5\">\n<li class=\" mb-3 text-xs md:text-m lg:text-l\">Volker Wissing (fr\u00fcherer Verkehrsminister): Wissing war Bundesminister der ehemaligen Ampelkoalition. 2024 verlie\u00df er die FDP, war aber weiterhin im Bundestag. Bei \u201eMarkus Lanz\u201c erl\u00e4utert er seine Sicht auf seine ehemalige Partei und das Ende der Ampelregierung.<\/li>\n<li class=\" mb-3 text-xs md:text-m lg:text-l\">Antje H\u00f6ning (Journalistin): Die Redakteurin der Rheinischen Post analysiert die politische Arbeit von Volker Wissing und die Ursachen f\u00fcr die Krise der FDP.<\/li>\n<li class=\" mb-3 text-xs md:text-m lg:text-l\">Andreas Fulda (Politikwissenschaftler): Fulda besch\u00e4ftigt sich mit der M\u00f6glichkeit des milit\u00e4rischen Einschreitens Chinas in Taiwan. Bei \u201eMarkus Lanz\u201c erkl\u00e4rt er die globalen Folgen eines solchen Schritts.<\/li>\n<li class=\" mb-3 text-xs md:text-m lg:text-l\">Felix Lee (Autor): Der deutsch-chinesische Autor befasst sich mit der Beziehung zwischen China und Taiwan und spricht \u00fcber die Ziele des chinesischen Pr\u00e4sidenten Xi Jinping.<\/li>\n<\/ul>\n<p>            Folge verpasst? \u201eMarkus Lanz\u201c in der Wiederholung sehen<\/p>\n<p class=\"mb-6 text-xs md:text-m lg:text-l font-serif group-[.font-sans]:font-sans \">\n    Kommen Sie nicht dazu, die heutige Ausgabe von \u201eMarkus Lanz\u201c live im TV anzusehen, ist das kein Problem. Zwar gibt es im linearen TV-Programm keine Wiederholungen des Polittalks, allerdings k\u00f6nnen Sie die Sendung online auch nach der Ausstrahlung noch abrufen. Ab Freitag, dem 3.4.26 um 1 Uhr nachts steht die Ausgabe vom Donnerstag, dem 2. April, in der <a href=\"https:\/\/www.zdf.de\/talk\/markus-lanz-114\" rel=\"nofollow noopener\" target=\"_blank\" class=\"underline \">ZDF-Mediathek<\/a> auf Abruf bereit. Ganze zwei Jahre, also bis zum 2. April 2028, k\u00f6nnen Sie sie dort ansehen. In der Mediathek k\u00f6nnen Sie auch weitere, bereits ausgestrahlte Folgen von \u201eMarkus Lanz\u201c ansehen.\n  <\/p>\n<p>            Sendetermine: Wann l\u00e4uft \u201eMarkus Lanz\u201c n\u00e4chste Woche?<\/p>\n<p class=\"mb-6 text-xs md:text-m lg:text-l font-serif group-[.font-sans]:font-sans \">\n    In der Regel wird die Talkshow \u201eMarkus Lanz\u201c dreimal w\u00f6chentlich ausgestrahlt, und zwar dienstags, mittwochs und donnerstags. In der kommenden Woche vom 6. April bis zum 12. April 2026 folgt das ZDF diesem Vorgehen. Die Folge am Mittwoch, dem 8.4.26 wird allerdings etwas sp\u00e4ter als \u00fcblich gezeigt, n\u00e4mlich erst um 0 Uhr. Streng genommen laufen daher am Donnerstag zwei Ausgaben, eine in der Nacht vom Mittwoch auf Donnerstag und eine am Donnerstagabend. Das sind die genauen Sendetermine von \u201eMarkus Lanz\u201c in der kommenden Woche:\n  <\/p>\n<ul rel=\"\" class=\"[&amp;&gt;li]:relative list-none  [&amp;&gt;li]:pl-[1.2em] [&amp;&gt;li]:marker:text-[0] [&amp;&gt;li]:relative [&amp;&gt;li]:before:absolute [&amp;&gt;li]:before:w-3 [&amp;&gt;li]:before:h-3 [&amp;&gt;li]:before:bg-brand [&amp;&gt;li]:before:left-0 [&amp;&gt;li]:before:top-[8px] [&amp;&gt;li]:before:rounded-full  my-5\">\n<li class=\" mb-3 text-xs md:text-m lg:text-l\">Dienstag, 7. April 2026: 23.15 Uhr (ZDF)<\/li>\n<li class=\" mb-3 text-xs md:text-m lg:text-l\">Donnerstag, 9. April 2026: 0 Uhr (ZDF)<\/li>\n<li class=\" mb-3 text-xs md:text-m lg:text-l\">Donnerstag, 9. April 2026: 23.15 Uhr (ZDF)<\/li>\n<\/ul>\n<ul data-module-id=\"DragDropModule\" class=\"flex flex-wrap justify-start group-[.no-bookmarks]:hidden\">\n<li class=\"mb-3 mr-3\">\n    Damian Meier<\/p>\n<p>      Icon Haken im Kreis gesetzt<\/p>\n<p>      Icon Plus im Kreis<\/p>\n<\/li>\n<li class=\"mb-3 mr-3\">\n    Markus Lanz<\/p>\n<p>      Icon Haken im Kreis gesetzt<\/p>\n<p>      Icon Plus im Kreis<\/p>\n<\/li>\n<li class=\"mb-3 mr-3\">\n    ZDF<\/p>\n<p>      Icon Haken im Kreis gesetzt<\/p>\n<p>      Icon Plus im Kreis<\/p>\n<\/li>\n<\/ul>\n","protected":false},"excerpt":{"rendered":"Im Polittalk \u201eMarkus Lanz\u201c diskutieren verschiedene G\u00e4ste \u00fcber jeweils aktuelle, gesellschaftlich und politisch relevante Ereignisse. Die Gespr\u00e4chsteilnehmer kommen&hellip;\n","protected":false},"author":2,"featured_media":863834,"comment_status":"","ping_status":"","sticky":false,"template":"","format":"standard","meta":{"footnotes":"","_share_on_mastodon":"0"},"categories":[1773],"tags":[1180,227,29,214,187,30,2496,16,80487,471,1780,650,684,215,5467,1448],"class_list":["post-917067","post","type-post","status-publish","format-standard","has-post-thumbnail","category-serien","tag-bundestag","tag-china","tag-deutschland","tag-entertainment","tag-fdp","tag-germany","tag-markus-lanz","tag-politik","tag-polittalk","tag-serien","tag-series","tag-taiwan","tag-tv","tag-unterhaltung","tag-volker-wissing","tag-zdf"],"share_on_mastodon":{"url":"https:\/\/pubeurope.com\/@de\/116338128661078314","error":""},"_links":{"self":[{"href":"https:\/\/www.europesays.com\/de\/wp-json\/wp\/v2\/posts\/917067","targetHints":{"allow":["GET"]}}],"collection":[{"href":"https:\/\/www.europesays.com\/de\/wp-json\/wp\/v2\/posts"}],"about":[{"href":"https:\/\/www.europesays.com\/de\/wp-json\/wp\/v2\/types\/post"}],"author":[{"embeddable":true,"href":"https:\/\/www.europesays.com\/de\/wp-json\/wp\/v2\/users\/2"}],"replies":[{"embeddable":true,"href":"https:\/\/www.europesays.com\/de\/wp-json\/wp\/v2\/comments?post=917067"}],"version-history":[{"count":0,"href":"https:\/\/www.europesays.com\/de\/wp-json\/wp\/v2\/posts\/917067\/revisions"}],"wp:featuredmedia":[{"embeddable":true,"href":"https:\/\/www.europesays.com\/de\/wp-json\/wp\/v2\/media\/863834"}],"wp:attachment":[{"href":"https:\/\/www.europesays.com\/de\/wp-json\/wp\/v2\/media?parent=917067"}],"wp:term":[{"taxonomy":"category","embeddable":true,"href":"https:\/\/www.europesays.com\/de\/wp-json\/wp\/v2\/categories?post=917067"},{"taxonomy":"post_tag","embeddable":true,"href":"https:\/\/www.europesays.com\/de\/wp-json\/wp\/v2\/tags?post=917067"}],"curies":[{"name":"wp","href":"https:\/\/api.w.org\/{rel}","templated":true}]}}