{"id":917126,"date":"2026-04-03T01:47:16","date_gmt":"2026-04-03T01:47:16","guid":{"rendered":"https:\/\/www.europesays.com\/de\/917126\/"},"modified":"2026-04-03T01:47:16","modified_gmt":"2026-04-03T01:47:16","slug":"russland-verliert-im-maerz-erstmals-seit-jahren-boden","status":"publish","type":"post","link":"https:\/\/www.europesays.com\/de\/917126\/","title":{"rendered":"Russland verliert im M\u00e4rz erstmals seit Jahren Boden"},"content":{"rendered":"<p>Krieg in der Ukraine <\/p>\n<p>ISW-Daten: Russland verliert erstmals seit Jahren Boden<\/p>\n<p>03.04.2026 &#8211; 01:24 UhrLesedauer: 2 Min.<\/p>\n<p><a href=\"#focus-0\" class=\"transition-colors duration-200 block text-current relative\" data-sctrack=\"FocusGalleryImage.Reference\"><img fetchpriority=\"high\" data-testid=\"Opener.Image\" style=\"--lqipURL:url('https:\/\/images.t-online.de\/2026\/04\/9yxOpqpu8wDR\/0x222:4000x2250\/fit-in\/150x0\/filters:blur(25)\/russische-soldaten-bei-einem-training-im-maerz-konnten-die-truppen-keine-gelaendegewinne-verzeichnen-archivbild.jpg')\"   loading=\"eager\" src=\"https:\/\/www.europesays.com\/de\/wp-content\/uploads\/2026\/04\/russische-soldaten-bei-einem-training-im-maerz-konnten-die-truppen-keine-gelaendegewinne-verzeichnen.jpeg\" alt=\"Russische Soldaten bei einem Training: Im M\u00e4rz konnten die Truppen keine Gel\u00e4ndegewinne verzeichnen. (Archivbild)\" title=\"Russische Soldaten bei einem Training: Im M\u00e4rz konnten die Truppen keine Gel\u00e4ndegewinne verzeichnen. (Archivbild)\" width=\"4000\" height=\"2250\" class=\"bg-[url:var(--lqipURL)] bg-cover bg-center flex h-full w-full max-w-full\" decoding=\"async\"\/><img style=\"--width:32;--height:32\" loading=\"lazy\" src=\"https:\/\/www.t-online.de\/s\/paper\/_next\/static\/media\/zoom-in.f7dae02f.svg\" alt=\"Vergr\u00f6\u00dfern des Bildes\" title=\"Vergr\u00f6\u00dfern des Bildes\" class=\"block h-[calc(var(--height)_\/_16_*_1rem)] w-[calc(var(--width)_\/_16_*_1rem)] max-w-none absolute bottom-8 right-8 rounded-4 bg-snow p-8\" decoding=\"async\"\/><\/a><\/p>\n<p>Ein russischer Soldat bei einem Training: Im M\u00e4rz konnten die Moskauer Truppen keine Gel\u00e4ndegewinne verzeichnen. (Archivbild) (Quelle: IMAGO\/Stanislav Krasilnikov\/imago)<\/p>\n<p class=\"font-bold text-18 leading-17 user-text-lg:text-22 user-text-xl:text-24\">Der russische Vormarsch in der Ukraine verliert deutlich an Fahrt. Das zeigen Daten des ISW. Die Ukraine hingehen kommt voran.<\/p>\n<p class=\"text-18 leading-17 user-text-lg:text-22 user-text-xl:text-24\">Im M\u00e4rz 2026 erzielte <a class=\"transition-colors duration-200 cursor-pointer text-inherit no-underline text-salemsfur md:hover:text-magenta md:hover:border-magenta md:focus:text-magenta border-current border-b border-solid break-words\" data-tracking=\"{&quot;action&quot;:&quot;click&quot;,&quot;category&quot;:&quot;intextLink&quot;,&quot;label&quot;:&quot;\/themen\/russland\/&quot;}\" href=\"https:\/\/www.t-online.de\/themen\/russland\/\" data-sctrack=\"BodyAnchor\" rel=\"nofollow noopener\" target=\"_blank\">Russland<\/a> erstmals seit zweieinhalb Jahren keine Gel\u00e4ndegewinne in der <a class=\"transition-colors duration-200 cursor-pointer text-inherit no-underline text-salemsfur md:hover:text-magenta md:hover:border-magenta md:focus:text-magenta border-current border-b border-solid break-words\" data-tracking=\"{&quot;action&quot;:&quot;click&quot;,&quot;category&quot;:&quot;intextLink&quot;,&quot;label&quot;:&quot;\/themen\/ukraine\/&quot;}\" href=\"https:\/\/www.t-online.de\/themen\/ukraine\/\" data-sctrack=\"BodyAnchor\" rel=\"nofollow noopener\" target=\"_blank\">Ukraine<\/a>. Das geht aus einer AFP-Auswertung von Daten des US-Instituts f\u00fcr Kriegsstudien hervor. Ukrainische Kr\u00e4fte eroberten demnach neun Quadratkilometer zur\u00fcck.<\/p>\n<p class=\"text-18 leading-17 user-text-lg:text-22 user-text-xl:text-24\">Der russische Vormarsch verlor demnach entlang der gesamten Front an Tempo. Im Januar 2026 gewann die russische Armee noch 319 Quadratkilometer, im Februar waren es 123 Quadratkilometer \u2013 die geringsten Zugewinne seit April 2024. In den ersten drei Monaten dieses Jahres fielen die russischen Gel\u00e4ndegewinne halb so gro\u00df aus wie im Vorjahreszeitraum.<\/p>\n<p class=\"text-18 leading-17 user-text-lg:text-22 user-text-xl:text-24\">Besonders deutlich zeigt sich der R\u00fcckgang im s\u00fcdlichen Frontbereich zwischen den Regionen Donezk und Dnipropetrowsk. Ende Januar kontrollierte Russland dort noch mehr als 400 Quadratkilometer. Im Februar schrumpfte dieses Gebiet auf 200 Quadratkilometer, im M\u00e4rz auf 144 Quadratkilometer. In der weiter n\u00f6rdlich gelegenen Region Donezk war die Lage f\u00fcr die ukrainische Armee zuletzt laut ISW vergleichsweise schwierig.<\/p>\n<p class=\"text-18 leading-17 user-text-lg:text-22 user-text-xl:text-24\">Als Ursachen f\u00fcr die Verlangsamung nennt das ISW ukrainische Gegenoffensiven im S\u00fcdosten der Ukraine seit Ende 2025. Hinzu k\u00e4men Ma\u00dfnahmen gegen die Nutzung des Satellitennetzes <a class=\"transition-colors duration-200 cursor-pointer text-inherit no-underline text-salemsfur md:hover:text-magenta md:hover:border-magenta md:focus:text-magenta border-current border-b border-solid break-words\" data-tracking=\"{&quot;action&quot;:&quot;click&quot;,&quot;category&quot;:&quot;intextLink&quot;,&quot;label&quot;:&quot;\/themen\/starlink\/&quot;}\" href=\"https:\/\/www.t-online.de\/themen\/starlink\/\" data-sctrack=\"BodyAnchor\" rel=\"nofollow noopener\" target=\"_blank\">Starlink<\/a> durch russische Truppen sowie &#8222;die Bem\u00fchungen des Kremls, den Zugang zu Telegram einzuschr\u00e4nken&#8220; \u2013 der Messenger-Dienst ist auch unter russischen Soldaten zur Kommunikation untereinander verbreitet.<\/p>\n<p class=\"text-18 leading-17 user-text-lg:text-22 user-text-xl:text-24\">Vier Jahre nach Beginn der Invasion kontrolliert <a class=\"transition-colors duration-200 cursor-pointer text-inherit no-underline text-salemsfur md:hover:text-magenta md:hover:border-magenta md:focus:text-magenta border-current border-b border-solid break-words\" data-tracking=\"{&quot;action&quot;:&quot;click&quot;,&quot;category&quot;:&quot;intextLink&quot;,&quot;label&quot;:&quot;\/themen\/moskau\/&quot;}\" href=\"https:\/\/www.t-online.de\/themen\/moskau\/\" data-sctrack=\"BodyAnchor\" rel=\"nofollow noopener\" target=\"_blank\">Moskau<\/a> knapp ein F\u00fcnftel des ukrainischen Staatsgebiets. Den Gro\u00dfteil davon hatte Russland in den ersten Kriegswochen erobert. Im vergangenen Jahr gewann die russische Armee mehr Gebiete als in den vorangegangenen 24 Monaten zusammen.<\/p>\n<p class=\"text-18 leading-17 user-text-lg:text-22 user-text-xl:text-24\">Die Auswertung entstand in Zusammenarbeit mit dem Critical Threats Project, einem weiteren US-Thinktank. Sie ber\u00fccksichtigt keine Vorst\u00f6\u00dfe einzelner russischer Soldaten jenseits der Front. Gel\u00e4ndeeroberungen, die Russland verk\u00fcndet hat, das ISW jedoch weder best\u00e4tigt noch dementiert hat, flie\u00dfen ebenfalls nicht ein.<\/p>\n","protected":false},"excerpt":{"rendered":"Krieg in der Ukraine ISW-Daten: Russland verliert erstmals seit Jahren Boden 03.04.2026 &#8211; 01:24 UhrLesedauer: 2 Min. Ein&hellip;\n","protected":false},"author":2,"featured_media":917127,"comment_status":"","ping_status":"","sticky":false,"template":"","format":"standard","meta":{"footnotes":"","_share_on_mastodon":"0"},"categories":[4012],"tags":[722,1217,17161,331,332,6077,95691,13,308,14,15,307,12,317,312,61448],"class_list":["post-917126","post","type-post","status-publish","format-standard","has-post-thumbnail","category-ukraine","tag-722","tag-1217","tag-17161","tag-aktuelle-nachrichten","tag-aktuelle-news","tag-donezk","tag-gelaendegewinn","tag-headlines","tag-moskau","tag-nachrichten","tag-news","tag-russland","tag-schlagzeilen","tag-ukraine","tag-ukrainekrieg","tag-vormarsch"],"share_on_mastodon":{"url":"https:\/\/pubeurope.com\/@de\/116338259008323698","error":""},"_links":{"self":[{"href":"https:\/\/www.europesays.com\/de\/wp-json\/wp\/v2\/posts\/917126","targetHints":{"allow":["GET"]}}],"collection":[{"href":"https:\/\/www.europesays.com\/de\/wp-json\/wp\/v2\/posts"}],"about":[{"href":"https:\/\/www.europesays.com\/de\/wp-json\/wp\/v2\/types\/post"}],"author":[{"embeddable":true,"href":"https:\/\/www.europesays.com\/de\/wp-json\/wp\/v2\/users\/2"}],"replies":[{"embeddable":true,"href":"https:\/\/www.europesays.com\/de\/wp-json\/wp\/v2\/comments?post=917126"}],"version-history":[{"count":0,"href":"https:\/\/www.europesays.com\/de\/wp-json\/wp\/v2\/posts\/917126\/revisions"}],"wp:featuredmedia":[{"embeddable":true,"href":"https:\/\/www.europesays.com\/de\/wp-json\/wp\/v2\/media\/917127"}],"wp:attachment":[{"href":"https:\/\/www.europesays.com\/de\/wp-json\/wp\/v2\/media?parent=917126"}],"wp:term":[{"taxonomy":"category","embeddable":true,"href":"https:\/\/www.europesays.com\/de\/wp-json\/wp\/v2\/categories?post=917126"},{"taxonomy":"post_tag","embeddable":true,"href":"https:\/\/www.europesays.com\/de\/wp-json\/wp\/v2\/tags?post=917126"}],"curies":[{"name":"wp","href":"https:\/\/api.w.org\/{rel}","templated":true}]}}