{"id":917462,"date":"2026-04-03T05:13:23","date_gmt":"2026-04-03T05:13:23","guid":{"rendered":"https:\/\/www.europesays.com\/de\/917462\/"},"modified":"2026-04-03T05:13:23","modified_gmt":"2026-04-03T05:13:23","slug":"zukunftsprojekt-in-stuttgart-neue-elefantenwelt-der-wilhelma-ein-zuhause-der-superlative","status":"publish","type":"post","link":"https:\/\/www.europesays.com\/de\/917462\/","title":{"rendered":"Zukunftsprojekt in Stuttgart: Neue Elefantenwelt der Wilhelma: Ein Zuhause der Superlative"},"content":{"rendered":"<p>Glasdach, Mondlicht und moderne Tierhaltung: Die neue Elefantenanlage der Wilhelma setzt neue Ma\u00dfst\u00e4be. Projektleiter Julian Karl gibt exklusive Einblicke in Planung und Vision.<\/p>\n<p>Die <a href=\"https:\/\/www.stuttgarter-nachrichten.de\/inhalt.zoo-bekommt-neue-attraktion-historischer-moment-in-der-wilhelma-spatenstich-fuer-die-neue-elefantenwelt.f5ab86ce-ff89-4086-9657-d319a120effe.html\" target=\"_blank\" rel=\"nofollow noopener\">neue Elefantenanlage in der Wilhelma <\/a>hat viele Besonderheiten. Seit sechs Jahren schon besch\u00e4ftigt sich Julian Karl von herrmann+bosch architekten als Projektleiter mit der Planung der neuen Elefantenwelt in <a href=\"https:\/\/www.stuttgarter-nachrichten.de\/thema\/Stuttgart\" title=\"Stuttgart\" class=\"art_thema\" rel=\"nofollow noopener\" target=\"_blank\">Stuttgart<\/a>, gemeinsam mit seinem Team aus Israel Luna Mino, Paul Salzbrunn, Lutz Knittel und Jonathan Hohl. Teil der Arbeitsgemeinschaft rund ums neue Zuhause f\u00fcr die Stuttgarter Dickh\u00e4uter ist auch das B\u00fcro mkk-architekten aus Schwerin. <\/p>\n<p>Ist es das erste Zooprojekt in der <a href=\"https:\/\/www.stuttgarter-nachrichten.de\/thema\/Wilhelma\" title=\"Wilhelma\" class=\"art_thema\" rel=\"nofollow noopener\" target=\"_blank\">Wilhelma<\/a>? <\/p>\n<p>Schon bei der Schneeleoparden-Anlage haben die beiden Architekturb\u00fcros erfolgreich zusammengearbeitet. \u201eDie Elefantenwelt ist aber das erste gro\u00dfe Zooprojekt\u201c, sagt Julian Karl.<\/p>\n<p>Erfahrung auf dem Gebiet ist jedenfalls da: Bei der Bauleitung neuen Amurtigeranlage der Wilhelma hat das B\u00fcro, das im Stuttgarter S\u00fcden im gl\u00e4sernen Hochhaus der SVLFG (Sozialversicherung f\u00fcr Landwirtschaft, Forsten und Gartenbau) seinen Sitz hat, auch schon unterst\u00fctzt. <\/p>\n<p> Wie werden die Besucher die neue Elefantenwelt erleben? <\/p>\n<p>Die Besucher werden k\u00fcnftig vom Asiatischen Schaubernhof kommend auf eine Wald-Steppen-Landschaft treffen. \u201eSie wird optisch in den Rosensteinpark \u00fcbergehen\u201c, erkl\u00e4rt Karl. Denn: Das Gehege ist blickoffen gestaltet. Es wird nur von massiven Pfosten mit Stahlseilen begrenzt. In dem 14 500 Quadratmeter gro\u00dfen Au\u00dfenbereich k\u00f6nnen sich sowohl die Mutterherde als auch der Elefantenbulle sowie die Junggesellen bewegen. Stahltore, die nach Bedarf geschlossen und ge\u00f6ffnet werden k\u00f6nnen, trennen die einzelnen Bereiche ab, zwischen denen die Tiere in der Regel flexibel hin- und herwechseln k\u00f6nnen.<\/p>\n<p>  <img decoding=\"async\" loading=\"lazy\" src=\"https:\/\/www.europesays.com\/de\/wp-content\/uploads\/2026\/04\/media.media.a2794d5e-54e3-48fa-9045-7371050ee463.original1024.media.jpeg\"\/>     Visualisierung der k\u00fcnftigen Au\u00dfenanlage.    Foto: herrmann+bosch architekten    Was gibt es besonderes f\u00fcr die Elefanten in der Au\u00dfenanlage? <\/p>\n<p>Neben den vorhandenen B\u00e4ume gibt es schattenspendende Sonnensegel und unterschiedliche B\u00f6den: Im ganzen Bereich wird 80 Zentimeter Sand aufgesch\u00fcttet sein, dazu Matsch- und Schlammbereiche. Es gibt Spielger\u00fcste aus Altholz, Duschen und Besch\u00e4ftigungsm\u00f6glichkeiten mit verschiedenen Futterstellen.<\/p>\n<p>Wo gibt es einen Steg f\u00fcr Besucher? <\/p>\n<p>Man wird auch auf halber H\u00f6he Richtung Norden einen Besuchersteg begehen k\u00f6nnen, der ebenerdig ins Gel\u00e4nde f\u00fchrt und beidseits von zwei Wasserteichen ums\u00e4umt ist, in denen die Elefanten baden k\u00f6nnen. \u201eDie Besucher sollen die Tiere auf Augenh\u00f6he erleben\u201c, erkl\u00e4rt Julian Karl. <\/p>\n<p>  <img decoding=\"async\" loading=\"lazy\" src=\"https:\/\/www.europesays.com\/de\/wp-content\/uploads\/2026\/04\/media.media.c770eb3c-42c1-4a3d-8523-6ed6e7b2e42c.original1024.media.jpeg\"\/>     Karl zeigt auf dem Plan den zweiten Haupteingang in der Pragstra\u00dfe.    Foto: Iris Frey    Wo befinden sich Geb\u00e4ude? <\/p>\n<p>Auf H\u00f6he der Stadtbahnhaltestelle Rosensteinpark, am k\u00fcnftig zweiten Haupteingang an der Pragstra\u00dfe, werden sich drei Geb\u00e4ude befinden: ein Kiosk mit Sanit\u00e4ranlagen f\u00fcr die Besucher, eine Ticketstation und die Elefantenhalle samt Restaurant. <\/p>\n<p> Was ist das Spektakul\u00e4re bei der Elefantenhalle? <\/p>\n<p>Das Dach der Elefantenhalle, die keine St\u00fctzpfeiler hat, misst 6 300 Quadratmeter Fl\u00e4che. Es ist in Form, Gr\u00f6\u00dfe (70 auf 90 Meter) und Konstruktion einzigartig: Eine Glaskuppel mit Dreifachverglasung und satiniertem Glas schwebt \u00fcber vier riesigen Holzgitterschichten. \u201eDas ist das Spektakul\u00e4re\u201c, betont Karl. Das Thema hat den Architekten<a href=\"https:\/\/www.stuttgarter-nachrichten.de\/inhalt.leuchtturmprojekt-im-zoo-stuttgart-wo-in-der-wilhelma-die-bagger-arbeiten-ade-alter-schaubauernhof.930e60d7-f704-468d-ab95-63401d1796aa.html\" target=\"_blank\" rel=\"nofollow noopener\"> schon lange zuvor begleitet<\/a>. So habe er sich im Architekturstudium auch mit Holz- und Sonderkonstruktionen besch\u00e4ftigt. Das Dach soll viel Licht in die Halle lassen, aber auch f\u00fcr eine nat\u00fcrliche Luftzirkulation sorgen. Zudem gibt es keine Schatten in der Halle, sondern \u201eeine offene, nat\u00fcrliche Lichtstimmung\u201c. <\/p>\n<p>   <img decoding=\"async\" loading=\"lazy\" src=\"https:\/\/www.europesays.com\/de\/wp-content\/uploads\/2026\/04\/media.media.1eb53f9b-0c85-4ae2-a74a-ee7abdc765b3.original1024.media.jpeg\"\/>     So soll das Wasserbecken in der Halle sp\u00e4ter aussehen.    Foto: herrmann+bosch architekten    Warum bekommen die Elefanten einen Sternenhimmel? <\/p>\n<p>Speziellen Leuchten im Inneren sorgen abends f\u00fcr eine Mondlichtatmosph\u00e4re mit Sternenhimmel f\u00fcr die Elefanten. \u201eDie Elefanten brauchen Mondschein. Denn: Sie schlafen nicht lange und sind auch nachts immer wieder unterwegs\u201c, erk\u00e4rt der Architekt und Projektleiter.<\/p>\n<p> Wie warm es ist in der Elefantenhalle und wie gro\u00df ist sie? <\/p>\n<p>In der Halle, in der es auch zwei gro\u00dfe Wasserbecken mit Flachwasserzone gibt, ist es immer \u00fcber 18 Grad warm. Das Geb\u00e4ude hat eine Gesamtfl\u00e4che von 8 400 Quadratmetern und die <a href=\"https:\/\/www.stuttgarter-nachrichten.de\/inhalt.wo-die-wilhelma-hilft-artenschutz-global-von-sumatra-bis-zur-schwaebischen-alb.8bc3ece4-d208-42d4-ba96-a0e1721b6a11.html\" target=\"_blank\" rel=\"nofollow noopener\">Au\u00dfenanlagen haben <\/a>eine Gesamtfl\u00e4che von 14 500 Quadratmetern. Das Wasservolumen der beiden Wasserbecken innen betr\u00e4gt 670 Kubikmeter gesamt. Das Volumen der beiden Wasserbecken au\u00dfen 630.<\/p>\n<p>   <img decoding=\"async\" loading=\"lazy\" src=\"https:\/\/www.europesays.com\/de\/wp-content\/uploads\/2026\/04\/media.media.ad0af965-6528-4dc0-b6e9-792f128e0c7f.original1024.media.jpeg\"\/>     Vorbild f\u00fcr die Wilhelma-Anlage: der Kui Bui Nationalpark in Thailand.    Foto: WWF Thailand    Welches Vorbild gibt es f\u00fcr die Landschaft? <\/p>\n<p>Vorbild f\u00fcr die Landschaft ist der Kui Buri Nationalpark in Thailand, wie Wilhelma-Sprecher Birger Meierjohann wei\u00df. In diesem Projektgebiet ist auch der WWF aktiv. Die Bepflanzung der Anlage orientiert sich an den in dem Nationalpark vorkommenden Arten.<\/p>\n<p> Wo gibt es f\u00fcnf Trainingsboxen? <\/p>\n<p>In einem Geb\u00e4udekomplex im Bereich des Rosensteinparks befinden sich f\u00fcnf Trainingsboxen. Dort wird<a href=\"https:\/\/www.stuttgarter-nachrichten.de\/inhalt.elefanten-in-der-wilhelma-was-wird-aus-pama-und-zella-wenn-die-neue-elefantenanlage-gebaut-wird.d1408372-d9dd-4fb9-a6e0-4a500a080425.html\" target=\"_blank\" rel=\"nofollow noopener\"> das neue Konzept des Gesch\u00fctzten Kontakts <\/a>(Protected Contact) verwirklicht, welcher seitens des Europ\u00e4ischen Zooverbands EAZA ab 2030 f\u00fcr die Elefantenhaltung in Zoos verpflichtend sein wird. <\/p>\n<p>Dort haben die Tierpfleger k\u00fcnftig <a href=\"https:\/\/www.stuttgarter-nachrichten.de\/inhalt.altersresidenz-im-zoo-karlsruhe-elefantenfluesterin-claudia-vollhardt-in-deutschland-einzigartige-haltungsform.3de4569f-45bb-4af3-bea3-593618700136.html\" target=\"_blank\" rel=\"nofollow noopener\">nur noch eingeschr\u00e4nkten Kontakt<\/a>: Immer wird eine Trennwand zwischen Tier und Pfleger sein, wie es auch der Zoo Karlsruhe bei den <a href=\"https:\/\/www.stuttgarter-nachrichten.de\/inhalt.altersresidenz-im-zoo-karlsruhe-fusspflege-in-der-elefanten-wg-auch-alte-tiere-koennen-noch-viel-lernen.6b533a80-670d-418e-a6aa-d9c310782bf9.html\" target=\"_blank\" rel=\"nofollow noopener\">Elefanten in seiner Altersresidenz <\/a>verwirklicht.<\/p>\n<p>   <img decoding=\"async\" loading=\"lazy\" src=\"https:\/\/www.europesays.com\/de\/wp-content\/uploads\/2026\/04\/media.media.0155bad8-e76e-4870-b764-ab17411bbef8.original1024.media.jpeg\"\/>     Auf der Baustelle werden noch die restlichen Geb\u00e4ude abger\u00e4umt.    Foto: Wilhelma\/Lange    Was wird als n\u00e4chstes auf dem Gel\u00e4nde der Wilhelma gemacht? <\/p>\n<p>Aktuell findet der restliche <a href=\"https:\/\/www.stuttgarter-nachrichten.de\/inhalt.wilhelma-in-stuttgart-groesstes-bauprojekt-der-geschichte-was-sich-durch-die-neue-elefantenwelt-aendert.333e1961-ca50-4d9c-a774-643cc82196a1.html\" target=\"_blank\" rel=\"nofollow noopener\">Abbruch auf dem Gel\u00e4nde der Wilhelma <\/a>statt. Wenn das Baufeld leer ist, wird als erstes eine Wand an der Pragstra\u00dfe auf H\u00f6he der Haltestelle Rosensteinpark mit unterirdischen Bohrpf\u00e4hlen erstellt, dann die Baugrube f\u00fcr das Untergeschoss unter dem Restaurant ausgehoben. Sp\u00e4ter in diesem Jahr sollen die Rohbauten und die Bodenplatte f\u00fcr die Trainingsboxen erstellt werden. Danach ersteht das Kioskgeb\u00e4ude. Am Schluss wird die riesige Dach-Holzkonstruktion angebracht, wenn alle H\u00e4user stehen. Bis 2029 soll die Anlage fertig gebaut sein.<\/p>\n<p>   <img decoding=\"async\" loading=\"lazy\" src=\"https:\/\/www.europesays.com\/de\/wp-content\/uploads\/2026\/04\/media.media.ddea8e77-85b0-44f6-898e-407747b7b382.original1024.media.jpeg\"\/>     Architekt Julian Karl im gl\u00e4sernen Hochhaus der SVLFG.    Foto: Iris Frey    Welchen beruflichen Hintergrund hat der Projektleiter? <\/p>\n<p>Julian Karl ist gelernter Zimmermann und kommt aus einem Holzbaubetrieb, der \u00f6kologische Holzh\u00e4user baut. \u201eIch stand mit 13 Jahren auf der Baustelle und habe immer am Baum gearbeitet.\u201c Aufgewachsen ist er in Waldm\u00fcnchen in der N\u00e4he von Regensburg. Naturschutz war immer ein Thema f\u00fcr den Projektleiter. \u201eIch habe meinen Zivildienst in einer Naturschutzorganisation gemacht\u201c, sagt der 35-J\u00e4hrige, der in Biberach und Stuttgart Architektur studiert hat und seinen Master im amerikanischen Chicago abgelegt hat.<\/p>\n<p>Dass mit seinem Team die anspruchsvolle Anlage f\u00fcr die \u201ekomplexen, klugen Tiere\u201c bauen darf, freue ihn sehr.<\/p>\n<p>Dieser Text erschien erstmals am 22.3.2026 und wurde am 3.4.2026 aktualisiert.<\/p>\n<p> herrmann+bosch architekten <\/p>\n<p class=\"infobox\"> <strong>Das B\u00fcro<\/strong><br \/>wurde 1978 gegr\u00fcndet. Das Team umfasst derzeit etwa 45 Mitarbeitende. Es arbeitet seit \u00fcber 45 Jahren f\u00fcr private und \u00f6ffentliche Bauherren. <\/p>\n<p class=\"infobox\"> <strong>Bekannte Bauten <\/strong><br \/>es Stuttgarter Architekturb\u00fcros sind das IBA\u201927-Projekt und das doppelt preisgekr\u00f6nte Holzparkhaus Wendlingen. Aktuell baut das B\u00fcro die Trampolinhalle beim Olympiast\u00fctzpunkt in <a href=\"https:\/\/www.stuttgarter-nachrichten.de\/thema\/Stuttgart-Bad_Cannstatt\" title=\"Stuttgart-Bad Cannstatt\" class=\"art_thema\" rel=\"nofollow noopener\" target=\"_blank\">Stuttgart-Bad Cannstatt<\/a>.<\/p>\n","protected":false},"excerpt":{"rendered":"Glasdach, Mondlicht und moderne Tierhaltung: Die neue Elefantenanlage der Wilhelma setzt neue Ma\u00dfst\u00e4be. Projektleiter Julian Karl gibt exklusive&hellip;\n","protected":false},"author":2,"featured_media":917463,"comment_status":"","ping_status":"","sticky":false,"template":"","format":"standard","meta":{"footnotes":"","_share_on_mastodon":"0"},"categories":[1830],"tags":[1634,3364,29,58801,183288,183283,30,183286,183284,1441,183287,5251,12378,183285],"class_list":["post-917462","post","type-post","status-publish","format-standard","has-post-thumbnail","category-stuttgart","tag-baden-wuerttemberg","tag-de","tag-deutschland","tag-elefantenanlage","tag-elefantenhaltung","tag-elefantenwelt-wilhelma","tag-germany","tag-herrmannbosch-architekten","tag-julian-karl-architekt","tag-stuttgart","tag-stuttgart-bauprojekte","tag-stuttgart-bad-cannstatt","tag-wilhelma","tag-zoo-architektur"],"share_on_mastodon":{"url":"https:\/\/pubeurope.com\/@de\/116339068946187632","error":""},"_links":{"self":[{"href":"https:\/\/www.europesays.com\/de\/wp-json\/wp\/v2\/posts\/917462","targetHints":{"allow":["GET"]}}],"collection":[{"href":"https:\/\/www.europesays.com\/de\/wp-json\/wp\/v2\/posts"}],"about":[{"href":"https:\/\/www.europesays.com\/de\/wp-json\/wp\/v2\/types\/post"}],"author":[{"embeddable":true,"href":"https:\/\/www.europesays.com\/de\/wp-json\/wp\/v2\/users\/2"}],"replies":[{"embeddable":true,"href":"https:\/\/www.europesays.com\/de\/wp-json\/wp\/v2\/comments?post=917462"}],"version-history":[{"count":0,"href":"https:\/\/www.europesays.com\/de\/wp-json\/wp\/v2\/posts\/917462\/revisions"}],"wp:featuredmedia":[{"embeddable":true,"href":"https:\/\/www.europesays.com\/de\/wp-json\/wp\/v2\/media\/917463"}],"wp:attachment":[{"href":"https:\/\/www.europesays.com\/de\/wp-json\/wp\/v2\/media?parent=917462"}],"wp:term":[{"taxonomy":"category","embeddable":true,"href":"https:\/\/www.europesays.com\/de\/wp-json\/wp\/v2\/categories?post=917462"},{"taxonomy":"post_tag","embeddable":true,"href":"https:\/\/www.europesays.com\/de\/wp-json\/wp\/v2\/tags?post=917462"}],"curies":[{"name":"wp","href":"https:\/\/api.w.org\/{rel}","templated":true}]}}