{"id":917526,"date":"2026-04-03T05:56:15","date_gmt":"2026-04-03T05:56:15","guid":{"rendered":"https:\/\/www.europesays.com\/de\/917526\/"},"modified":"2026-04-03T05:56:15","modified_gmt":"2026-04-03T05:56:15","slug":"1-fc-gievenbeck-gewinnt-gegen-spvgg-vreden","status":"publish","type":"post","link":"https:\/\/www.europesays.com\/de\/917526\/","title":{"rendered":"1. FC Gievenbeck gewinnt gegen SpVgg Vreden"},"content":{"rendered":"<p>                                Spielinfos:<br \/>\nDatum &amp; Uhrzeit: 02.04.2026 19.30 Uhr<br \/>Austragungsort: M\u00fcnster<br \/>Wettbewerb: Oberliga Westfalen<br \/>Spieltag: 29<\/p>\n<p>Spielbericht: 1. FC Gievenbeck gegen SpVgg Vreden 4:2 (3:0)<\/p>\n<p id=\"absatz2\" class=\"em_text\">M\u00fcnster. Sofort nach Spielbeginn \u00e4ndert sich schon der Spielstand: Ben Matteo Wolf erzielt den ersten Treffer und verschafft der Heimelf nur kurz nach Anpfiff die Oberhand. Wenig sp\u00e4ter f\u00e4llt auch schon ein weiteres Tor durch Niklas Klinke (19). Tor Nummer drei schie\u00dft Felix Bela Ritter: Wieder Gievenbeck (23). Ein aufregendes Hin und Her l\u00e4sst das Publikum mitfiebern. Maximilian Hinkelmann trifft f\u00fcr Vreden (57). Louis Elias Martin trifft f\u00fcr Gievenbeck (66). Es steht 4:1 f\u00fcr den 1. FC Gievenbeck.<\/p>\n<p id=\"absatz3\" class=\"em_text\">Im Laufe der n\u00e4chsten Minuten muss der Schiedsrichter handeln. Die SpVgg Vreden steckt einmal Gelb ein.<\/p>\n<p id=\"absatz4\" class=\"em_text\">Dem Vredener Team gelingt es ganz knapp vor Ende der Partie, noch einmal einzunetzen. Felix Mensing kann vier Minuten vor Spielende effektiv abschlie\u00dfen und dem Verein noch einen weiteren Treffer bescheren. Der Spielausgang ist jedoch besiegelt.<\/p>\n<p>Die Aufstellungen: 1. FC Gievenbeck &#8211; SpVgg Vreden<br \/>\nFC Gievenbeck: Ben Matteo Wolf (25), Nico Eschhaus (1), Alexander Wieth\u00f6lter (9), Jelke Willem Elferink (14), Malte Wesberg (4), Louis Elias Martin (7), Felix Bela Ritter (8), Leo Scheipers (17), Niklas Beil (12), Fabian Witt (10), Niklas Klinke (19)<\/p>\n<p id=\"absatz5\" class=\"em_text\">SpVgg Vreden: Mika Andreas Josef V\u00f6lker (2), Martin Sinner (11), Felix Mensing (24), Julian Risthaus (35), Lars Bleker (6), Tom Breuers (1), Maximilian Hinkelmann (9), Romario Wiesweg (23), Kilian Heisterkamp (3), Leon Kondring (7), Matteo Anton Geesink (26)<br \/>Schiedsrichter: Timo Gansloweit<\/p>\n<p id=\"absatz6\" class=\"em_text\">Assistent: Arthur Armes<\/p>\n<p id=\"absatz7\" class=\"em_text\">Assistent: Jona Siebert<\/p>\n<p id=\"absatz8\" class=\"em_text\" style=\"font-size: .8em;\">Die Inhalte dieses Berichts wurden automatisch auf der Basis von DFB-Daten zusammengestellt.<\/p>\n","protected":false},"excerpt":{"rendered":"Spielinfos: Datum &amp; Uhrzeit: 02.04.2026 19.30 UhrAustragungsort: M\u00fcnsterWettbewerb: Oberliga WestfalenSpieltag: 29 Spielbericht: 1. FC Gievenbeck gegen SpVgg Vreden&hellip;\n","protected":false},"author":2,"featured_media":917527,"comment_status":"","ping_status":"","sticky":false,"template":"","format":"standard","meta":{"footnotes":"","_share_on_mastodon":"0"},"categories":[1843],"tags":[17783,7763,67825,3364,29,101186,200837,5282,30,17786,17784,8405,45841,734,7774,1613,8970,138152,1209,12006,17712,7773,7765,45838,7764,45842,8404],"class_list":["post-917526","post","type-post","status-publish","format-standard","has-post-thumbnail","category-muenster","tag-1-fc-gievenbeck","tag-austragungsort","tag-ben-matteo-wolf","tag-de","tag-deutschland","tag-felix-bela-ritter","tag-felix-mensing","tag-fuball","tag-germany","tag-gievenbeck","tag-louis-elias-martin","tag-mnster","tag-maximilian-hinkelmann","tag-meta_artikelklasse_nachricht","tag-meta_themen_sport","tag-meta_userneeds_informieremich","tag-muenster","tag-niklas-klinke","tag-nordrhein-westfalen","tag-oberliga","tag-serie_ligaid_210198","tag-serie_ligaid_all","tag-spielinfo","tag-spvgg-vreden","tag-uhrzeit","tag-vreden","tag-westfalen"],"share_on_mastodon":{"url":"https:\/\/pubeurope.com\/@de\/116339237719590490","error":""},"_links":{"self":[{"href":"https:\/\/www.europesays.com\/de\/wp-json\/wp\/v2\/posts\/917526","targetHints":{"allow":["GET"]}}],"collection":[{"href":"https:\/\/www.europesays.com\/de\/wp-json\/wp\/v2\/posts"}],"about":[{"href":"https:\/\/www.europesays.com\/de\/wp-json\/wp\/v2\/types\/post"}],"author":[{"embeddable":true,"href":"https:\/\/www.europesays.com\/de\/wp-json\/wp\/v2\/users\/2"}],"replies":[{"embeddable":true,"href":"https:\/\/www.europesays.com\/de\/wp-json\/wp\/v2\/comments?post=917526"}],"version-history":[{"count":0,"href":"https:\/\/www.europesays.com\/de\/wp-json\/wp\/v2\/posts\/917526\/revisions"}],"wp:featuredmedia":[{"embeddable":true,"href":"https:\/\/www.europesays.com\/de\/wp-json\/wp\/v2\/media\/917527"}],"wp:attachment":[{"href":"https:\/\/www.europesays.com\/de\/wp-json\/wp\/v2\/media?parent=917526"}],"wp:term":[{"taxonomy":"category","embeddable":true,"href":"https:\/\/www.europesays.com\/de\/wp-json\/wp\/v2\/categories?post=917526"},{"taxonomy":"post_tag","embeddable":true,"href":"https:\/\/www.europesays.com\/de\/wp-json\/wp\/v2\/tags?post=917526"}],"curies":[{"name":"wp","href":"https:\/\/api.w.org\/{rel}","templated":true}]}}