{"id":917778,"date":"2026-04-03T08:24:17","date_gmt":"2026-04-03T08:24:17","guid":{"rendered":"https:\/\/www.europesays.com\/de\/917778\/"},"modified":"2026-04-03T08:24:17","modified_gmt":"2026-04-03T08:24:17","slug":"bella-hadid-werdegang-und-privatleben-des-supermodels-unterhaltung","status":"publish","type":"post","link":"https:\/\/www.europesays.com\/de\/917778\/","title":{"rendered":"Bella Hadid: Werdegang und Privatleben des Supermodels | Unterhaltung"},"content":{"rendered":"<p><b>Die 90er hatten ihre Kate Moss, die 2000er Gisele B\u00fcndchen. Das Supermodel der Jetztzeit? Ist ganz klar Bella Hadid.<\/b><\/p>\n<p>Was auch stimmt: <a href=\"https:\/\/www.bild.de\/unterhaltung\/leute\/bella-hadid\/bella-hadid-alle-infos-76664890.bild.html\" rel=\"noopener nofollow\" class=\"text-link--external text-link\" target=\"_blank\">Bella Hadid<\/a> leidet schon seit ihrer Kindheit unter dem Druck, sch\u00f6n zu sein. Sie k\u00e4mpfte jahrelang mit Depressionen, einer Angstst\u00f6rung und der Lyme-Krankheit. Bella Hadid beweist, dass das scheinbar perfekte Model-Leben auch Schattenseiten hat. <\/p>\n<p><b>Lesen Sie hier alles \u00fcber den Werdegang und das Privatleben von Bella Hadid!<\/b><\/p>\n<p>Steckbrief<\/p>\n<p><b>Name:<\/b> Isabella Khair \u201eBella\u201c Hadid<\/p>\n<p><b>Geburtstag :<\/b> 9. Oktober 1996 in Washington, D.C.<\/p>\n<p><b>Wohnort:<\/b> New York und Malibu, Kalifornien<\/p>\n<p><b>Beziehungsstatus:<\/b> In einer Beziehung mit Marc Kalman<\/p>\n<p><b>Instagram:<\/b> @<a href=\"https:\/\/www.instagram.com\/bellahadid\/?hl=de\" rel=\"nofollow noopener\" class=\"text-link--external text-link\" target=\"_blank\">bellahadid<\/a><\/p>\n<p>Mehr zum ThemaLeben und Werdegang<\/p>\n<p>Bella ist als Tochter eines niederl\u00e4ndischen Models und eines jordanischen Immobilienmaklers in gutb\u00fcrgerlichen Verh\u00e4ltnissen aufgewachsen. <\/p>\n<p><b>Mit ihren Geschwistern lebte sie zuerst auf einer Ranch in Santa Barbara und zog sp\u00e4ter nach Malibu. Ihre Schwester <\/b><a href=\"https:\/\/www.bild.de\/unterhaltung\/leute\/gigi-hadid\/gigi-hadid-alle-infos-76663604.bild.html\" rel=\"noopener nofollow\" class=\"text-link--external text-link\" target=\"_blank\"><b>Gigi Hadid<\/b><\/a><b> ist ebenfalls als Model erfolgreich, ihr j\u00fcngerer Bruder Anwar ebenso. <\/b><\/p>\n<p><img decoding=\"async\" width=\"992\" height=\"558\" alt=\"Bella (rechts) und ihre Schwester Gigi Hadid bei der Victoria Secret Fashion Show in Paris (2016)\" src=\"https:\/\/www.europesays.com\/de\/wp-content\/uploads\/2026\/04\/c2c945bf2fb85c40db0198f2c6731acf,4530f335.png\"   class=\"landscape\" loading=\"lazy\"\/><\/p>\n<p class=\"fig__caption__text\">Bella (rechts) und ihre Schwester Gigi Hadid bei der Victoria Secret Fashion Show in Paris (2016)<\/p>\n<p>Foto: Getty Images for Victoria&#8217;s Secret<\/p>\n<p><b>Wussten Sie schon? Bella Hadid wollte 2016 bei den Olympischen Spielen in Rio de Janeiro als Reiterin antreten. Aufgrund der Diagnose \u201echronische Borreliose\u201c musste sie ihren Traum jedoch aufgeben. <\/b><\/p>\n<p><img decoding=\"async\" width=\"992\" height=\"1178\" alt=\"New York Fashion Week 2023: Bella Hadid auf dem Laufsteg f\u00fcr Poenza Schuler\" src=\"https:\/\/www.europesays.com\/de\/wp-content\/uploads\/2026\/04\/d863a297a826892f5bff419f7e0b3980,5e84110d.png\"   class=\"portrait\" loading=\"lazy\"\/><\/p>\n<p class=\"fig__caption__text\">New York Fashion Week 2023: Bella Hadid auf dem Laufsteg f\u00fcr Poenza Schuler<\/p>\n<p>Foto: picture alliance \/ Ik Aldama<\/p>\n<p>Ihre Modelkarriere startete mit 16 Jahren, als sie f\u00fcr verschiedene Werbeprojekte vor der Kamera stand. Kurz nach ihrem Umzug nach New York City unterschrieb sie ihren ersten Model-Vertrag. Vorher begann sie ein Fotografie-Studium, welches sie aber nach der Vertragsunterzeichnung abbrach. <\/p>\n<p><b>Im Herbst 2014 hatte Bella ihr Laufsteg-Deb\u00fct bei der New York Fashion Week, als sie f\u00fcr die Marke \u201eDesigual\u201c lief. Seitdem geht ihre Karriere als internationales Model steil bergauf. Bella wurde bereits von unz\u00e4hligen legend\u00e4ren Modeh\u00e4usern gebucht, darunter Tom Ford, Marc Jacobs und Moschino. Ihr Markenzeichen: Ein d\u00fcsterer Look, aber warme Pers\u00f6nlichkeit!<\/b><\/p>\n<p>Au\u00dferdem ist Bella bereits h\u00e4ufiger auf der Titelseite der \u201eVogue\u201c gewesen und ist Werbegesicht f\u00fcr die Make-Up-Produkte von Dior. <\/p>\n<p><b>Was nicht jeder wei\u00df: Bella Hadid liebt Lavendelduft udn tr\u00e4g immer ein Fl\u00e4schchen \u00e4therisches Lavendel\u00f6l bei sich. <\/b><\/p>\n<p>Mehr zum Thema<\/p>\n<p><b>Schon geh\u00f6rt? Das Supermodel hat erst k\u00fcrzlich zugegeben, dass sie sich mit 14 einer Nasen-OP unterzogen hat. Und, dass sie unter mehreren psychischen Erkrankungen litt, darunter Depressionen und einer Angstst\u00f6rung.  <\/b><\/p>\n<p>In einem Interview mit dem \u201eWSJ Magazin\u201c verr\u00e4t Bella, dass sie aufgrund ihrer Depressionen und Angstzust\u00e4nde h\u00e4ufig das Haus nicht verlassen wollte. Durch den Druck, immer perfekt aussehen zu m\u00fcssen, fiel sie in ein tiefes Loch.<\/p>\n<p><b>Das Model sucht nun Hilfe in therapeutischer Behandlung. F\u00fcr andere junge Frauen m\u00f6chte sie ein Vorbild sein und darauf aufmerksam machen, was hinter den Kulissen einer Karriere im Rampenlicht passiert.<\/b><\/p>\n<p>Bella Hadid privat<\/p>\n<p>Als internationales Supermodel bleibt Bella nicht viel Raum f\u00fcr ein ausgeglichenes Privatleben. Aktuell nimmt sich die Sch\u00f6nheit jedoch Zeit, um mit ihrem Lover Marc Kalman zu turteln. <\/p>\n<p><img decoding=\"async\" width=\"992\" height=\"1178\" alt=\"Bella und ihr Freund Marc Kalman w\u00e4hrend der Fashion Week in Milan (2022)\" src=\"https:\/\/www.europesays.com\/de\/wp-content\/uploads\/2026\/04\/535b1e81d1cce6e185b0f605ff744b10,80ba2cea.png\"   class=\"portrait\" loading=\"lazy\"\/><\/p>\n<p class=\"fig__caption__text\">Bella und ihr Freund Marc Kalman w\u00e4hrend der Fashion Week in Milan (2022)<\/p>\n<p>Foto: Getty Images<\/p>\n<p><b>2020 sollen sich die beiden durch gemeinsame Freunde kennengelernt haben. Viel ist \u00fcber ihren neuen Freund nicht bekannt. Marc ist ein Creative aus New York. Sein Instagram-Konto ist privat: Ihre Beziehung auch. <\/b><\/p>\n<p>Bella war davor in einer langj\u00e4hrigen On-Off-Beziehung mit dem S\u00e4nger The Weeknd. Von 2015 bis 2019 verfolgten Fans und Medien die zum Scheitern verurteilte Beziehung der beiden Stars. Viele Hits von The Weeknd sind von Bella inspiriert. Nach vier Jahren Hin- und Her trennte sich das Paar endg\u00fcltig. <\/p>\n<p>Scheinbar fand Bella ihr Liebesgl\u00fcck abseits der \u201eBlinding Lights\u201c &#8211; mit ihrem weniger ber\u00fchmten Freund Marc Kalman.<\/p>\n<p><script async src=\"\/\/www.instagram.com\/embed.js\"><\/script><\/p>\n","protected":false},"excerpt":{"rendered":"Die 90er hatten ihre Kate Moss, die 2000er Gisele B\u00fcndchen. Das Supermodel der Jetztzeit? Ist ganz klar Bella&hellip;\n","protected":false},"author":2,"featured_media":917779,"comment_status":"","ping_status":"","sticky":false,"template":"","format":"standard","meta":{"footnotes":"","_share_on_mastodon":"0"},"categories":[155],"tags":[29,214,30,29306,6686,2286,215],"class_list":["post-917778","post","type-post","status-publish","format-standard","has-post-thumbnail","category-unterhaltung","tag-deutschland","tag-entertainment","tag-germany","tag-hadid-bella","tag-personen-steckbrief","tag-seo-nicht-benutzen","tag-unterhaltung"],"share_on_mastodon":{"url":"https:\/\/pubeurope.com\/@de\/116339819842578056","error":""},"_links":{"self":[{"href":"https:\/\/www.europesays.com\/de\/wp-json\/wp\/v2\/posts\/917778","targetHints":{"allow":["GET"]}}],"collection":[{"href":"https:\/\/www.europesays.com\/de\/wp-json\/wp\/v2\/posts"}],"about":[{"href":"https:\/\/www.europesays.com\/de\/wp-json\/wp\/v2\/types\/post"}],"author":[{"embeddable":true,"href":"https:\/\/www.europesays.com\/de\/wp-json\/wp\/v2\/users\/2"}],"replies":[{"embeddable":true,"href":"https:\/\/www.europesays.com\/de\/wp-json\/wp\/v2\/comments?post=917778"}],"version-history":[{"count":0,"href":"https:\/\/www.europesays.com\/de\/wp-json\/wp\/v2\/posts\/917778\/revisions"}],"wp:featuredmedia":[{"embeddable":true,"href":"https:\/\/www.europesays.com\/de\/wp-json\/wp\/v2\/media\/917779"}],"wp:attachment":[{"href":"https:\/\/www.europesays.com\/de\/wp-json\/wp\/v2\/media?parent=917778"}],"wp:term":[{"taxonomy":"category","embeddable":true,"href":"https:\/\/www.europesays.com\/de\/wp-json\/wp\/v2\/categories?post=917778"},{"taxonomy":"post_tag","embeddable":true,"href":"https:\/\/www.europesays.com\/de\/wp-json\/wp\/v2\/tags?post=917778"}],"curies":[{"name":"wp","href":"https:\/\/api.w.org\/{rel}","templated":true}]}}