{"id":917811,"date":"2026-04-03T08:45:01","date_gmt":"2026-04-03T08:45:01","guid":{"rendered":"https:\/\/www.europesays.com\/de\/917811\/"},"modified":"2026-04-03T08:45:01","modified_gmt":"2026-04-03T08:45:01","slug":"bielefelder-autofahrerin-in-rage-jugendlicher-bringt-sich-per-sprung-in-sicherheit-nachrichten-aus-ostwestfalen-lippe","status":"publish","type":"post","link":"https:\/\/www.europesays.com\/de\/917811\/","title":{"rendered":"Bielefelder Autofahrerin in Rage: Jugendlicher bringt sich per Sprung in Sicherheit | Nachrichten aus Ostwestfalen-Lippe"},"content":{"rendered":"<p id=\"absatz1\" class=\"em_text\">Bielefeld-Stieghorst. Als die Frau am Steuer ihres Opels aggressiv wurde, legte sie den R\u00fcckw\u00e4rtsgang ein und fuhr los. Ein Jugendlicher musste sich mit einem Sprung in Sicherheit bringen, um nicht angefahren zu werden. Er verletzte sich bei dem Sprung leicht.<\/p>\n<p id=\"absatz2\" class=\"em_text\">Wie die Polizei berichtet, hatten mehrere Jugendliche am Sonntagabend, 29. M\u00e4rz, vor einem Jugendhaus an der Greifswalder Stra\u00dfe eine auff\u00e4llige Autofahrerin wahrgenommen. Die Frau in dem Opel fuhr unsicher und soll im Fahrzeug herumgeschrien haben, hei\u00dft es im Polizeibericht.<\/p>\n<p id=\"absatz3\" class=\"em_text\">Als die Jugendlichen die Fahrerin auf ihr ungew\u00f6hnliches Verhalten ansprachen, soll diese die jungen Leute beleidigt und bedroht haben. Schlie\u00dflich legte sie den R\u00fcckw\u00e4rtsgang ein und fuhr los. Dabei achtete sie offenbar nicht auf die Gruppe hinter und neben ihrem Wagen.<\/p>\n<p>Junger Bielefelder verletzt sich bei Sprung<\/p>\n<p id=\"absatz4\" class=\"em_text\">\u201eEin Jugendlicher musste ausweichen, weil es ansonsten zu einer Kollision gekommen w\u00e4re\u201c, erkl\u00e4rt die Polizei. Bei seiner Landung verletzte sich der Jugendliche. Die anderen lie\u00dfen aber nicht locker und sp\u00fcrten die Frau im Opel auf einem Supermarktparkplatz an der Wismarer Stra\u00dfe erneut auf. Gegen 18.35 Uhr meldeten sie daraufhin die auff\u00e4llige Opelfahrerin der Polizei.<\/p>\n<p id=\"absatz5\" class=\"em_text\">Die alarmierten Polizisten fuhren wenig sp\u00e4ter vor und kontrollierten die 35-j\u00e4hrige Bielefelderin. Die Frau reagierte darauf abermals aggressiv. Weil die Beamten den Verdacht hegten, dass die Opelfahrerin schon vor Fahrtantritt Alkohol getrunken hat, musste sie f\u00fcr eine Blutprobe zur Polizeiwache am Kesselbrink gebracht werden.<\/p>\n<p>Autofahrerin landet in der Ausn\u00fcchterungszelle<\/p>\n<p id=\"absatz6\" class=\"em_text\">Noch w\u00e4hrend der Fahrt dorthin leistete die Frau Widerstand: Einer Polizistin biss sie in die Hand, au\u00dferdem trat sie ihr gegen die Beine und beleidigte sie. \u201eDa die Frau eine Gefahr f\u00fcr sich und andere darstellte\u201c, so die Polizei, \u201ewurde sie in R\u00fccksprache mit der verantwortlichen Richterin bis zu ihrer Ausn\u00fcchterung\u201c in eine Polizeizelle gesteckt. Die Beamten nahmen ihr obendrein den Fahrzeugschl\u00fcssel und den F\u00fchrerschein ab. <\/p>\n","protected":false},"excerpt":{"rendered":"Bielefeld-Stieghorst. Als die Frau am Steuer ihres Opels aggressiv wurde, legte sie den R\u00fcckw\u00e4rtsgang ein und fuhr los.&hellip;\n","protected":false},"author":2,"featured_media":917812,"comment_status":"","ping_status":"","sticky":false,"template":"","format":"standard","meta":{"footnotes":"","_share_on_mastodon":"0"},"categories":[1841],"tags":[118105,14833,513,1605,3364,29,514,30,114238,16392,1611,1606,1609,1608,2378,1613,1209,121,16722,16721,27261,67966,1284,200886,200887],"class_list":["post-917811","post","type-post","status-publish","format-standard","has-post-thumbnail","category-bielefeld","tag-adam-opel","tag-alkohol-am-steuer","tag-auto","tag-bielefeld","tag-de","tag-deutschland","tag-fahrzeug","tag-germany","tag-greifswalder-strae","tag-label_blaulicht","tag-label_informiere-mich","tag-label_m-80","tag-label_plus-ok","tag-label_top-news","tag-label_umfrage","tag-meta_userneeds_informieremich","tag-nordrhein-westfalen","tag-polizei","tag-polizei-bielefeld","tag-polizeibericht-bielefeld","tag-rage","tag-stieghorst","tag-unfall","tag-widerstand-gegen-die-staatsgewalt","tag-widerstand-gegen-polizeibeamte"],"share_on_mastodon":{"url":"","error":"Validation failed: Text character limit of 500 exceeded"},"_links":{"self":[{"href":"https:\/\/www.europesays.com\/de\/wp-json\/wp\/v2\/posts\/917811","targetHints":{"allow":["GET"]}}],"collection":[{"href":"https:\/\/www.europesays.com\/de\/wp-json\/wp\/v2\/posts"}],"about":[{"href":"https:\/\/www.europesays.com\/de\/wp-json\/wp\/v2\/types\/post"}],"author":[{"embeddable":true,"href":"https:\/\/www.europesays.com\/de\/wp-json\/wp\/v2\/users\/2"}],"replies":[{"embeddable":true,"href":"https:\/\/www.europesays.com\/de\/wp-json\/wp\/v2\/comments?post=917811"}],"version-history":[{"count":0,"href":"https:\/\/www.europesays.com\/de\/wp-json\/wp\/v2\/posts\/917811\/revisions"}],"wp:featuredmedia":[{"embeddable":true,"href":"https:\/\/www.europesays.com\/de\/wp-json\/wp\/v2\/media\/917812"}],"wp:attachment":[{"href":"https:\/\/www.europesays.com\/de\/wp-json\/wp\/v2\/media?parent=917811"}],"wp:term":[{"taxonomy":"category","embeddable":true,"href":"https:\/\/www.europesays.com\/de\/wp-json\/wp\/v2\/categories?post=917811"},{"taxonomy":"post_tag","embeddable":true,"href":"https:\/\/www.europesays.com\/de\/wp-json\/wp\/v2\/tags?post=917811"}],"curies":[{"name":"wp","href":"https:\/\/api.w.org\/{rel}","templated":true}]}}