{"id":917947,"date":"2026-04-03T10:03:22","date_gmt":"2026-04-03T10:03:22","guid":{"rendered":"https:\/\/www.europesays.com\/de\/917947\/"},"modified":"2026-04-03T10:03:22","modified_gmt":"2026-04-03T10:03:22","slug":"marode-schulen-freie-waehler-fordern-aktionsplan-ludwigshafen","status":"publish","type":"post","link":"https:\/\/www.europesays.com\/de\/917947\/","title":{"rendered":"Marode Schulen: Freie W\u00e4hler fordern Aktionsplan &#8211; Ludwigshafen"},"content":{"rendered":"<p class=\"rhp-dpa-teaser\"><b>Die FWG-Stadtratsfraktion in Ludwigshafen wirft der Verwaltung vor, Schulsanierungen erheblich zu verz\u00f6gern. Unterdessen lobt die CDU die Einrichtung von Ganztagsschulen.<\/b><\/p>\n<p> Anlass f\u00fcr die Kritik ist der aktuelle Zustand der Diesterwegschule in <a class=\"rtr-entity\" data-rtr-entity=\"Oggersheim\" data-rtr-id=\"084ad114a225e498afc3b386c5e5f63e683009eb\" data-rtr-score=\"7.310030395136779\" data-rtr-etype=\"location\" data-rtr-index=\"12\" href=\"https:\/\/www.rheinpfalz.de\/themen\/ludwigshafen-oggersheim?utm_source=rheinpfalz.de&amp;utm_medium=tms&amp;utm_campaign=intext\" rel=\"nofollow noopener\" target=\"_blank\">Oggersheim<\/a><\/p>\n<p>, die wie berichtet unter anderem durch kaputte Toiletten, br\u00f6ckelnde Treppen und eine seit Jahren gesperrte Sporthalle auff\u00e4llt. Auf diese Missst\u00e4nde habe die Schulgemeinschaft bereits seit Langem<\/p>\n<p class=\"rhp-teaser\"><b>Die FWG-Stadtratsfraktion in Ludwigshafen wirft der Verwaltung vor, Schulsanierungen erheblich zu verz\u00f6gern. Unterdessen lobt die CDU die Einrichtung von Ganztagsschulen.<\/b><\/p>\n","protected":false},"excerpt":{"rendered":"Die FWG-Stadtratsfraktion in Ludwigshafen wirft der Verwaltung vor, Schulsanierungen erheblich zu verz\u00f6gern. Unterdessen lobt die CDU die Einrichtung&hellip;\n","protected":false},"author":2,"featured_media":917948,"comment_status":"","ping_status":"","sticky":false,"template":"","format":"standard","meta":{"footnotes":"","_share_on_mastodon":"0"},"categories":[1845],"tags":[1634,31,160072,3364,29,548,663,3934,16950,30,13,4060,25476,2096,49573,14,15,27789,12],"class_list":["post-917947","post","type-post","status-publish","format-standard","has-post-thumbnail","category-mannheim","tag-baden-wuerttemberg","tag-cdu","tag-daniel-beiner","tag-de","tag-deutschland","tag-eu","tag-europa","tag-europe","tag-freie-waehler","tag-germany","tag-headlines","tag-lokal","tag-ludwigshafen","tag-mannheim","tag-markus-sandmann","tag-nachrichten","tag-news","tag-oggersheim","tag-schlagzeilen"],"share_on_mastodon":{"url":"https:\/\/pubeurope.com\/@de\/116340208930797646","error":""},"_links":{"self":[{"href":"https:\/\/www.europesays.com\/de\/wp-json\/wp\/v2\/posts\/917947","targetHints":{"allow":["GET"]}}],"collection":[{"href":"https:\/\/www.europesays.com\/de\/wp-json\/wp\/v2\/posts"}],"about":[{"href":"https:\/\/www.europesays.com\/de\/wp-json\/wp\/v2\/types\/post"}],"author":[{"embeddable":true,"href":"https:\/\/www.europesays.com\/de\/wp-json\/wp\/v2\/users\/2"}],"replies":[{"embeddable":true,"href":"https:\/\/www.europesays.com\/de\/wp-json\/wp\/v2\/comments?post=917947"}],"version-history":[{"count":0,"href":"https:\/\/www.europesays.com\/de\/wp-json\/wp\/v2\/posts\/917947\/revisions"}],"wp:featuredmedia":[{"embeddable":true,"href":"https:\/\/www.europesays.com\/de\/wp-json\/wp\/v2\/media\/917948"}],"wp:attachment":[{"href":"https:\/\/www.europesays.com\/de\/wp-json\/wp\/v2\/media?parent=917947"}],"wp:term":[{"taxonomy":"category","embeddable":true,"href":"https:\/\/www.europesays.com\/de\/wp-json\/wp\/v2\/categories?post=917947"},{"taxonomy":"post_tag","embeddable":true,"href":"https:\/\/www.europesays.com\/de\/wp-json\/wp\/v2\/tags?post=917947"}],"curies":[{"name":"wp","href":"https:\/\/api.w.org\/{rel}","templated":true}]}}