{"id":917995,"date":"2026-04-03T10:29:16","date_gmt":"2026-04-03T10:29:16","guid":{"rendered":"https:\/\/www.europesays.com\/de\/917995\/"},"modified":"2026-04-03T10:29:16","modified_gmt":"2026-04-03T10:29:16","slug":"grosse-buehne-fuer-eine-grosse-dfb-karriere-sara-daebritz-wird-in-nuernberg-verabschiedet","status":"publish","type":"post","link":"https:\/\/www.europesays.com\/de\/917995\/","title":{"rendered":"Gro\u00dfe B\u00fchne f\u00fcr eine gro\u00dfe DFB-Karriere: Sara D\u00e4britz wird in N\u00fcrnberg verabschiedet"},"content":{"rendered":"<p>Europameisterin, Olympiasiegerin, F\u00fchrungsspielerin: Sara D\u00e4britz hat ihre DFB-Karriere vergangenes Jahr im Oktober beendet. Am 14. April wird die Ebermannsdorferin in N\u00fcrnberg offiziell verabschiedet \u2013 nahe ihrer oberpf\u00e4lzischen Heimat.<\/p>\n<p><a href=\"https:\/\/www.onetz.de\/f\/ic\/ga-large\/articlemedia\/2026\/04\/03\/83ebac54-af3e-460d-bc68-51b221e7aab2.jpg\" class=\"ps-item\" data-psg=\"https:\/\/www.onetz.de\/sport\/amberg\/1\" data-size=\"960x640\" data-caption=\"&lt;div&gt;Archivbild: Fabian Strauch&lt;\/div&gt;Die Erbendorferin Sarah D\u00e4britz wird am 14. April beim L\u00e4nderspiel gegen \u00d6sterreich in N\u00fcrnberg offiziell verabschiedet.\" rel=\"nofollow noopener\" target=\"_blank\"><img loading=\"lazy\" decoding=\"async\" src=\"https:\/\/www.europesays.com\/de\/wp-content\/uploads\/2026\/04\/83ebac54-af3e-460d-bc68-51b221e7aab2.jpg\" alt=\"Die Erbendorferin Sarah D\u00e4britz wird am 14. April beim L\u00e4nderspiel gegen \u00d6sterreich in N\u00fcrnberg offiziell verabschiedet. Archivbild: Fabian Strauch\" title=\"\" width=\"805\" height=\"453\" class=\"img-responsive\"\/><\/a><\/p>\n<p>Die Erbendorferin Sarah D\u00e4britz wird am 14. April beim L\u00e4nderspiel gegen \u00d6sterreich in N\u00fcrnberg offiziell verabschiedet.<\/p>\n<p>Archivbild: Fabian Strauch<\/p>\n<p>Die langj\u00e4hrige Nationalspielerin Sara D\u00e4britz wird am 14. April in N\u00fcrnberg offiziell aus der deutschen Frauen-Nationalmannschaft verabschiedet. Anlass ist das WM-Qualifikationsspiel gegen \u00d6sterreich. Die 31-J\u00e4hrige aus Ebermannsdorf hatte im Oktober 2025 ihren R\u00fccktritt aus dem DFB-Team bekanntgegeben. Mit 111 L\u00e4nderspielen und 18 Toren z\u00e4hlt D\u00e4britz zu den pr\u00e4genden Spielerinnen der vergangenen Jahre. Zu ihren gr\u00f6\u00dften Erfolgen geh\u00f6ren der Gewinn der Europameisterschaft 2013 sowie die Goldmedaille bei den Olympischen Spielen 2016 in Rio.<\/p>\n<p>Dass die Verabschiedung in N\u00fcrnberg stattfindet, d\u00fcrfte f\u00fcr D\u00e4britz eine besondere Bedeutung haben: Die mittelfr\u00e4nkische Metropole liegt nur rund 100 Kilometer von ihrer oberpf\u00e4lzischen Heimat entfernt. Aktuell steht die Mittelfeldspielerin beim spanischen Topklub Real Madrid unter Vertrag. Dort musste sie zuletzt das Aus im Champions-League-Viertelfinale gegen den FC Barcelona hinnehmen.<\/p>\n","protected":false},"excerpt":{"rendered":"Europameisterin, Olympiasiegerin, F\u00fchrungsspielerin: Sara D\u00e4britz hat ihre DFB-Karriere vergangenes Jahr im Oktober beendet. Am 14. April wird die&hellip;\n","protected":false},"author":2,"featured_media":917996,"comment_status":"","ping_status":"","sticky":false,"template":"","format":"standard","meta":{"footnotes":"","_share_on_mastodon":"0"},"categories":[1837],"tags":[38025,772,3364,29,3173,347,30,2205,3783,3349,13027],"class_list":["post-917995","post","type-post","status-publish","format-standard","has-post-thumbnail","category-nuernberg","tag-amberg","tag-bayern","tag-de","tag-deutschland","tag-frauenfussball","tag-fussball","tag-germany","tag-landkreis-amberg-sulzbach","tag-nuernberg","tag-real-madrid","tag-region-amberg"],"share_on_mastodon":{"url":"https:\/\/pubeurope.com\/@de\/116340311237325506","error":""},"_links":{"self":[{"href":"https:\/\/www.europesays.com\/de\/wp-json\/wp\/v2\/posts\/917995","targetHints":{"allow":["GET"]}}],"collection":[{"href":"https:\/\/www.europesays.com\/de\/wp-json\/wp\/v2\/posts"}],"about":[{"href":"https:\/\/www.europesays.com\/de\/wp-json\/wp\/v2\/types\/post"}],"author":[{"embeddable":true,"href":"https:\/\/www.europesays.com\/de\/wp-json\/wp\/v2\/users\/2"}],"replies":[{"embeddable":true,"href":"https:\/\/www.europesays.com\/de\/wp-json\/wp\/v2\/comments?post=917995"}],"version-history":[{"count":0,"href":"https:\/\/www.europesays.com\/de\/wp-json\/wp\/v2\/posts\/917995\/revisions"}],"wp:featuredmedia":[{"embeddable":true,"href":"https:\/\/www.europesays.com\/de\/wp-json\/wp\/v2\/media\/917996"}],"wp:attachment":[{"href":"https:\/\/www.europesays.com\/de\/wp-json\/wp\/v2\/media?parent=917995"}],"wp:term":[{"taxonomy":"category","embeddable":true,"href":"https:\/\/www.europesays.com\/de\/wp-json\/wp\/v2\/categories?post=917995"},{"taxonomy":"post_tag","embeddable":true,"href":"https:\/\/www.europesays.com\/de\/wp-json\/wp\/v2\/tags?post=917995"}],"curies":[{"name":"wp","href":"https:\/\/api.w.org\/{rel}","templated":true}]}}