{"id":91800,"date":"2025-05-07T14:31:13","date_gmt":"2025-05-07T14:31:13","guid":{"rendered":"https:\/\/www.europesays.com\/de\/91800\/"},"modified":"2025-05-07T14:31:13","modified_gmt":"2025-05-07T14:31:13","slug":"regionalbischoefin-petra-bahr-wird-staatssekretaerin","status":"publish","type":"post","link":"https:\/\/www.europesays.com\/de\/91800\/","title":{"rendered":"Regionalbisch\u00f6fin Petra Bahr wird Staatssekret\u00e4rin"},"content":{"rendered":"<p>Nach sieben Jahren <\/p>\n<p>Regionalbisch\u00f6fin Petra Bahr wird Staatssekret\u00e4rin<\/p>\n<p>07.05.2025 &#8211; 16:06 UhrLesedauer: 1 Min.<\/p>\n<p><a href=\"#focus-0\" class=\"transition-colors duration-200 focus-within:text-magenta block text-current relative\" data-sctrack=\"FocusGalleryImage.Reference\"><img fetchpriority=\"high\" data-testid=\"Opener.Image\" style=\"--lqipURL:url('https:\/\/images.t-online.de\/2025\/05\/O42loH5uI0Lk\/93x14:597x336\/fit-in\/150x0\/filters:blur(25)\/dr-petra-bahr-archivbild-sie-geht-wieder-nach-berlin.jpg')\"   loading=\"eager\" src=\"https:\/\/www.europesays.com\/de\/wp-content\/uploads\/2025\/05\/dr-petra-bahr-archivbild-sie-geht-wieder-nach-berlin.jpg\" alt=\"Dr. Petra Bahr (Archivbild): Sie geht (wieder) nach Berlin.\" title=\"Dr. Petra Bahr (Archivbild): Sie geht (wieder) nach Berlin.\" width=\"597\" height=\"336\" class=\"bg-[url:var(--lqipURL)] bg-cover bg-center flex w-full max-w-full h-full\" decoding=\"async\"\/><img style=\"--width:32;--height:32\" loading=\"lazy\" src=\"https:\/\/www.europesays.com\/de\/wp-content\/uploads\/2025\/03\/zoom-in.f7dae02f.svg.svg+xml\" alt=\"Vergr\u00f6\u00dfern des Bildes\" title=\"Vergr\u00f6\u00dfern des Bildes\" class=\"&#10;        block&#10;        h-[calc(var(--height)_\/_16_*_1rem)]&#10;        w-[calc(var(--width)_\/_16_*_1rem)]&#10;        max-w-none&#10;        absolute bottom-8 right-8 rounded-4 bg-snow p-8\" decoding=\"async\"\/><\/a><\/p>\n<p>Dr. Petra Bahr (Archivbild): Sie geht (wieder) nach Berlin. (Quelle: Jens Schulze \/ Sprengel Hannover)<\/p>\n<p class=\"font-bold text-18 leading-17\">Seit \u00fcber sieben Jahren ist Petra Bahr Regionalbisch\u00f6fin in Hannover. Nun geht sie f\u00fcr einen neuen Posten nach Berlin.<\/p>\n<p class=\"text-18 leading-17\">Regionalbisch\u00f6fin Petra Bahr aus <a class=\"transition-colors duration-200 cursor-pointer text-inherit no-underline text-salemsfur md:hover:text-magenta md:hover:border-magenta md:focus:text-magenta border-current border-b border-solid break-words\" href=\"https:\/\/www.t-online.de\/region\/hannover\/\" data-sctrack=\"BodyAnchor\" target=\"_blank\" rel=\"noopener\">Hannover<\/a> wird Staatssekret\u00e4rin im Bundesministerium f\u00fcr Bildung, Familie, Senioren, Frauen und Jugend. Das teilte die Landeskirche Hannover am Mittwoch mit. Die Theologin, die auch Mitglied des Deutschen Ethikrats ist, stand seit 2017 an der Spitze des Sprengels Hannover.<\/p>\n<p class=\"text-18 leading-17\">Bahr habe &#8222;das Amt der Regionalbisch\u00f6fin im Diskurs zwischen Kirche, Politik, Wissenschaft und Kultur in besonderer Weise gestaltet und damit wichtige Impulse gesetzt&#8220;, sagte Landesbischof Ralf Meister laut einer Mitteilung. Er hob zudem ihre &#8222;Klugheit und scharfsinnige analytische Sichtweise&#8220; hervor.<\/p>\n<p class=\"text-18 leading-17\">Petra Bahr wurde in <a class=\"transition-colors duration-200 cursor-pointer text-inherit no-underline text-salemsfur md:hover:text-magenta md:hover:border-magenta md:focus:text-magenta border-current border-b border-solid break-words\" href=\"https:\/\/www.t-online.de\/themen\/luedenscheid\/\" data-sctrack=\"BodyAnchor\" target=\"_blank\" rel=\"noopener\">L\u00fcdenscheid<\/a> geboren. Nach einer journalistischen Ausbildung studierte sie Theologie und Philosophie. 2002 promovierte sie an der Universit\u00e4t Basel mit einer Arbeit \u00fcber die &#8222;Kritik der Urteilskraft&#8220; von Immanuel Kant.<\/p>\n<p class=\"text-18 leading-17\">Die 59-J\u00e4hrige leitete in der Vergangenheit unter anderem die Politikabteilung der CDU-nahen Konrad-Adenauer-Stiftung e.V. und arbeitete als Kulturbeauftrage im Rat der Evangelischen Kirche in Deutschland.<\/p>\n","protected":false},"excerpt":{"rendered":"Nach sieben Jahren Regionalbisch\u00f6fin Petra Bahr wird Staatssekret\u00e4rin 07.05.2025 &#8211; 16:06 UhrLesedauer: 1 Min. Dr. Petra Bahr (Archivbild):&hellip;\n","protected":false},"author":2,"featured_media":91801,"comment_status":"","ping_status":"","sticky":false,"template":"","format":"standard","meta":{"footnotes":""},"categories":[1836],"tags":[296,3364,29,30,46,12126,1411,37703],"class_list":{"0":"post-91800","1":"post","2":"type-post","3":"status-publish","4":"format-standard","5":"has-post-thumbnail","7":"category-hannover","8":"tag-berlin","9":"tag-de","10":"tag-deutschland","11":"tag-germany","12":"tag-hannover","13":"tag-landeskirche-hannover","14":"tag-niedersachsen","15":"tag-petra-bahr"},"share_on_mastodon":{"url":"https:\/\/pubeurope.com\/@de\/114467037932940977","error":""},"_links":{"self":[{"href":"https:\/\/www.europesays.com\/de\/wp-json\/wp\/v2\/posts\/91800","targetHints":{"allow":["GET"]}}],"collection":[{"href":"https:\/\/www.europesays.com\/de\/wp-json\/wp\/v2\/posts"}],"about":[{"href":"https:\/\/www.europesays.com\/de\/wp-json\/wp\/v2\/types\/post"}],"author":[{"embeddable":true,"href":"https:\/\/www.europesays.com\/de\/wp-json\/wp\/v2\/users\/2"}],"replies":[{"embeddable":true,"href":"https:\/\/www.europesays.com\/de\/wp-json\/wp\/v2\/comments?post=91800"}],"version-history":[{"count":0,"href":"https:\/\/www.europesays.com\/de\/wp-json\/wp\/v2\/posts\/91800\/revisions"}],"wp:featuredmedia":[{"embeddable":true,"href":"https:\/\/www.europesays.com\/de\/wp-json\/wp\/v2\/media\/91801"}],"wp:attachment":[{"href":"https:\/\/www.europesays.com\/de\/wp-json\/wp\/v2\/media?parent=91800"}],"wp:term":[{"taxonomy":"category","embeddable":true,"href":"https:\/\/www.europesays.com\/de\/wp-json\/wp\/v2\/categories?post=91800"},{"taxonomy":"post_tag","embeddable":true,"href":"https:\/\/www.europesays.com\/de\/wp-json\/wp\/v2\/tags?post=91800"}],"curies":[{"name":"wp","href":"https:\/\/api.w.org\/{rel}","templated":true}]}}