{"id":918041,"date":"2026-04-03T10:55:23","date_gmt":"2026-04-03T10:55:23","guid":{"rendered":"https:\/\/www.europesays.com\/de\/918041\/"},"modified":"2026-04-03T10:55:23","modified_gmt":"2026-04-03T10:55:23","slug":"so-versteckt-sich-peter-urban-in-zurueck-in-die-zukunft","status":"publish","type":"post","link":"https:\/\/www.europesays.com\/de\/918041\/","title":{"rendered":"So versteckt sich Peter Urban in &#8222;Zur\u00fcck in die Zukunft&#8220;"},"content":{"rendered":"<p>Musical in Hamburg <\/p>\n<p>Peter Urban spricht Radioansagen in &#8222;Zur\u00fcck in die Zukunft&#8220;<\/p>\n<p>03.04.2026 &#8211; 09:35 UhrLesedauer: 1 Min.<\/p>\n<p><a href=\"#focus-0\" class=\"transition-colors duration-200 block text-current relative\" data-sctrack=\"FocusGalleryImage.Reference\"><img fetchpriority=\"high\" data-testid=\"Opener.Image\" style=\"--lqipURL:url('https:\/\/images.t-online.de\/2023\/05\/B3X6FQNuLf7j\/0x32:4000x2250\/fit-in\/150x0\/filters:blur(25)\/peter-urban-hoert-nach-mehr-als-25-jahren-beim-esc-auf.jpg')\"   loading=\"eager\" src=\"https:\/\/www.europesays.com\/de\/wp-content\/uploads\/2026\/04\/peter-urban-hoert-nach-mehr-als-25-jahren-beim-esc-auf.jpg\" alt=\"Peter Urban: Er kommentierte 25 Jahre lang den ESC.\" title=\"Peter Urban: Er kommentierte 25 Jahre lang den ESC.\" width=\"4000\" height=\"2250\" class=\"bg-[url:var(--lqipURL)] bg-cover bg-center flex h-full w-full max-w-full\" decoding=\"async\"\/><img style=\"--width:32;--height:32\" loading=\"lazy\" src=\"https:\/\/hamburg.t-online.de\/s\/paper\/_next\/static\/media\/zoom-in.f7dae02f.svg\" alt=\"Vergr\u00f6\u00dfern des Bildes\" title=\"Vergr\u00f6\u00dfern des Bildes\" class=\"block h-[calc(var(--height)_\/_16_*_1rem)] w-[calc(var(--width)_\/_16_*_1rem)] max-w-none absolute bottom-8 right-8 rounded-4 bg-snow p-8\" decoding=\"async\"\/><\/a><\/p>\n<p>Peter Urban (Archivbild): Er hat lange Zeit den Eurovision Song Contest moderiert. (Quelle: IMAGO\/Fotostand\/Meyer)<\/p>\n<p class=\"font-bold text-18 leading-17 user-text-lg:text-22 user-text-xl:text-24\">F\u00fcr das neue Musical &#8222;Zur\u00fcck in die Zukunft&#8220; haben sich die Produzenten ein verstecktes Detail \u00fcberlegt. Zuschauer k\u00f6nnen dieses nicht sehen, aber daf\u00fcr h\u00f6ren.<\/p>\n<p class=\"text-18 leading-17 user-text-lg:text-22 user-text-xl:text-24\">Peter Urban ist in der Musicalproduktion &#8222;Zur\u00fcck in die Zukunft \u2013 Das Musical&#8220; als Radiostimme zu h\u00f6ren \u2013 mit Wetterberichten, Nachrichten \u00fcber verschwundenes Plutonium und Werbeeinspielungen. Seine Stimme ist dabei kein offiziell beworbener Bestandteil der Inszenierung, sondern als verstecktes Detail angelegt.<\/p>\n<p class=\"text-18 leading-17 user-text-lg:text-22 user-text-xl:text-24\">Die deutschsprachige Erstauff\u00fchrung fand am Sonntag, 29. M\u00e4rz 2026, im Hamburger Stage Operettenhaus statt. Urban f\u00fchrt darin das Publikum durch die Zeitebenen der 1950er- und 1980er-Jahre, die das St\u00fcck aus dem gleichnamigen Kultfilm \u00fcbernimmt.<\/p>\n<p class=\"text-18 leading-17 user-text-lg:text-22 user-text-xl:text-24\">Urban ist vor allem als langj\u00e4hrige deutsche Stimme des Eurovision Song Contests bekannt. Seine Rolle in der Produktion beschrieb er so: &#8222;Ich bin zwar nicht auf der B\u00fchne zu sehen, aber durch meine Ansagen doch mittendrin in diesem wilden Abenteuer.&#8220;<\/p>\n<p class=\"text-18 leading-17 user-text-lg:text-22 user-text-xl:text-24\">Das Musical basiert auf dem Spielfilm von 1985 und erz\u00e4hlt die Geschichte von Marty McFly und Doc Brown. Es ist die erste Inszenierung des Stoffs in deutscher Sprache. Veranstalter Stage Entertainment zufolge haben erste Zuschauer das versteckte Detail bereits erkannt.<\/p>\n","protected":false},"excerpt":{"rendered":"Musical in Hamburg Peter Urban spricht Radioansagen in &#8222;Zur\u00fcck in die Zukunft&#8220; 03.04.2026 &#8211; 09:35 UhrLesedauer: 1 Min.&hellip;\n","protected":false},"author":2,"featured_media":918042,"comment_status":"","ping_status":"","sticky":false,"template":"","format":"standard","meta":{"footnotes":"","_share_on_mastodon":"0"},"categories":[1826],"tags":[722,29,72263,4631,30,692,42517,200923],"class_list":["post-918041","post","type-post","status-publish","format-standard","has-post-thumbnail","category-hamburg","tag-722","tag-deutschland","tag-doc-brown","tag-eurovision-song-contest","tag-germany","tag-hamburg","tag-peter-urban","tag-radioansage"],"share_on_mastodon":{"url":"https:\/\/pubeurope.com\/@de\/116340413535792868","error":""},"_links":{"self":[{"href":"https:\/\/www.europesays.com\/de\/wp-json\/wp\/v2\/posts\/918041","targetHints":{"allow":["GET"]}}],"collection":[{"href":"https:\/\/www.europesays.com\/de\/wp-json\/wp\/v2\/posts"}],"about":[{"href":"https:\/\/www.europesays.com\/de\/wp-json\/wp\/v2\/types\/post"}],"author":[{"embeddable":true,"href":"https:\/\/www.europesays.com\/de\/wp-json\/wp\/v2\/users\/2"}],"replies":[{"embeddable":true,"href":"https:\/\/www.europesays.com\/de\/wp-json\/wp\/v2\/comments?post=918041"}],"version-history":[{"count":0,"href":"https:\/\/www.europesays.com\/de\/wp-json\/wp\/v2\/posts\/918041\/revisions"}],"wp:featuredmedia":[{"embeddable":true,"href":"https:\/\/www.europesays.com\/de\/wp-json\/wp\/v2\/media\/918042"}],"wp:attachment":[{"href":"https:\/\/www.europesays.com\/de\/wp-json\/wp\/v2\/media?parent=918041"}],"wp:term":[{"taxonomy":"category","embeddable":true,"href":"https:\/\/www.europesays.com\/de\/wp-json\/wp\/v2\/categories?post=918041"},{"taxonomy":"post_tag","embeddable":true,"href":"https:\/\/www.europesays.com\/de\/wp-json\/wp\/v2\/tags?post=918041"}],"curies":[{"name":"wp","href":"https:\/\/api.w.org\/{rel}","templated":true}]}}