{"id":918466,"date":"2026-04-03T14:59:15","date_gmt":"2026-04-03T14:59:15","guid":{"rendered":"https:\/\/www.europesays.com\/de\/918466\/"},"modified":"2026-04-03T14:59:15","modified_gmt":"2026-04-03T14:59:15","slug":"startelf-garantie-fuer-said-el-mala-unter-neuem-trainer","status":"publish","type":"post","link":"https:\/\/www.europesays.com\/de\/918466\/","title":{"rendered":"Startelf-Garantie f\u00fcr Said El Mala unter neuem Trainer"},"content":{"rendered":"<p class=\"text-18 leading-17 user-text-lg:text-22 user-text-xl:text-24\">Das hat sich der FC rund zwei Millionen Euro kosten lassen. Der Grund: Die Viktoria ben\u00f6tigte dieses Geld f\u00fcr die Lizenz in der 3. Liga. Die Gei\u00dfb\u00f6cke gingen daf\u00fcr in Vorleistung und hoffen nun darauf, f\u00fcr El Mala k\u00fcnftig f\u00fcr deutlich mehr als 20 Mio. Euro verkaufen zu k\u00f6nnen. Ab dieser Summe h\u00e4tte der FC der Viktoria weniger gezahlt als die zehn Prozent Beteiligung.<\/p>\n<p class=\"text-18 leading-17 user-text-lg:text-22 user-text-xl:text-24\">Zuletzt hat Brighton &amp; Hove Albion bereits 35 Mio. Euro f\u00fcr den U21-Nationalspieler geboten. Der Au\u00dfenst\u00fcrmer wiederum hatte sich von seinem Berater getrennt und die Verhandlungen \u00fcber seine Zukunft in die H\u00e4nde seiner Eltern gelegt. Ein Abschied vom FC im Sommer 2026 gilt als wahrscheinlich.<\/p>\n<p class=\"text-18 leading-17 user-text-lg:text-22 user-text-xl:text-24\">Wie die &#8222;Bild&#8220; berichtet, k\u00f6nnte der 1. FC K\u00f6ln im kommenden Sommer einen neuen Anlauf unternehmen, Sebastiaan Bornauw zu verpflichten. Der Innenverteidiger, der bereits von 2019 bis 2021 f\u00fcr die Gei\u00dfb\u00f6cke gespielt hat, stand schon im Winter vor einer R\u00fcckkehr nach K\u00f6ln. Damals war sich der FC mit Bornauw, der inzwischen in der Premier League bei Leeds United unter Vertrag steht, \u00fcber eine Leihe einig.<\/p>\n<p class=\"text-18 leading-17 user-text-lg:text-22 user-text-xl:text-24\">Auch Leeds war grunds\u00e4tzlich bereit, den 27-J\u00e4hrigen abzugeben. Allerdings hatte die Mannschaft des deutschen Trainers Daniel Farke im Januar pl\u00f6tzlich personelle Probleme in der Abwehr, sodass der bis dahin kaum eingesetzte Bornauw doch gefragt war und sein Startelf-Deb\u00fct feierte. Inzwischen ist der Belgier aber erneut nur Zuschauer, seit eineinhalb Monaten hat er keine einzige Minute bestritten. So k\u00f6nnte sich f\u00fcr den FC im Sommer erneut die M\u00f6glichkeit f\u00fcr eine Leihe ergeben.<\/p>\n<p class=\"text-18 leading-17 user-text-lg:text-22 user-text-xl:text-24\">Die Personalnot beim 1. FC K\u00f6ln lichtet sich immer mehr. Am Montag konnten mit Joel Schmied und Alessio Castro-Montes zwei Defensiv-Spieler nach l\u00e4ngerer Verletzungspause wieder ins Mannschaftstraining einsteigen. Das Duo absolvierte zun\u00e4chst nur Teile mit seinen Teamkollegen, die Belastung soll dann im Laufe der Woche gesteigert werden.<\/p>\n","protected":false},"excerpt":{"rendered":"Das hat sich der FC rund zwei Millionen Euro kosten lassen. Der Grund: Die Viktoria ben\u00f6tigte dieses Geld&hellip;\n","protected":false},"author":2,"featured_media":439698,"comment_status":"","ping_status":"","sticky":false,"template":"","format":"standard","meta":{"footnotes":"","_share_on_mastodon":"0"},"categories":[1828],"tags":[623,3175,3174,3177,87238,3167,2294,91559,3166,29,460,15184,3153,29371,86534,485,3138,36000,30,3154,643,15872,1420,3134,3142,16069,3143,200999,3169,3160,3172,3170,3168,1209,196036,200998,2365,3171,3165,6921,88549],"class_list":["post-918466","post","type-post","status-publish","format-standard","has-post-thumbnail","category-koeln","tag-1-fc-koeln","tag-3175","tag-3174","tag-3177","tag-87238","tag-anthony-modeste","tag-bank","tag-brighton-hove-albion","tag-britta-carlson","tag-deutschland","tag-eintracht-frankfurt","tag-el-mala","tag-eric-martel","tag-florian-kainz","tag-freistosstor","tag-fussball-bundesliga","tag-geissbock","tag-geissbockheim","tag-germany","tag-joel-schmied","tag-karfreitag","tag-klassenerhalt","tag-koeln","tag-linton-maina","tag-luca-waldschmidt","tag-lukas-kwasniok","tag-mark-uth","tag-markus-halfmann","tag-markus-rejek","tag-mathias-olesen","tag-max-finkgraefe","tag-maximilian-schmid","tag-meiko-sponsel","tag-nordrhein-westfalen","tag-rene-wagner","tag-stephan-schell","tag-sv-werder-bremen","tag-trainingslager","tag-transfermarkt","tag-viktoria-koeln","tag-wolfgang-overath"],"share_on_mastodon":{"url":"","error":"Validation failed: Text character limit of 500 exceeded"},"_links":{"self":[{"href":"https:\/\/www.europesays.com\/de\/wp-json\/wp\/v2\/posts\/918466","targetHints":{"allow":["GET"]}}],"collection":[{"href":"https:\/\/www.europesays.com\/de\/wp-json\/wp\/v2\/posts"}],"about":[{"href":"https:\/\/www.europesays.com\/de\/wp-json\/wp\/v2\/types\/post"}],"author":[{"embeddable":true,"href":"https:\/\/www.europesays.com\/de\/wp-json\/wp\/v2\/users\/2"}],"replies":[{"embeddable":true,"href":"https:\/\/www.europesays.com\/de\/wp-json\/wp\/v2\/comments?post=918466"}],"version-history":[{"count":0,"href":"https:\/\/www.europesays.com\/de\/wp-json\/wp\/v2\/posts\/918466\/revisions"}],"wp:featuredmedia":[{"embeddable":true,"href":"https:\/\/www.europesays.com\/de\/wp-json\/wp\/v2\/media\/439698"}],"wp:attachment":[{"href":"https:\/\/www.europesays.com\/de\/wp-json\/wp\/v2\/media?parent=918466"}],"wp:term":[{"taxonomy":"category","embeddable":true,"href":"https:\/\/www.europesays.com\/de\/wp-json\/wp\/v2\/categories?post=918466"},{"taxonomy":"post_tag","embeddable":true,"href":"https:\/\/www.europesays.com\/de\/wp-json\/wp\/v2\/tags?post=918466"}],"curies":[{"name":"wp","href":"https:\/\/api.w.org\/{rel}","templated":true}]}}