{"id":918661,"date":"2026-04-03T16:43:18","date_gmt":"2026-04-03T16:43:18","guid":{"rendered":"https:\/\/www.europesays.com\/de\/918661\/"},"modified":"2026-04-03T16:43:18","modified_gmt":"2026-04-03T16:43:18","slug":"warum-us-praesident-trump-sein-kabinett-umbaut","status":"publish","type":"post","link":"https:\/\/www.europesays.com\/de\/918661\/","title":{"rendered":"Warum US-Pr\u00e4sident Trump sein Kabinett umbaut"},"content":{"rendered":"<p>            <img loading=\"lazy\" decoding=\"async\" class=\"ts-image\" src=\"https:\/\/www.europesays.com\/de\/wp-content\/uploads\/2026\/04\/trump-4832.jpg\" alt=\"Donald Trump\" title=\"Donald Trump | AFP\"\/><\/p>\n<p>                    <strong>faq<\/strong><\/p>\n<p class=\"metatextline\">Stand: 03.04.2026 \u2022 17:26 Uhr<\/p>\n<p class=\"article-head__shorttext\">\n        <strong>Mitten im Krieg gegen Iran hat der US-Pr\u00e4sident mit Heimatschutzministerin Noem und Justizministerin Bondi zwei treue Gefolgsleute entlassen. Ein Ablenkungsman\u00f6ver? <\/strong>\n    <\/p>\n<p class=\"textabsatz m-ten m-offset-one l-eight l-offset-two columns twelve\">Als Pam Bondi vor gut einem Jahr das Justizministerium in Washington \u00fcbernahm, war die Hoffnung gro\u00df &#8211; nicht nur bei konservativen Meinungsmachern, die maximale Transparenz der Regierung im Umgang mit den Epstein-Akten forderten. Doch nun hat US-Pr\u00e4sident Donald Trump Bondi entlassen. In der \u00f6ffentlichen Wahrnehmung wurde die Justizministerin zuletzt vor allem mit der Aufarbeitung des Skandals um den Sexualstraft\u00e4ter Jeffrey Epstein in Verbindung gebracht.<\/p>\n<p>    Was sagt Trump zur Entlassung der Justizministerin?<\/p>\n<p class=\"textabsatz m-ten m-offset-one l-eight l-offset-two columns twelve\">Gr\u00fcnde f\u00fcr die <a href=\"https:\/\/www.tagesschau.de\/ausland\/amerika\/bondi-justizministerin-trump-100.html\" title=\"Trump entl\u00e4sst Justizministerin Pam Bondi\" rel=\"nofollow noopener\" target=\"_blank\">Entlassung von Bondi<\/a> nannte Trump offiziell nicht. Stattdessen w\u00fcrdigte er Bondi &#8222;als gro\u00dfartige amerikanische Patriotin und loyale Freundin&#8220;. Sie sei in gut einem Jahr im Amt erfolgreich gegen die Kriminalit\u00e4t in den Vereinigten Staaten vorgegangen, schrieb er.<\/p>\n<p>    Was steckt wirklich dahinter?<\/p>\n<p class=\"textabsatz m-ten m-offset-one l-eight l-offset-two columns twelve\">Der Sender CNN und die New York Times berichten, Bondi sei bei Trump unter anderem wegen ihres Umgangs mit den Epstein-Akten in Ungnade gefallen. Die Justizministerin und ihr Ressort hatten den Skandal nicht abr\u00e4umen k\u00f6nnen und waren unter anderem wegen geschw\u00e4rzter Akten, <a href=\"https:\/\/www.tagesschau.de\/ausland\/amerika\/us-regierung-epstein-akten-trump-100.html\" title=\"US-Medienberichte: Werden Epstein-Akten zu Trump zur\u00fcckgehalten?\" rel=\"nofollow noopener\" target=\"_blank\">Vertuschungsvorw\u00fcrfen<\/a> und unzureichendem Opferschutz immer wieder der Kritik. Der Fall <a href=\"https:\/\/www.tagesschau.de\/ausland\/amerika\/epstein-akten-100.html\" title=\"Abstimmung \u00fcber Akten: Warum der Fall Epstein Trump nicht losl\u00e4sst\" rel=\"nofollow noopener\" target=\"_blank\">wurde f\u00fcr Trump zur Belastung<\/a> &#8211; nicht zuletzt, weil auch er in den Akten vorkommt.<\/p>\n<p>    Welche Rolle spielt die Epstein-Aufarbeitung?<\/p>\n<p class=\"textabsatz m-ten m-offset-one l-eight l-offset-two columns twelve\">Der Kontrollausschuss des US-Repr\u00e4sentantenhauses hatte Bondi im M\u00e4rz vorgeladen, um sie zu ihrer Rolle bei der Ver\u00f6ffentlichung der Epstein-Akten zu befragen. Sie sollte eigentlich in knapp zwei Wochen vor dem Ausschuss aussagen. Inwieweit ihre Entlassung darauf Einfluss hat und ihr nun wom\u00f6glich die Aussage ersparen k\u00f6nnte, ist fraglich.<\/p>\n<p>    Was ist noch zu Bondis Entlassung bekannt?<\/p>\n<p class=\"textabsatz m-ten m-offset-one l-eight l-offset-two columns twelve\">Trump soll auch frustriert gewesen sein, weil Bondi aus seiner Sicht nicht hart genug gegen seine Widersacher vorging. Trump hatte die Justizministerin unter anderem zu Verfahren gegen die New Yorker Generalstaatsanw\u00e4ltin Letitia James und den fr\u00fcheren FBI-Chef James Comey animiert, die beide in der Vergangenheit gegen Trump ermittelt hatten. <a href=\"https:\/\/www.tagesschau.de\/ausland\/amerika\/us-richter-klagen-comey-james-100.html\" title=\"Bundesrichter weist Klagen gegen James Comey und Letitia James ab\" rel=\"nofollow noopener\" target=\"_blank\">Gerichte blockierten die Anklagen jedoch. <\/a><\/p>\n<p>    Was passierte mit Heimatschutzministerin Noem?<\/p>\n<p class=\"textabsatz m-ten m-offset-one l-eight l-offset-two columns twelve\">Anfang M\u00e4rz hatte Trump bereits <a href=\"https:\/\/www.tagesschau.de\/ausland\/amerika\/noem-abberufung-100.html\" title=\"Erste Entlassung im Kabinett: Trump beruft Heimatschutzministerin Noem ab\" rel=\"nofollow noopener\" target=\"_blank\">Heimatschutzministerin Kristi Noem entlassen.<\/a> Sie war nach t\u00f6dlichen Sch\u00fcssen von ICE-Einsatzkr\u00e4ften auf zwei US-B\u00fcrger in der Stadt Minneapolis mit R\u00fccktrittsforderungen konfrontiert. Seit rund 50 Tagen hat das Heimatschutzministerium au\u00dferdem ein Finanzierungsloch. Demokraten und Republikaner konnten sich wegen eines Streits um die umstrittenen Abschiebe-Razzien bisher nicht auf einen Haushalt f\u00fcr das Ministerium einigen.<\/p>\n<p>    Warum jetzt diese Entlassungen?<\/p>\n<p class=\"textabsatz m-ten m-offset-one l-eight l-offset-two columns twelve\">Schon vor Beginn des Iran-Kriegs stand US-Pr\u00e4sident Trump innenpolitisch unter Druck. Doch sein planlos wirkendes Vorgehen im Krieg und massiv steigende Lebenshaltungskosten haben diesen <a href=\"https:\/\/www.tagesschau.de\/ausland\/amerika\/usa-affordability-trump-lebenshaltungskosten-100.html\" title=\"Lebenshaltungskosten in den USA: Der Schwachpunkt des Pr\u00e4sidenten\" rel=\"nofollow noopener\" target=\"_blank\">noch einmal deutlich ansteigen lassen<\/a>. Im November stehen in den USA die Zwischenwahlen an. Die Mehrheit der Republikaner im Repr\u00e4sentantenhaus und im Senat steht auf dem Spiel.<\/p>\n<p class=\"textabsatz m-ten m-offset-one l-eight l-offset-two columns twelve\">Meinungsumfragen zufolge sinken die Zustimmungsraten des Pr\u00e4sidenten seit Monaten. Einer aktuellen Umfrage im Auftrag des TV-Senders CNN zufolge ist inzwischen die Mehrheit (64 Prozent) der Amerikaner mit Trumps Amtsaus\u00fcbung unzufrieden.<\/p>\n<p class=\"textabsatz m-ten m-offset-one l-eight l-offset-two columns twelve\">Die Entlassung von zwei seiner wichtigsten Kabinettsmitglieder k\u00f6nnte daher als Ablenkung verstanden werden &#8211; oder auch als Zeichen entschiedenen Handelns.<\/p>\n","protected":false},"excerpt":{"rendered":"faq Stand: 03.04.2026 \u2022 17:26 Uhr Mitten im Krieg gegen Iran hat der US-Pr\u00e4sident mit Heimatschutzministerin Noem und&hellip;\n","protected":false},"author":2,"featured_media":918662,"comment_status":"","ping_status":"","sticky":false,"template":"","format":"standard","meta":{"footnotes":"","_share_on_mastodon":"0"},"categories":[5],"tags":[95417,13,14,15,62084,12,10,8,9,11,113,64],"class_list":["post-918661","post","type-post","status-publish","format-standard","has-post-thumbnail","category-nachrichten","tag-bondi","tag-headlines","tag-nachrichten","tag-news","tag-noem","tag-schlagzeilen","tag-top-news","tag-top-meldungen","tag-topmeldungen","tag-topnews","tag-trump","tag-usa"],"share_on_mastodon":{"url":"https:\/\/pubeurope.com\/@de\/116341781946040213","error":""},"_links":{"self":[{"href":"https:\/\/www.europesays.com\/de\/wp-json\/wp\/v2\/posts\/918661","targetHints":{"allow":["GET"]}}],"collection":[{"href":"https:\/\/www.europesays.com\/de\/wp-json\/wp\/v2\/posts"}],"about":[{"href":"https:\/\/www.europesays.com\/de\/wp-json\/wp\/v2\/types\/post"}],"author":[{"embeddable":true,"href":"https:\/\/www.europesays.com\/de\/wp-json\/wp\/v2\/users\/2"}],"replies":[{"embeddable":true,"href":"https:\/\/www.europesays.com\/de\/wp-json\/wp\/v2\/comments?post=918661"}],"version-history":[{"count":0,"href":"https:\/\/www.europesays.com\/de\/wp-json\/wp\/v2\/posts\/918661\/revisions"}],"wp:featuredmedia":[{"embeddable":true,"href":"https:\/\/www.europesays.com\/de\/wp-json\/wp\/v2\/media\/918662"}],"wp:attachment":[{"href":"https:\/\/www.europesays.com\/de\/wp-json\/wp\/v2\/media?parent=918661"}],"wp:term":[{"taxonomy":"category","embeddable":true,"href":"https:\/\/www.europesays.com\/de\/wp-json\/wp\/v2\/categories?post=918661"},{"taxonomy":"post_tag","embeddable":true,"href":"https:\/\/www.europesays.com\/de\/wp-json\/wp\/v2\/tags?post=918661"}],"curies":[{"name":"wp","href":"https:\/\/api.w.org\/{rel}","templated":true}]}}