{"id":918681,"date":"2026-04-03T16:54:23","date_gmt":"2026-04-03T16:54:23","guid":{"rendered":"https:\/\/www.europesays.com\/de\/918681\/"},"modified":"2026-04-03T16:54:23","modified_gmt":"2026-04-03T16:54:23","slug":"europa-gymnasium-mit-spanisch-zum-abi-woerth","status":"publish","type":"post","link":"https:\/\/www.europesays.com\/de\/918681\/","title":{"rendered":"Europa-Gymnasium: Mit Spanisch zum Abi &#8211; W\u00f6rth"},"content":{"rendered":"<p class=\"rhp-dpa-teaser\"><b>Am Europa-Gymnasium W\u00f6rth k\u00f6nnen Sch\u00fcler ab der neunten Klasse Spanisch belegen und darin Abitur  machen. Das  Angebot ist in der Region einzigartig.<\/b><\/p>\n<p> Wer sich in der neunten Klasse f\u00fcr Spanisch entscheidet, hat drei zus\u00e4tzliche Stunden Nachmittagsunterricht pro Woche. <a href=\"https:\/\/www.rheinpfalz.de\/lokal\/kreis-germersheim_artikel,-europa-gymnasiasten-spitze-bei-wettbewerb-f%C3%BCr-fremdsprachen-_arid,5216979.html\" target=\"_blank\" class=\"external-link-new-window\" title=\"\" rel=\"nofollow noopener\">\u201eUnsere Sch\u00fclerinnen und Sch\u00fcler w\u00e4hlen Spanisch sehr bewusst\u201c, sagt Lehrerin Nadine Lebrecht<\/a><\/p>\n<p>. Auch ihre Kollegin Eva Glaser berichtet, dass die Entscheidung<\/p>\n<p class=\"rhp-teaser\"><b>Am Europa-Gymnasium W\u00f6rth k\u00f6nnen Sch\u00fcler ab der neunten Klasse Spanisch belegen und darin Abitur  machen. Das  Angebot ist in der Region einzigartig.<\/b><\/p>\n","protected":false},"excerpt":{"rendered":"Am Europa-Gymnasium W\u00f6rth k\u00f6nnen Sch\u00fcler ab der neunten Klasse Spanisch belegen und darin Abitur machen. Das Angebot ist&hellip;\n","protected":false},"author":2,"featured_media":918682,"comment_status":"","ping_status":"","sticky":false,"template":"","format":"standard","meta":{"footnotes":"","_share_on_mastodon":"0"},"categories":[1844],"tags":[1634,3364,29,201038,30,27726,201039,34959,8903,4060,201037,26148],"class_list":["post-918681","post","type-post","status-publish","format-standard","has-post-thumbnail","category-karlsruhe","tag-baden-wuerttemberg","tag-de","tag-deutschland","tag-eva-glaser","tag-germany","tag-jockgrim","tag-julian-klimesch","tag-kandel","tag-karlsruhe","tag-lokal","tag-nadine-lebrecht","tag-woerth"],"share_on_mastodon":{"url":"https:\/\/pubeurope.com\/@de\/116341824946137222","error":""},"_links":{"self":[{"href":"https:\/\/www.europesays.com\/de\/wp-json\/wp\/v2\/posts\/918681","targetHints":{"allow":["GET"]}}],"collection":[{"href":"https:\/\/www.europesays.com\/de\/wp-json\/wp\/v2\/posts"}],"about":[{"href":"https:\/\/www.europesays.com\/de\/wp-json\/wp\/v2\/types\/post"}],"author":[{"embeddable":true,"href":"https:\/\/www.europesays.com\/de\/wp-json\/wp\/v2\/users\/2"}],"replies":[{"embeddable":true,"href":"https:\/\/www.europesays.com\/de\/wp-json\/wp\/v2\/comments?post=918681"}],"version-history":[{"count":0,"href":"https:\/\/www.europesays.com\/de\/wp-json\/wp\/v2\/posts\/918681\/revisions"}],"wp:featuredmedia":[{"embeddable":true,"href":"https:\/\/www.europesays.com\/de\/wp-json\/wp\/v2\/media\/918682"}],"wp:attachment":[{"href":"https:\/\/www.europesays.com\/de\/wp-json\/wp\/v2\/media?parent=918681"}],"wp:term":[{"taxonomy":"category","embeddable":true,"href":"https:\/\/www.europesays.com\/de\/wp-json\/wp\/v2\/categories?post=918681"},{"taxonomy":"post_tag","embeddable":true,"href":"https:\/\/www.europesays.com\/de\/wp-json\/wp\/v2\/tags?post=918681"}],"curies":[{"name":"wp","href":"https:\/\/api.w.org\/{rel}","templated":true}]}}