{"id":918716,"date":"2026-04-03T17:12:14","date_gmt":"2026-04-03T17:12:14","guid":{"rendered":"https:\/\/www.europesays.com\/de\/918716\/"},"modified":"2026-04-03T17:12:14","modified_gmt":"2026-04-03T17:12:14","slug":"irankrieg-us-regierung-bestaetigt-abschuss-von-kampfflugzeug-und-sucht-nach-crew","status":"publish","type":"post","link":"https:\/\/www.europesays.com\/de\/918716\/","title":{"rendered":"Irankrieg: US-Regierung best\u00e4tigt Abschuss von Kampfflugzeug und sucht nach Crew"},"content":{"rendered":"<p class=\"paragraph article__item\">\u00dcber dem <a href=\"https:\/\/www.zeit.de\/thema\/iran\" target=\"_blank\" rel=\"nofollow noopener\">Iran<\/a> ist nach Angaben der US-Regierung ein amerikanischer Kampfjet abgeschossen worden. Einer der beiden US-Soldaten ist gerettet worden, berichtet die New York Times unter Berufung auf Vertreter der USA und Israels. Laut der Nachrichtenagentur Reuters dauert die Suche nach dem zweiten Besatzungsmitglied an, wie es von US-Quellen hie\u00df. Bei dem Flugzeug hat es sich demnach um einen Zweisitzer-Jet des Typs F-15E gehandelt.\n<\/p>\n<p class=\"paragraph article__item\">Der US-Nachrichtensender CNN berichtete bereits, die von iranischen Medien ver\u00f6ffentlichten Bilder w\u00fcrden m\u00f6glicherweise einen Kampfjet vom Typ F-15 zeigen. <a class=\"rtr-entity\" href=\"https:\/\/www.zeit.de\/thema\/iran\" rel=\"nofollow noopener\" target=\"_blank\">Irans<\/a> Streitkr\u00e4fte hatten zuvor vom <a href=\"https:\/\/www.zeit.de\/politik\/ausland\/2026-04\/f-35-kampfjet-iran-abschuss-revolutionsgarden-usa\" target=\"_blank\" rel=\"nofollow noopener\">Abschuss eines Kampfjets vom Typ F-35<\/a>\u00a0berichtet.\n<\/p>\n<p>        Polizei verspricht Belohnung bei Fund der US-Soldaten        <\/p>\n<p class=\"paragraph article__item\">Ein \u00f6rtlicher iranischer TV-Sender zeigte Bilder, die den zerst\u00f6rten Jet am Boden zeigen sollen. Die iranische Nachrichtenagentur Fars meldete, die Armee sei auf der Suche nach dem Piloten. Der TV-Bericht berief sich auf eine Polizei-Mitteilung, wonach das Flugzeug \u00fcber dem Zentraliran ins Visier genommen worden und m\u00f6glicherweise in der Provinz Kohgilujeh und Bojer-Ahmad abgest\u00fcrzt sei. In der Mitteilung wurden die Bewohnerinnen und Bewohner der Region aufgerufen, sich an der Suche nach dem oder den Piloten zu beteiligen; f\u00fcr die Ergreifung von <a href=\"https:\/\/www.zeit.de\/politik\/ausland\/2026-03\/irankrieg-donald-trump-bodentruppen-verhandlungen\" target=\"_blank\" rel=\"nofollow noopener\">US-Soldaten<\/a> wurde eine Pr\u00e4mie ausgesetzt.\n<\/p>\n<p class=\"paragraph article__item\">An der Suche im Westen <a href=\"https:\/\/www.zeit.de\/politik\/ausland\/2026-03\/lisa-murkowski-republikaner-kongress-iran-krieg-donald-trump-gxe\" target=\"_blank\" rel=\"nofollow noopener\">Irans<\/a> seien ein Tankflugzeug und zwei Helikopter des Typs HH-60G beteiligt, berichtete die Washington Post.\n<\/p>\n<p class=\"paragraph article__item\">Bislang sind nach Angaben des US-Zentralkommandos 13 Angeh\u00f6rige der US-Streitkr\u00e4fte in dem Krieg get\u00f6tet und mehr als 300 verwundet worden. Es wurden keine US-Soldaten vom Iran gefangen genommen. Die USA und Israel hatten am 28. Februar mit Luftangriffen auf den Iran begonnen.\n<\/p>\n<p>Mehr zum Thema<\/p>\n<p>            Irankrieg        <\/p>\n<p>                <a href=\"https:\/\/www.zeit.de\/politik\/ausland\/2026-04\/positionen-irankrieg-europa-strasse-von-hormus-donald-trump\" data-ct-label=\"Positionen zum Irankrieg: So etwas wie Widerstand\" data-uuid=\"087b2273-c9d0-472f-b5ba-e7d30e525571\" rel=\"nofollow noopener\" target=\"_blank\"><\/p>\n<p>        Z+ (abopflichtiger Inhalt);<\/p>\n<p>    Positionen zum Irankrieg:<br \/>\n                        So etwas wie Widerstand<\/p>\n<p>                <\/a><\/p>\n<p>                <a href=\"https:\/\/www.zeit.de\/2026\/15\/iran-krieg-militaerische-strategie-revolutionsgarden-usa\" data-ct-label=\"Irankrieg: &quot;Die Amerikaner sollen nur kommen&quot; \" data-uuid=\"1b82491c-89db-4095-b8bc-c25837b070c7\" rel=\"nofollow noopener\" target=\"_blank\"><\/p>\n<p>                        Irankrieg:<br \/>\n                        &#8222;Die Amerikaner sollen nur kommen&#8220; <\/p>\n<p>                <\/a><\/p>\n<p>                <a href=\"https:\/\/www.zeit.de\/feuilleton\/2026-03\/globale-krisen-abwaertsspirale-eswar-prasad-oekonom\" data-ct-label=\"Globales Krisenszenario \u2022 Z+ Empfehlung: &quot;Wir sollten uns mental auf die Katastrophe vorbereiten&quot;\" data-uuid=\"8967f657-297a-4dff-8ab9-62655d0fe5c1\" rel=\"nofollow noopener\" target=\"_blank\"><\/p>\n<p>        Z+ (abopflichtiger Inhalt);<\/p>\n<p>    Globales Krisenszenario \u2022 Z+ Empfehlung:<br \/>\n                        &#8222;Wir sollten uns mental auf die Katastrophe vorbereiten&#8220;<\/p>\n<p>                <\/a><\/p>\n","protected":false},"excerpt":{"rendered":"\u00dcber dem Iran ist nach Angaben der US-Regierung ein amerikanischer Kampfjet abgeschossen worden. Einer der beiden US-Soldaten ist&hellip;\n","protected":false},"author":2,"featured_media":918717,"comment_status":"","ping_status":"","sticky":false,"template":"","format":"standard","meta":{"footnotes":"","_share_on_mastodon":"0"},"categories":[5],"tags":[331,332,3364,29,30,13,345,187293,33687,451,14,15,16,12,55617,14953],"class_list":["post-918716","post","type-post","status-publish","format-standard","has-post-thumbnail","category-nachrichten","tag-aktuelle-nachrichten","tag-aktuelle-news","tag-de","tag-deutschland","tag-germany","tag-headlines","tag-iran","tag-irankrieg","tag-kampfflugzeug","tag-militaer","tag-nachrichten","tag-news","tag-politik","tag-schlagzeilen","tag-suchaktion","tag-us-militaer"],"share_on_mastodon":{"url":"https:\/\/pubeurope.com\/@de\/116341896040355311","error":""},"_links":{"self":[{"href":"https:\/\/www.europesays.com\/de\/wp-json\/wp\/v2\/posts\/918716","targetHints":{"allow":["GET"]}}],"collection":[{"href":"https:\/\/www.europesays.com\/de\/wp-json\/wp\/v2\/posts"}],"about":[{"href":"https:\/\/www.europesays.com\/de\/wp-json\/wp\/v2\/types\/post"}],"author":[{"embeddable":true,"href":"https:\/\/www.europesays.com\/de\/wp-json\/wp\/v2\/users\/2"}],"replies":[{"embeddable":true,"href":"https:\/\/www.europesays.com\/de\/wp-json\/wp\/v2\/comments?post=918716"}],"version-history":[{"count":0,"href":"https:\/\/www.europesays.com\/de\/wp-json\/wp\/v2\/posts\/918716\/revisions"}],"wp:featuredmedia":[{"embeddable":true,"href":"https:\/\/www.europesays.com\/de\/wp-json\/wp\/v2\/media\/918717"}],"wp:attachment":[{"href":"https:\/\/www.europesays.com\/de\/wp-json\/wp\/v2\/media?parent=918716"}],"wp:term":[{"taxonomy":"category","embeddable":true,"href":"https:\/\/www.europesays.com\/de\/wp-json\/wp\/v2\/categories?post=918716"},{"taxonomy":"post_tag","embeddable":true,"href":"https:\/\/www.europesays.com\/de\/wp-json\/wp\/v2\/tags?post=918716"}],"curies":[{"name":"wp","href":"https:\/\/api.w.org\/{rel}","templated":true}]}}