{"id":918838,"date":"2026-04-03T18:19:20","date_gmt":"2026-04-03T18:19:20","guid":{"rendered":"https:\/\/www.europesays.com\/de\/918838\/"},"modified":"2026-04-03T18:19:20","modified_gmt":"2026-04-03T18:19:20","slug":"kult-kneipe-feiert-geburtstag-punk-rettet-die-welt-und-bielefeld","status":"publish","type":"post","link":"https:\/\/www.europesays.com\/de\/918838\/","title":{"rendered":"Kult-Kneipe feiert Geburtstag: \u201ePunk rettet die Welt\u201c \u2013 und Bielefeld"},"content":{"rendered":"<p id=\"absatz1\" class=\"em_text\">Bielefeld. \u201eDer Letzte an der Bar schreibt beim Leben an\u201c singt Henning Wehland in der Kiezkneipe \u201eHeimat+Hafen\u201c anl\u00e4sslich ihres 14. Geburtstages und er meint es auch so. Wehland, Frontmann und Gr\u00fcnder der Rockband \u201eH-Blockx\u201c, die derzeit mit ihrem neuen Album \u201eFillin_the_blank\u201c die Charts st\u00fcrmen (Platz Eins!) und Rampensau bei zahllosen Festivals \u2013 im Sommer auch in Wacken \u2013 wei\u00df w\u00f6rtlich ein Lied davon zu singen als jemand, der seine Alkoholsucht erfolgreich \u00fcberwunden hat. Er war oft genug der Letzte an der Bar und macht aus seinem Herzen keine M\u00f6rdergrube. Er kann aber auch ohne Sprit richtig Stimmung machen. Das hat er j\u00fcngst bei seinem guten Kumpel, Walent-Tony Cerkez, Hafenmeister in der Hafenkneipe im Bielefelder Westen, dieses stets durstigen Etablissements, bewiesen.<\/p>\n<p id=\"absatz2\" class=\"em_text\">Henning, der M\u00fcnsteraner Tausendsassa, der zwischen Crossover, Rap, Rock, \u201eS\u00f6hne Mannheims\u201c und \u201eThe Voice-Kids\u201c so ziemlich alles in der Schatulle hat, gibt eine steile Botschaft w\u00e4hrend seines \u201eWohnzimmerkonzerts\u201c in der Kneipe: \u201ePunk rettet die Welt\u201c. Der Typ ist so authentisch, man nimmt es ihm mit geschlossenen Augen ab. \u201ePunk ist die Kreativit\u00e4t aus dir selbst heraus\u201c, erkl\u00e4rt er seine These. \u201eDer alte Mann und das Leergut mit den Taschen voller Flaschen\u201c, das ist Punk.<\/p>\n<p>Punk mit Sarah Conner und Johnny Cash im \u201eHeimat+Hafen\u201c<\/p>\n<p id=\"absatz3\" class=\"em_text\">Sein schnulziges, aber heimeliges Duett mit Sarah Conner,\u201eBonnie &amp; Clyde\u201c (\u201eDie w\u00e4re gerne hier bei euch im Hafen gewesen, hatte aber einen anderen Termin\u201c), das ist Punk. Johnny Cash (Wehland singt \u201eGive my love to Rose\u201c), ist f\u00fcr Henning Wehland der erste Punk der Musikgeschichte \u2013 also gut zwanzig Jahre vor den Sex Pistols. Und sogar Oasis\u2019 \u201eWonderwall\u201c ist Punk. Heimweh und Seenot, \u201eDas ist Punk, Leute!\u201c<\/p>\n<p id=\"absatz4\" class=\"em_text\">Henning Wehland hatte eine komplette Band dabei und es waren nicht die H-Blockx, \u201eRising High\u201c, die Hymne der Skater im Land, hat er dennoch gespielt mit \u201efunky attitudes\u201c, mit Janni (Gitarre), Josha (Bass) und Ben (Drums), sowie den fabul\u00f6sen Beatboxern Rocko und Easy, ein echtes Vergn\u00fcgen, ein gro\u00dfartiger Auftakt der Geburtstagsfeierlichkeiten im \u201eHeimat+Hafen\u201c&#8230;<\/p>\n<p>\n        \u00d7\n    <\/p>\n<p>\n            Sie erhalten in wenigen Minuten eine E-Mail zur Best\u00e4tigung Ihrer Anmeldung.\n        <\/p>\n<p>Erst danach ist diese abgeschlossen.<\/p>\n<p>Bitte pr\u00fcfen Sie auch den Spam-Ordner.<\/p>\n<p>\n        \u00d7\n    <\/p>\n<p>\n            Sie haben bisher Ihre E-Mail-Adresse noch nicht best\u00e4tigt.\n        <\/p>\n<p>Erst danach ist diese abgeschlossen.<\/p>\n<p>Bitte pr\u00fcfen Sie auch den Spam-Ordner.<\/p>\n<p>\n        \u00d7\n    <\/p>\n<p>\n            Es ist einen Fehler aufgetreten\n        <\/p>\n<p>Bei Fragen hilft unser Newsletter-Support<\/p>\n<p> Newsletter<\/p>\n<p> Update zum Abend<\/p>\n<p>Informiert bleiben mit t\u00e4glichen News aus Bielefeld, OWL und der Welt.<\/p>\n<p>                Jetzt anmelden<\/p>\n<p id=\"absatz5\"><b class=\"bold\">Lesen Sie auch: <\/b><a href=\"https:\/\/www.nw.de\/lokal\/bielefeld\/mitte\/24292320_H-Blockx-Saenger-Henning-Wehland-gibt-Solo-Konzert-in-Bielefelder-Kiezkneipe.html\" rel=\"nofollow noopener\" target=\"_blank\">\u201eH-Blockx\u201c-S\u00e4nger Henning Wehland gibt Solo-Konzert in Bielefelder Kiezkneipe <\/a><\/p>\n<p>        <a href=\"https:\/\/www.nw.de\/_em_daten\/_cache\/image\/1xRDhlVms3Mk03Y3o2VzVYUUVVNzVjVDNMdHNwdjZmWmhHWjlUVi94ZnBLT2RpQlhqM1NMZDg1RTEvWDJKTjdSL2F6ZmFGTjRMZUVTYVdDMTJMT21WQnJ3RjUvMXpMV09MQTZ4MlIwUVgvanc9\/260403-1313-882164773.jpg\" class=\"nw-article-image\" title=\"Shantallica zum Fr\u00fchst\u00fcck beim Fr\u00fchschoppen.\" data-glightbox=\"type: image; description: Shantallica zum Fr\u00fchst\u00fcck beim Fr\u00fchschoppen.  | \u00a9 Heimo Stefula \" rel=\"nofollow noopener\" target=\"_blank\"><br \/>\n            <img decoding=\"async\" src=\"https:\/\/www.europesays.com\/de\/wp-content\/uploads\/2026\/04\/260403-1313-882164773.jpg\" class=\"nw-img-fluid nw-w-full nw-lazy nw-rounded-t-md\" alt=\"Shantallica zum Fr\u00fchst\u00fcck beim Fr\u00fchschoppen. - \u00a9 Heimo Stefula\" data-format=\"16:9\"\/><br \/>\n        <\/a><\/p>\n<p>                Shantallica zum Fr\u00fchst\u00fcck beim Fr\u00fchschoppen.<br \/>\n                                    | \u00a9 Heimo Stefula<\/p>\n<p id=\"absatz6\" class=\"em_text\">&#8230;die mit Punk, Pogo, Polonaise und viel Pils weitergingen zum Fr\u00fchschoppen am Sonntag nach dem Kirchgang mit den lieben Stimmwundern von Shantallica. Nun, was soll man sagen? Sie k\u00f6nnen nix \u2013 jedenfalls nicht singen \u2013 aber das k\u00f6nnen sie gut, richtig gut! Abriss und Eskalation auf ganzer Linie in der proppevollen Hafenkneipe. Bielefeld-Schlager, Arminia-Hymnen, Seemanns-Shanties und \u201eSweet Caroline\u201c, Herz, was willst Du mehr zum fl\u00fcssigen Fr\u00fchst\u00fcck?<\/p>\n<p>Verr\u00fcckte Voraussetzungen f\u00fcrs Mitsingen bei Shantallica<\/p>\n<p id=\"absatz7\" class=\"em_text\">Ein stadtbekannter \u201eA-Team\u201c-Sprecher (also Henner Zimmat vom Altstadt-Team Bielefeld) verriet am Rande \u2013 besser am Tresen: \u201eIch hab\u2019 mich bei dem M\u00e4nnerchor mal beworben, Einstellungsvoraussetzungen waren: Man musste Arminia-Fan sein, man musste trinkfest sein und man durfte nicht singen k\u00f6nnen. Da war ich raus, denn ich kann singen\u201c. Das Leben schreibt seine eigenen Gesetze und Shantallica sowieso.<\/p>\n<p id=\"absatz8\"><b class=\"bold\">Shantallica beim weltgr\u00f6\u00dften Metal-Festival: <\/b><a href=\"https:\/\/www.nw.de\/lokal\/bielefeld\/mitte\/24147640_Bielefelder-Shanty-Chor-rockt-Wacken-Shantallica-im-siebenten-Himmel.html\" rel=\"nofollow noopener\" target=\"_blank\">Shantallica im siebenten Himmel <\/a>(mit Video)<\/p>\n<p id=\"absatz9\" class=\"em_text\">Diese Jungs waren letztes Jahr auch in Wacken und in einem j\u00fcngst ver\u00f6ffentlichten Podcast berichtete BAP-Frontmann Wolfgang Niedecken \u00fcber das Metal-Festival und erw\u00e4hnte lobend den etwas anderen Bielefelder M\u00e4nnergesangsverein: \u201eDie haben alle geweint\u201c.<a href=\"https:\/\/www.nw.de\/lokal\/bielefeld\/mitte\/24292320_H-Blockx-Saenger-Henning-Wehland-gibt-Solo-Konzert-in-Bielefelder-Kiezkneipe.html\" rel=\"nofollow noopener\" target=\"_blank\"><\/p>\n","protected":false},"excerpt":{"rendered":"Bielefeld. \u201eDer Letzte an der Bar schreibt beim Leben an\u201c singt Henning Wehland in der Kiezkneipe \u201eHeimat+Hafen\u201c anl\u00e4sslich&hellip;\n","protected":false},"author":2,"featured_media":918839,"comment_status":"","ping_status":"","sticky":false,"template":"","format":"standard","meta":{"footnotes":"","_share_on_mastodon":"0"},"categories":[1841],"tags":[4594,1605,3364,29,30,22400,159176,48201,1610,4280,733,198715,736,164252,735,1613,1209,201073,201074,201075,97397,48202],"class_list":["post-918838","post","type-post","status-publish","format-standard","has-post-thumbnail","category-bielefeld","tag-bar","tag-bielefeld","tag-de","tag-deutschland","tag-germany","tag-henning-wehland","tag-johnny-cash","tag-kiezkneipe","tag-label_gastro-shopping","tag-label_l-120","tag-label_unterhalte-mich","tag-meta_artikelklasse_nische","tag-meta_copyrights_nw","tag-meta_eo_zusammenfassung","tag-meta_themen_medien_kultur","tag-meta_userneeds_informieremich","tag-nordrhein-westfalen","tag-shne-mannheims","tag-sarah-conner","tag-shantallica","tag-verschnaufpause","tag-walent-tony-cerkez"],"share_on_mastodon":{"url":"https:\/\/pubeurope.com\/@de\/116342159502742127","error":""},"_links":{"self":[{"href":"https:\/\/www.europesays.com\/de\/wp-json\/wp\/v2\/posts\/918838","targetHints":{"allow":["GET"]}}],"collection":[{"href":"https:\/\/www.europesays.com\/de\/wp-json\/wp\/v2\/posts"}],"about":[{"href":"https:\/\/www.europesays.com\/de\/wp-json\/wp\/v2\/types\/post"}],"author":[{"embeddable":true,"href":"https:\/\/www.europesays.com\/de\/wp-json\/wp\/v2\/users\/2"}],"replies":[{"embeddable":true,"href":"https:\/\/www.europesays.com\/de\/wp-json\/wp\/v2\/comments?post=918838"}],"version-history":[{"count":0,"href":"https:\/\/www.europesays.com\/de\/wp-json\/wp\/v2\/posts\/918838\/revisions"}],"wp:featuredmedia":[{"embeddable":true,"href":"https:\/\/www.europesays.com\/de\/wp-json\/wp\/v2\/media\/918839"}],"wp:attachment":[{"href":"https:\/\/www.europesays.com\/de\/wp-json\/wp\/v2\/media?parent=918838"}],"wp:term":[{"taxonomy":"category","embeddable":true,"href":"https:\/\/www.europesays.com\/de\/wp-json\/wp\/v2\/categories?post=918838"},{"taxonomy":"post_tag","embeddable":true,"href":"https:\/\/www.europesays.com\/de\/wp-json\/wp\/v2\/tags?post=918838"}],"curies":[{"name":"wp","href":"https:\/\/api.w.org\/{rel}","templated":true}]}}