{"id":919296,"date":"2026-04-03T22:48:28","date_gmt":"2026-04-03T22:48:28","guid":{"rendered":"https:\/\/www.europesays.com\/de\/919296\/"},"modified":"2026-04-03T22:48:28","modified_gmt":"2026-04-03T22:48:28","slug":"kritik-an-frank-bommert-ich-finde-da-ueberhaupt-nichts-schlimmes-dran-sagt-der-cdu-politiker-ueber-seinen-wehrmacht-post","status":"publish","type":"post","link":"https:\/\/www.europesays.com\/de\/919296\/","title":{"rendered":"Kritik an Frank Bommert: \u201eIch finde da \u00fcberhaupt nichts Schlimmes dran\u201c, sagt der CDU-Politiker \u00fcber seinen Wehrmacht-Post"},"content":{"rendered":"<p>Der CDU-Landespolitiker Frank Bommert steht wegen einer Instagram-Story in der Kritik. Weil er Fotos von Wehrmachtsfahrzeugen geteilt hatte, werden aus seinem Verband R\u00fccktrittsforderungen laut. Gegen\u00fcber WELT bezieht er Stellung.<\/p>\n<p class=\"is-first-paragraph\" data-external=\"Article.FirstParagraph\">Eine Instagram-Story bringt den Brandenburger CDU-Politiker Frank Bommert in Bedr\u00e4ngnis. Der stellvertretende CDU-Fraktionsvorsitzende und Kreisvorsitzende der CDU Oberhavel hatte das Video eines Milit\u00e4rfahrzeug-Treffens gepostet, in dem auch restaurierte Motorr\u00e4der der Deutschen Wehrmacht zu sehen waren. Bommert bezeichnete die Ver\u00f6ffentlichung als Versehen. \u201eDas hatte mir ein Bekannter von der Bundeswehr geschickt\u201c, sagte er in einer ersten Reaktion gegen\u00fcber <a class=\"is-link c-block-items__link is-external c-link--rich-text-renderer\" href=\"https:\/\/www.bz-berlin.de\/brandenburg\/cdu-politiker-zeigt-verstoerendes-militaer-video\" target=\"_blank\" title=\"(Link wird in einem neuen Tab ge\u00f6ffnet)\" rel=\"nofollow noopener\" data-internal-tracking-enabled=\"true\" data-internal-tracking=\"{&quot;action&quot;:&quot;click&quot;,&quot;label&quot;:&quot;link&quot;,&quot;name&quot;:&quot;Inline Element&quot;,&quot;data&quot;:{&quot;source&quot;:&quot;&quot;,&quot;target&quot;:&quot;https:\/\/www.bz-berlin.de\/brandenburg\/cdu-politiker-zeigt-verstoerendes-militaer-video&quot;,&quot;trackingName&quot;:&quot;&quot;,&quot;trackingLabel&quot;:&quot;&quot;}}\">der \u201eBZ\u201c<\/a>. \u201eIch wollte es meinem Freund Brian weiterleiten, weil der auf sowas steht. Er sammelt altes Kriegsger\u00e4t.\u201c Statt auf Weiterleiten habe er auf Story getippt<\/p>\n<p>Der Brandenburger CDU-Fraktionsvorsitzende, Steeven Bretz, reagierte unwirsch auf den Vorfall. Er \u201edistanziert sich in aller Deutlichkeit von Inhalten dieser Art sowie von deren Verbreitung\u201c, erkl\u00e4rte seine Sprecherin gegen\u00fcber der \u201eBZ\u201c. \u201eDer Sachverhalt wird kurzfristig intern besprochen und aufgearbeitet.\u201c Nach Ostern werde er das pers\u00f6nliche Gespr\u00e4ch mit dem Landtagsabgeordneten Bommert suchen. <\/p>\n<p>Bommert ist sich keiner Schuld bewusst. \u201eIch stehe zu der ganzen Geschichte. Ich finde da auch \u00fcberhaupt nichts Schlimmes dran\u201c, sagte er im Gespr\u00e4ch mit WELT. Eine \u201eWehrmachtsverherrlichung\u201c k\u00f6nne er nicht erkennen. F\u00fcr die Besucher des Milit\u00e4rfahrzeugtreffens fungieren die Maschinen als \u201eeine gewisse Wertanlage\u201c, so Bommert. 50 bis 60 Treffen dieser Art f\u00e4nden jedes Jahr in Deutschland statt: \u201eDer Markt ist da. Es ist nicht verboten, es ist nichts Illegales.\u201c <\/p>\n<p>\u201eIch kann damit nicht so viel anfangen, habe aber Bekannte, die Panzer haben \u2013 und denen habe ich das weiterleiten wollen\u201c, erkl\u00e4rte Bommert. \u201eIch habe aber nichts mit der Armee am Hut. Ich bin kein Militarist \u2013 im Gegenteil.\u201c Ob er dementsprechend auch auf einen Besuch bei derlei Treffen verzichten w\u00fcrde? \u201eWenn hier sowas in der N\u00e4he w\u00e4re, w\u00fcrde ich sicherlich hingehen. Das w\u00fcrde mich schon interessieren\u201c, sagte Bommert.<\/p>\n<p>Von Parteikollegen wird Kritik an Bommerts Instagram-Story laut \u2013 etwa in seinem Kreisverband Oberhavel. Dessen Versuch, sich herauszureden, sei \u201ean den Haaren herbeigezogen\u201c, sagte ein CDU-Mitglied gegen\u00fcber WELT. \u201eDas ist typisch Bommert, der meint, alle anderen sind doof, nur er w\u00e4re besonders schlau.\u201c Es gebe \u201eeine ganze Reihe an anderen Funktionstr\u00e4gern, die die ganze Sache sehr kritisch ansehen\u201c.<\/p>\n<p>Bommert m\u00fcsse entweder von seinen \u00c4mtern enthoben oder aus der Partei ausgeschlossen werden, forderte ein Mitglied aus dessen Kreisverband. Diese R\u00fccktrittsforderungen wies der Politiker umgehend zur\u00fcck: \u201eNein, ich habe nichts gemacht, was verwerflich oder illegal w\u00e4re.\u201c <\/p>\n<p>Auch abseits der j\u00fcngsten Instagram-Story steht Bommert in seinem Kreisverband in der Kritik. Dem Landtagsabgeordneten wird vorgeworfen, mit Russland und dem ungarischen Ministerpr\u00e4sidenten Viktor Orb\u00e1n zu sympathisieren. Mindestens einmal pro Jahr lade Bommert den ungarischen Botschafter in Berlin, P\u00e9ter Gy\u00f6rk\u00f6s, zu Veranstaltungen ein. Grenzwertig, wenn man sich das Statut der CDU anguckt, hei\u00dft es aus dem Kreisverband Oberhavel gegen\u00fcber WELT: \u201eIch kann nicht auf der einen Seite Friedrich Merz die Hand geben und auf der anderen Seite nach Ungarn fahren und privat posten, wie herrlich das Parlament sei und dass Herr Orb\u00e1n ein ganz guter Mensch ist.\u201c<\/p>\n<p>Bommert selbst wischte die Kritik gegen\u00fcber WELT beiseite. \u201eIch habe keine Russland-N\u00e4he. Das ist totaler Quatsch\u201c, betonte er. Teile seiner eigenen Familie seien von der Sowjetunion aus Polen vertrieben worden. \u201eTrotzdem bin ich der festen \u00dcberzeugung, wir m\u00fcssen miteinander reden, wir m\u00fcssen miteinander auskommen.\u201c Es sei deshalb vollkommen falsch, auf diplomatische Gespr\u00e4che zu verzichten. \u201eJeden Tag sterben Leute und das sind nicht die, die an Tischen sitzen und Befehle geben, das sind die armen Schweine, die an die Front m\u00fcssen.\u201c <\/p>\n<p>Ungarn gegen\u00fcber empfinde er als fr\u00fcherer DDR-B\u00fcrger wiederum \u201etiefe Dankbarkeit\u201c. Den Botschafter P\u00e9ter Gy\u00f6rk\u00f6s habe er kennengelernt, duze sich mit ihm und m\u00f6ge ihn \u201eals Mensch\u201c. Zudem habe er ihn zwar \u201emal eingeladen\u201c, regelm\u00e4\u00dfig komme dies aber nicht vor. F\u00fcr ihn bedeute die Verbindung zum Botschafter auch nicht, dass er Orb\u00e1ns Kurs unterst\u00fctze, unterstrich Bommert.<\/p>\n<p>Beim kritisierten Instagram-Post handelt es sich nicht um den ersten Fauxpas des CDU-Politikers. Anfang 2024 hatte Bommert mit einer Statusmeldung auf WhatsApp den Eindruck erweckt, dem damaligen Bundeskanzler Olaf Scholz sowie Mitgliedern der Ampel-Regierung den Tod zu w\u00fcnschen. Gott habe seinen Lieblingsrockstar Tina Turner, seine Lieblingsskifahrerin Rosi Mittermaier und seinen Lieblingsfu\u00dfballer Franz Beckenbauer zu sich gerufen, schrieb er damals. Und erg\u00e4nzte: \u201eMeine Lieblingspolitiker sind Robert Habeck, Annalena Baerbock und Ricarda Lang. Ach, und Olaf Scholz.\u201c<\/p>\n<p>Nachdem er zun\u00e4chst geleugnet hatte, den Post verfasst zu haben, r\u00e4umte er es schlie\u00dflich doch ein und entschuldigte sich f\u00fcr den Inhalt. Das Amt des Vorsitzenden des Landtagsausschusses f\u00fcr Wirtschaft und Energie legte er nieder. Das CDU-Pr\u00e4sidium hatte ihm anschlie\u00dfend einen Verweis erteilt, da er gegen die Partei-Grunds\u00e4tze versto\u00dfen habe. Das sei \u201edie Gelbe Karte\u201c, hie\u00df es damals.<\/p>\n<p>Nach dem j\u00fcngsten Post Bommerts m\u00fcssten nun Konsequenzen folgen, hei\u00dft es nun aus dem Kreisverband Oberhavel. \u201eNach der Gelben Karte kann es nur die Rote Karte geben. Und die Rote Karte bedeute in dem Fall: Entweder eine Enthebung von s\u00e4mtlichen \u00c4mtern oder den kompletten Rauswurf.\u201c<\/p>\n","protected":false},"excerpt":{"rendered":"Der CDU-Landespolitiker Frank Bommert steht wegen einer Instagram-Story in der Kritik. Weil er Fotos von Wehrmachtsfahrzeugen geteilt hatte,&hellip;\n","protected":false},"author":2,"featured_media":919297,"comment_status":"","ping_status":"","sticky":false,"template":"","format":"standard","meta":{"footnotes":"","_share_on_mastodon":"0"},"categories":[5],"tags":[331,332,164502,201131,31,3364,29,30,13,78739,9411,201133,14,15,110,38460,15725,12,201132,103132,45,40554,201134],"class_list":["post-919296","post","type-post","status-publish","format-standard","has-post-thumbnail","category-nachrichten","tag-aktuelle-nachrichten","tag-aktuelle-news","tag-amtsenthebung-ks","tag-bretz","tag-cdu","tag-de","tag-deutschland","tag-germany","tag-headlines","tag-instagram-post","tag-lippe-dominik","tag-militaergeschichte-ks","tag-nachrichten","tag-news","tag-newsteam","tag-oberhavel","tag-russland-politik","tag-schlagzeilen","tag-steeven","tag-technikgeschichte-ks","tag-texttospeech","tag-ungarn-politik","tag-wehrmacht-geo-d-ks"],"share_on_mastodon":{"url":"https:\/\/pubeurope.com\/@de\/116343216995276340","error":""},"_links":{"self":[{"href":"https:\/\/www.europesays.com\/de\/wp-json\/wp\/v2\/posts\/919296","targetHints":{"allow":["GET"]}}],"collection":[{"href":"https:\/\/www.europesays.com\/de\/wp-json\/wp\/v2\/posts"}],"about":[{"href":"https:\/\/www.europesays.com\/de\/wp-json\/wp\/v2\/types\/post"}],"author":[{"embeddable":true,"href":"https:\/\/www.europesays.com\/de\/wp-json\/wp\/v2\/users\/2"}],"replies":[{"embeddable":true,"href":"https:\/\/www.europesays.com\/de\/wp-json\/wp\/v2\/comments?post=919296"}],"version-history":[{"count":0,"href":"https:\/\/www.europesays.com\/de\/wp-json\/wp\/v2\/posts\/919296\/revisions"}],"wp:featuredmedia":[{"embeddable":true,"href":"https:\/\/www.europesays.com\/de\/wp-json\/wp\/v2\/media\/919297"}],"wp:attachment":[{"href":"https:\/\/www.europesays.com\/de\/wp-json\/wp\/v2\/media?parent=919296"}],"wp:term":[{"taxonomy":"category","embeddable":true,"href":"https:\/\/www.europesays.com\/de\/wp-json\/wp\/v2\/categories?post=919296"},{"taxonomy":"post_tag","embeddable":true,"href":"https:\/\/www.europesays.com\/de\/wp-json\/wp\/v2\/tags?post=919296"}],"curies":[{"name":"wp","href":"https:\/\/api.w.org\/{rel}","templated":true}]}}