{"id":919354,"date":"2026-04-03T23:21:21","date_gmt":"2026-04-03T23:21:21","guid":{"rendered":"https:\/\/www.europesays.com\/de\/919354\/"},"modified":"2026-04-03T23:21:21","modified_gmt":"2026-04-03T23:21:21","slug":"johannes-oerding-verraet-was-ihn-in-der-hansestadt-haelt","status":"publish","type":"post","link":"https:\/\/www.europesays.com\/de\/919354\/","title":{"rendered":"Johannes Oerding verr\u00e4t, was ihn in der Hansestadt h\u00e4lt"},"content":{"rendered":"<p class=\"text-18 leading-17 user-text-lg:text-22 user-text-xl:text-24\">An Karibik in der eigenen Stadt denken Hamburger wom\u00f6glich wetterbedingt nicht all zu h\u00e4ufig. &#8222;Hamburger Regen ist das Einzige, was hier so nervt&#8220;, sagt Oerding, &#8222;man muss Hamburg wirklich m\u00f6gen, wenn man hier bleibt.&#8220;<\/p>\n<p class=\"text-18 leading-17 user-text-lg:text-22 user-text-xl:text-24\">Oerding bleibt. Er merke an jeder Ecke, dass Hamburg weltoffen und liberal sei. Er sagt: &#8222;Die Stadt hat einen ganz eigenen Vibe.&#8220; Dieser Vibe sei auch historisch gewachsen. In der Hafenstadt gingen Menschen laut Oerding seit jeher ein und aus, gaben sich die Klinke in die Hand. &#8222;Fremde Kulturen sind hier willkommen, besonders in St. Pauli&#8220;, sagt Oerding. &#8222;Hier ist jeder, wie er ist, aber aufger\u00e4umt&#8220;, sagt er, &#8222;nicht so aufgeregt, nicht so hektisch und verr\u00fcckt.&#8220;<\/p>\n","protected":false},"excerpt":{"rendered":"An Karibik in der eigenen Stadt denken Hamburger wom\u00f6glich wetterbedingt nicht all zu h\u00e4ufig. &#8222;Hamburger Regen ist das&hellip;\n","protected":false},"author":2,"featured_media":919355,"comment_status":"","ping_status":"","sticky":false,"template":"","format":"standard","meta":{"footnotes":"","_share_on_mastodon":"0"},"categories":[1826],"tags":[2201,35928,143318,39823,29,30,692,18118,25220,96036,25256],"class_list":["post-919354","post","type-post","status-publish","format-standard","has-post-thumbnail","category-hamburg","tag-2201","tag-aussenalster","tag-beachclub","tag-bellevue","tag-deutschland","tag-germany","tag-hamburg","tag-hansestadt","tag-johannes-oerding","tag-lieblingsorte","tag-sing-meinen-song"],"share_on_mastodon":{"url":"https:\/\/pubeurope.com\/@de\/116343346713442018","error":""},"_links":{"self":[{"href":"https:\/\/www.europesays.com\/de\/wp-json\/wp\/v2\/posts\/919354","targetHints":{"allow":["GET"]}}],"collection":[{"href":"https:\/\/www.europesays.com\/de\/wp-json\/wp\/v2\/posts"}],"about":[{"href":"https:\/\/www.europesays.com\/de\/wp-json\/wp\/v2\/types\/post"}],"author":[{"embeddable":true,"href":"https:\/\/www.europesays.com\/de\/wp-json\/wp\/v2\/users\/2"}],"replies":[{"embeddable":true,"href":"https:\/\/www.europesays.com\/de\/wp-json\/wp\/v2\/comments?post=919354"}],"version-history":[{"count":0,"href":"https:\/\/www.europesays.com\/de\/wp-json\/wp\/v2\/posts\/919354\/revisions"}],"wp:featuredmedia":[{"embeddable":true,"href":"https:\/\/www.europesays.com\/de\/wp-json\/wp\/v2\/media\/919355"}],"wp:attachment":[{"href":"https:\/\/www.europesays.com\/de\/wp-json\/wp\/v2\/media?parent=919354"}],"wp:term":[{"taxonomy":"category","embeddable":true,"href":"https:\/\/www.europesays.com\/de\/wp-json\/wp\/v2\/categories?post=919354"},{"taxonomy":"post_tag","embeddable":true,"href":"https:\/\/www.europesays.com\/de\/wp-json\/wp\/v2\/tags?post=919354"}],"curies":[{"name":"wp","href":"https:\/\/api.w.org\/{rel}","templated":true}]}}