{"id":919783,"date":"2026-04-04T03:36:15","date_gmt":"2026-04-04T03:36:15","guid":{"rendered":"https:\/\/www.europesays.com\/de\/919783\/"},"modified":"2026-04-04T03:36:15","modified_gmt":"2026-04-04T03:36:15","slug":"kein-trend-2026-sieht-so-cool-aus-alle-lieben-den-berlin-pullover","status":"publish","type":"post","link":"https:\/\/www.europesays.com\/de\/919783\/","title":{"rendered":"Kein Trend 2026 sieht so cool aus: Alle lieben den Berlin-Pullover"},"content":{"rendered":"<p class=\"sc-dr8wih-0 iFQmzY paragraph-splittext-entityType_not_set ab-splittext-entityType_not_set\">Im Fr\u00fchling sind<strong> Pullover, Sweatshirts und Hoodies<\/strong> unsere t\u00e4glichen Begleiter: hauptsache warm und gem\u00fctlich! Schmal geschnitten harmonieren sie perfekt mit eleganten Hosen f\u00fcrs B\u00fcro, oversized getragen mit weiten Jeans passen sie ideal zu entspannten Stadtbummeln. Weite, lockere Sweater sind einfach immer eine verl\u00e4ssliche Wahl. Besonders angesagt im Fr\u00fchling 2026: <strong>auff\u00e4llige<\/strong> <strong>Prints<\/strong> \u2013 und das sch\u00f6nste Exemplar haben wir bereits entdeckt.<\/p>\n","protected":false},"excerpt":{"rendered":"Im Fr\u00fchling sind Pullover, Sweatshirts und Hoodies unsere t\u00e4glichen Begleiter: hauptsache warm und gem\u00fctlich! Schmal geschnitten harmonieren sie&hellip;\n","protected":false},"author":2,"featured_media":643102,"comment_status":"","ping_status":"","sticky":false,"template":"","format":"standard","meta":{"footnotes":"","_share_on_mastodon":"0"},"categories":[1825],"tags":[296,29,23883,30,280,191654,12172],"class_list":["post-919783","post","type-post","status-publish","format-standard","has-post-thumbnail","category-berlin","tag-berlin","tag-deutschland","tag-fashion","tag-germany","tag-modetrends","tag-modetrends-fruehjahr-sommer-2026","tag-pullover"],"share_on_mastodon":{"url":"https:\/\/pubeurope.com\/@de\/116344349490884205","error":""},"_links":{"self":[{"href":"https:\/\/www.europesays.com\/de\/wp-json\/wp\/v2\/posts\/919783","targetHints":{"allow":["GET"]}}],"collection":[{"href":"https:\/\/www.europesays.com\/de\/wp-json\/wp\/v2\/posts"}],"about":[{"href":"https:\/\/www.europesays.com\/de\/wp-json\/wp\/v2\/types\/post"}],"author":[{"embeddable":true,"href":"https:\/\/www.europesays.com\/de\/wp-json\/wp\/v2\/users\/2"}],"replies":[{"embeddable":true,"href":"https:\/\/www.europesays.com\/de\/wp-json\/wp\/v2\/comments?post=919783"}],"version-history":[{"count":0,"href":"https:\/\/www.europesays.com\/de\/wp-json\/wp\/v2\/posts\/919783\/revisions"}],"wp:featuredmedia":[{"embeddable":true,"href":"https:\/\/www.europesays.com\/de\/wp-json\/wp\/v2\/media\/643102"}],"wp:attachment":[{"href":"https:\/\/www.europesays.com\/de\/wp-json\/wp\/v2\/media?parent=919783"}],"wp:term":[{"taxonomy":"category","embeddable":true,"href":"https:\/\/www.europesays.com\/de\/wp-json\/wp\/v2\/categories?post=919783"},{"taxonomy":"post_tag","embeddable":true,"href":"https:\/\/www.europesays.com\/de\/wp-json\/wp\/v2\/tags?post=919783"}],"curies":[{"name":"wp","href":"https:\/\/api.w.org\/{rel}","templated":true}]}}