{"id":919795,"date":"2026-04-04T03:45:14","date_gmt":"2026-04-04T03:45:14","guid":{"rendered":"https:\/\/www.europesays.com\/de\/919795\/"},"modified":"2026-04-04T03:45:14","modified_gmt":"2026-04-04T03:45:14","slug":"finale-fuer-nemec-und-wachtveitl-ihre-tatort-affaeren-nehmen-abschied-unterhaltung","status":"publish","type":"post","link":"https:\/\/www.europesays.com\/de\/919795\/","title":{"rendered":"Finale f\u00fcr Nemec und Wachtveitl: Ihre \u201eTatort\u201c-Aff\u00e4ren nehmen Abschied | Unterhaltung"},"content":{"rendered":"<p><b>35 Jahre, 100 Folgen, unz\u00e4hlige Kultszenen: Mit dem Abschied der Kommissare Batic und Leitmayr endet an Ostern ein gro\u00dfes Kapitel \u201eTatort\u201c-Geschichte. Die Schauspieler Miroslav Nemec und Udo Wachtveitl erinnern sich an ihre st\u00e4rksten Momente \u2013 und die haben mit Iris Berben und Jeanette Hain zu tun: Die beiden spielten einst die \u201eTatort\u201c-Aff\u00e4ren des Ermittler-Duos aus M\u00fcnchen. In BILD melden sich die Schauspielerinnen jetzt exklusiv mit sehr pers\u00f6nlichen Worten. <\/b><\/p>\n<p>Welche Worte Berben und Hain an Nemec und Wachtveitl richten und was sie den TV-Kommissaren zum Finale w\u00fcnschen, lesen Sie mit BILDplus.<\/p>\n","protected":false},"excerpt":{"rendered":"35 Jahre, 100 Folgen, unz\u00e4hlige Kultszenen: Mit dem Abschied der Kommissare Batic und Leitmayr endet an Ostern ein&hellip;\n","protected":false},"author":2,"featured_media":919796,"comment_status":"","ping_status":"","sticky":false,"template":"","format":"standard","meta":{"footnotes":"","_share_on_mastodon":"0"},"categories":[155],"tags":[94406,29,214,30,1268,201237,218,8969,45,215,201238],"class_list":["post-919795","post","type-post","status-publish","format-standard","has-post-thumbnail","category-unterhaltung","tag-berben-iris","tag-deutschland","tag-entertainment","tag-germany","tag-muenchen","tag-nemec-miroslav","tag-tatort","tag-tatort-kommissare","tag-texttospeech","tag-unterhaltung","tag-wachtveitl-udo"],"share_on_mastodon":{"url":"https:\/\/pubeurope.com\/@de\/116344385505092637","error":""},"_links":{"self":[{"href":"https:\/\/www.europesays.com\/de\/wp-json\/wp\/v2\/posts\/919795","targetHints":{"allow":["GET"]}}],"collection":[{"href":"https:\/\/www.europesays.com\/de\/wp-json\/wp\/v2\/posts"}],"about":[{"href":"https:\/\/www.europesays.com\/de\/wp-json\/wp\/v2\/types\/post"}],"author":[{"embeddable":true,"href":"https:\/\/www.europesays.com\/de\/wp-json\/wp\/v2\/users\/2"}],"replies":[{"embeddable":true,"href":"https:\/\/www.europesays.com\/de\/wp-json\/wp\/v2\/comments?post=919795"}],"version-history":[{"count":0,"href":"https:\/\/www.europesays.com\/de\/wp-json\/wp\/v2\/posts\/919795\/revisions"}],"wp:featuredmedia":[{"embeddable":true,"href":"https:\/\/www.europesays.com\/de\/wp-json\/wp\/v2\/media\/919796"}],"wp:attachment":[{"href":"https:\/\/www.europesays.com\/de\/wp-json\/wp\/v2\/media?parent=919795"}],"wp:term":[{"taxonomy":"category","embeddable":true,"href":"https:\/\/www.europesays.com\/de\/wp-json\/wp\/v2\/categories?post=919795"},{"taxonomy":"post_tag","embeddable":true,"href":"https:\/\/www.europesays.com\/de\/wp-json\/wp\/v2\/tags?post=919795"}],"curies":[{"name":"wp","href":"https:\/\/api.w.org\/{rel}","templated":true}]}}