{"id":920161,"date":"2026-04-04T07:26:29","date_gmt":"2026-04-04T07:26:29","guid":{"rendered":"https:\/\/www.europesays.com\/de\/920161\/"},"modified":"2026-04-04T07:26:29","modified_gmt":"2026-04-04T07:26:29","slug":"zwangsversteigerung-dortmund-familie-sucht-neues-zuhause","status":"publish","type":"post","link":"https:\/\/www.europesays.com\/de\/920161\/","title":{"rendered":"Zwangsversteigerung Dortmund: Familie sucht neues Zuhause"},"content":{"rendered":"<p>\t\t\u201eWir haben jetzt einen Plan\u201c<br \/>\n\t\t\t\t\tFamilie sch\u00f6pft neue Hoffnung nach Versteigerung ihres Hauses<\/p>\n<p>\t\t<img alt=\"\" src=\"https:\/\/www.europesays.com\/de\/wp-content\/uploads\/2026\/01\/630_0036_1358236_.jpg\"  class=\"avatar avatar-36 photo avatar-default\" height=\"36\" width=\"36\" loading=\"eager\" decoding=\"async\"\/>\t\t<a class=\"article-author__name\" href=\"https:\/\/www.ruhrnachrichten.de\/author\/tim-ruben-weimer\/\" rel=\"author nofollow noopener\" target=\"_blank\">Tim Ruben Weimer<\/a><br \/>\n\t\tRedakteur<\/p>\n<p>    <a href=\"https:\/\/www.ruhrnachrichten.de\/wp-content\/uploads\/2026\/04\/02\/14\/630_0900_6002644_-1648x824.jpg\" rel=\"nofollow noopener\" target=\"_blank\"><\/p>\n<p>            <img decoding=\"async\" fetchpriority=\"high\" src=\"https:\/\/www.europesays.com\/de\/wp-content\/uploads\/2026\/04\/630_0900_6002641_-640x428.jpg\" width=\"640\" height=\"428\"  alt=\"Nur noch sieben Wochen dauert es, bis Alexander Schmidt und Sabrina Sebulke ihr erstes Kind erwarten. Gleichzeitig m\u00fcssen sie ein neues Haus finden und einen Umzug wuppen.\"\/><\/p>\n<p>    <\/a><br \/>\n    Nur noch sieben Wochen dauert es bis Alexander Schmidt und Sabrina Sebulke ihr erstes Kind erwarten. Gleichzeitig m\u00fcssen sie ein neues Haus finden und einen Umzug wuppen. \u00a9 Tim Ruben Weimer<\/p>\n<p class=\"article__teaser-text\">Das Haus ist weg, die Zukunft ungewiss. Trotzdem sch\u00f6pfen Alexander Schmidt und Sabrina Sebulke wieder Hoffnung \u2013 und wollen in Zukunft eine Sache anders machen.<\/p>\n<p>4 Min Lesezeit<\/p>\n<p>Umzugskartons werden bereits gepacktNeuer Eigent\u00fcmer setzte sehr kurze FristSuche nach Doppelhaush\u00e4lfteMiete zahlen f\u00fcr das einst eigene HausR\u00e4umung w\u00e4re m\u00f6glichK\u00fcnftig fr\u00fchzeitig klare Verh\u00e4ltnisse schaffen<\/p>\n","protected":false},"excerpt":{"rendered":"\u201eWir haben jetzt einen Plan\u201c Familie sch\u00f6pft neue Hoffnung nach Versteigerung ihres Hauses Tim Ruben Weimer Redakteur Nur&hellip;\n","protected":false},"author":2,"featured_media":920162,"comment_status":"","ping_status":"","sticky":false,"template":"","format":"standard","meta":{"footnotes":"","_share_on_mastodon":"0"},"categories":[1833],"tags":[3364,29,217,30,3566,1209,22598],"class_list":["post-920161","post","type-post","status-publish","format-standard","has-post-thumbnail","category-dortmund","tag-de","tag-deutschland","tag-dortmund","tag-germany","tag-immobilien-wohnen","tag-nordrhein-westfalen","tag-zwangsversteigerung"],"share_on_mastodon":{"url":"https:\/\/pubeurope.com\/@de\/116345253990876560","error":""},"_links":{"self":[{"href":"https:\/\/www.europesays.com\/de\/wp-json\/wp\/v2\/posts\/920161","targetHints":{"allow":["GET"]}}],"collection":[{"href":"https:\/\/www.europesays.com\/de\/wp-json\/wp\/v2\/posts"}],"about":[{"href":"https:\/\/www.europesays.com\/de\/wp-json\/wp\/v2\/types\/post"}],"author":[{"embeddable":true,"href":"https:\/\/www.europesays.com\/de\/wp-json\/wp\/v2\/users\/2"}],"replies":[{"embeddable":true,"href":"https:\/\/www.europesays.com\/de\/wp-json\/wp\/v2\/comments?post=920161"}],"version-history":[{"count":0,"href":"https:\/\/www.europesays.com\/de\/wp-json\/wp\/v2\/posts\/920161\/revisions"}],"wp:featuredmedia":[{"embeddable":true,"href":"https:\/\/www.europesays.com\/de\/wp-json\/wp\/v2\/media\/920162"}],"wp:attachment":[{"href":"https:\/\/www.europesays.com\/de\/wp-json\/wp\/v2\/media?parent=920161"}],"wp:term":[{"taxonomy":"category","embeddable":true,"href":"https:\/\/www.europesays.com\/de\/wp-json\/wp\/v2\/categories?post=920161"},{"taxonomy":"post_tag","embeddable":true,"href":"https:\/\/www.europesays.com\/de\/wp-json\/wp\/v2\/tags?post=920161"}],"curies":[{"name":"wp","href":"https:\/\/api.w.org\/{rel}","templated":true}]}}