{"id":920185,"date":"2026-04-04T07:47:16","date_gmt":"2026-04-04T07:47:16","guid":{"rendered":"https:\/\/www.europesays.com\/de\/920185\/"},"modified":"2026-04-04T07:47:16","modified_gmt":"2026-04-04T07:47:16","slug":"ostermarsch-durch-die-innenstadt-will-zeichen-fuer-frieden-setzen","status":"publish","type":"post","link":"https:\/\/www.europesays.com\/de\/920185\/","title":{"rendered":"Ostermarsch durch die Innenstadt will Zeichen f\u00fcr Frieden setzen"},"content":{"rendered":"<p>Durch die Innenstadt <\/p>\n<p>Ostermarsch will Zeichen &#8222;f\u00fcr Frieden und Gerechtigkeit&#8220; setzen<\/p>\n<p>04.04.2026 &#8211; 07:35 UhrLesedauer: 1 Min.<\/p>\n<p><a href=\"#focus-0\" class=\"transition-colors duration-200 block text-current relative\" data-sctrack=\"FocusGalleryImage.Reference\"><img fetchpriority=\"high\" data-testid=\"Opener.Image\" style=\"--lqipURL:url('https:\/\/images.t-online.de\/2026\/04\/sFr69lNitdNm\/0x396:3800x2137\/fit-in\/150x0\/filters:blur(25)\/teilnehmer-am-friedensmarsch-durch-muenchen-archivbild.jpg')\"   loading=\"eager\" src=\"https:\/\/www.europesays.com\/de\/wp-content\/uploads\/2026\/04\/teilnehmer-am-friedensmarsch-durch-muenchen-archivbild.jpg\" alt=\"Teilnehmer am Friedensmarsch durch M\u00fcnchen (Archivbild):\" title=\"Teilnehmer am Friedensmarsch durch M\u00fcnchen (Archivbild):\" width=\"3800\" height=\"2137\" class=\"bg-[url:var(--lqipURL)] bg-cover bg-center flex h-full w-full max-w-full\" decoding=\"async\"\/><img style=\"--width:32;--height:32\" loading=\"lazy\" src=\"https:\/\/muenchen.t-online.de\/s\/paper\/_next\/static\/media\/zoom-in.f7dae02f.svg\" alt=\"Vergr\u00f6\u00dfern des Bildes\" title=\"Vergr\u00f6\u00dfern des Bildes\" class=\"block h-[calc(var(--height)_\/_16_*_1rem)] w-[calc(var(--width)_\/_16_*_1rem)] max-w-none absolute bottom-8 right-8 rounded-4 bg-snow p-8\" decoding=\"async\"\/><\/a><\/p>\n<p>Teilnehmer am Friedensmarsch durch M\u00fcnchen (Archivbild): Der Demozug zieht einmal durch die Innenstadt. (Quelle: Imago\/S.Gottschalk)<\/p>\n<p class=\"font-bold text-18 leading-17 user-text-lg:text-22 user-text-xl:text-24\">In vielen bayerischen St\u00e4dten gehen die Menschen am Ostersamstag auf die Stra\u00dfen, um ein Zeichen f\u00fcr Frieden zu setzen. Unter anderem in M\u00fcnchen ist ein Marsch geplant.<\/p>\n<p class=\"text-18 leading-17 user-text-lg:text-22 user-text-xl:text-24\">Auch in diesem Jahr finden in mehreren bayerischen St\u00e4dten wieder die traditionellen Osterm\u00e4rsche statt. Am Karsamstag sind unter anderem in M\u00fcnchen, Augsburg und W\u00fcrzburg Demonstrationen geplant, wie das Netzwerk Friedenskooperative mitteilt.<\/p>\n<p class=\"text-18 leading-17 user-text-lg:text-22 user-text-xl:text-24\">Inhaltlich besch\u00e4ftigen sich die Proteste vor allem mit aktuellen internationalen Konflikten, insbesondere in Nahost, der Golfregion und in der Ukraine. Der Ostermarsch in M\u00fcnchen steht unter dem Motto &#8222;V\u00f6lkerrecht statt Faustrecht \u2013 Gemeinsam f\u00fcr Frieden und Gerechtigkeit&#8220;.<\/p>\n<p class=\"text-18 leading-17 user-text-lg:text-22 user-text-xl:text-24\">Nach einem \u00f6kumenischen Gottesdienst in der Dreifaltigkeitskirche startet um 11.15 Uhr die Auftaktkundgebung auf dem Marienplatz. Anschlie\u00dfend zieht die Demonstration durch die Innenstadt. Das Ende ist f\u00fcr 13.30 Uhr auf dem Marienplatz geplant.<\/p>\n<p class=\"text-18 leading-17 user-text-lg:text-22 user-text-xl:text-24\">Erwartet werden unter anderem Redebeitr\u00e4ge von Gewerkschaften sowie antimilitaristischen Initiativen. F\u00fcr Ostermontag sind weitere Aktionen in Bayern angek\u00fcndigt. Dann unter anderem in N\u00fcrnberg sowie in Landshut.<\/p>\n","protected":false},"excerpt":{"rendered":"Durch die Innenstadt Ostermarsch will Zeichen &#8222;f\u00fcr Frieden und Gerechtigkeit&#8220; setzen 04.04.2026 &#8211; 07:35 UhrLesedauer: 1 Min. Teilnehmer&hellip;\n","protected":false},"author":2,"featured_media":920186,"comment_status":"","ping_status":"","sticky":false,"template":"","format":"standard","meta":{"footnotes":"","_share_on_mastodon":"0"},"categories":[1827],"tags":[772,54513,29,30,2065,5257,1268,22558,15577,10843],"class_list":["post-920185","post","type-post","status-publish","format-standard","has-post-thumbnail","category-muenchen","tag-bayern","tag-demozug","tag-deutschland","tag-germany","tag-innenstadt","tag-marienplatz","tag-muenchen","tag-netzwerk-friedenskooperative","tag-ostermarsch","tag-ostersamstag"],"share_on_mastodon":{"url":"https:\/\/pubeurope.com\/@de\/116345336452981893","error":""},"_links":{"self":[{"href":"https:\/\/www.europesays.com\/de\/wp-json\/wp\/v2\/posts\/920185","targetHints":{"allow":["GET"]}}],"collection":[{"href":"https:\/\/www.europesays.com\/de\/wp-json\/wp\/v2\/posts"}],"about":[{"href":"https:\/\/www.europesays.com\/de\/wp-json\/wp\/v2\/types\/post"}],"author":[{"embeddable":true,"href":"https:\/\/www.europesays.com\/de\/wp-json\/wp\/v2\/users\/2"}],"replies":[{"embeddable":true,"href":"https:\/\/www.europesays.com\/de\/wp-json\/wp\/v2\/comments?post=920185"}],"version-history":[{"count":0,"href":"https:\/\/www.europesays.com\/de\/wp-json\/wp\/v2\/posts\/920185\/revisions"}],"wp:featuredmedia":[{"embeddable":true,"href":"https:\/\/www.europesays.com\/de\/wp-json\/wp\/v2\/media\/920186"}],"wp:attachment":[{"href":"https:\/\/www.europesays.com\/de\/wp-json\/wp\/v2\/media?parent=920185"}],"wp:term":[{"taxonomy":"category","embeddable":true,"href":"https:\/\/www.europesays.com\/de\/wp-json\/wp\/v2\/categories?post=920185"},{"taxonomy":"post_tag","embeddable":true,"href":"https:\/\/www.europesays.com\/de\/wp-json\/wp\/v2\/tags?post=920185"}],"curies":[{"name":"wp","href":"https:\/\/api.w.org\/{rel}","templated":true}]}}