{"id":920223,"date":"2026-04-04T08:10:14","date_gmt":"2026-04-04T08:10:14","guid":{"rendered":"https:\/\/www.europesays.com\/de\/920223\/"},"modified":"2026-04-04T08:10:14","modified_gmt":"2026-04-04T08:10:14","slug":"undercover-unter-nazis-ich-war-beim-kauf-der-kugelbomben-dabei","status":"publish","type":"post","link":"https:\/\/www.europesays.com\/de\/920223\/","title":{"rendered":"Undercover unter Nazis: &#8222;Ich war beim Kauf der Kugelbomben dabei&#8220;"},"content":{"rendered":"<p>Undercover unter Nazis&#8220;Ich war beim Kauf der Kugelbomben dabei&#8220;<\/p>\n<p>04.04.2026, 07:02 Uhr <\/p>\n<p>Artikel anh\u00f6ren(12:52 min)<\/p>\n<p><img decoding=\"async\" class=\"Image_img__fQCi0 Image_Img_16_9__4BLfH widget-picture-inline_maximizable__t_E7h\" loading=\"eager\" fetchpriority=\"high\" src=\"https:\/\/www.europesays.com\/de\/wp-content\/uploads\/2026\/04\/20260216_Dresden_VideoScreenshot_0012.webp.webp\" alt=\"20260216_Dresden_VideoScreenshot_0012\"\/>Angelique Geray als Isabell bei einer Neonazi-Demo in Dresden. (Foto: Recherche Nord )TeilenFolgen auf:<a href=\"https:\/\/www.whatsapp.com\/channel\/0029Va5cdVJD8SDp5YZgYF01\" title=\"Auf WhatsApp folgen\" target=\"_blank\" rel=\"nofollow noopener\"><img decoding=\"async\" src=\"https:\/\/www.n-tv.de\/socialIcons\/whatsapp.svg\" alt=\"whatsapp\" class=\"ArticleShare_icon__FsrC2\"\/><\/a><a href=\"https:\/\/news.google.com\/publications\/CAAiEPMdif5mpRNxiLOeUpHCwwsqFAgKIhDzHYn-ZqUTcYiznlKRwsML?hl=de&amp;gl=DE&amp;ceid=DE%3Ade\" title=\"Auf Google News folgen\" target=\"_blank\" rel=\"nofollow noopener\"><img decoding=\"async\" src=\"https:\/\/www.n-tv.de\/socialIcons\/google.svg\" alt=\"whatsapp\" class=\"ArticleShare_icon__FsrC2\"\/><\/a><\/p>\n<p class=\"Typography_text-default__P3otY Typography_weight-normal__pqUbH storyline_paragraph_p__qSR5N\">Als &#8222;Isabell&#8220; auf der Suche nach Orientierung hat sich die Journalistin Angelique Geray in die Neonazi-Szene eingeschleust. Sie trifft auf Jugendliche, die den &#8222;Tag X&#8220; herbeisehnen, um dann Menschen &#8222;abzuschlachten&#8220;. Einen Anschlag kann sie mit ihren Recherchen verhindern. Ein Interview.<\/p>\n<p class=\"Typography_text-default__P3otY Typography_weight-normal__pqUbH storyline_paragraph_p__qSR5N\"><b class=\"bold\">ntv.de: Wann haben Sie entschieden, undercover in die Neonazi-Szene zu gehen?<\/b><\/p>\n<p class=\"Typography_text-default__P3otY Typography_weight-normal__pqUbH storyline_paragraph_p__qSR5N\">Angelique Geray: Angefangen hat das 2018, als ich mich bei den sogenannten Reichsb\u00fcrgern und Selbstverwaltern eingeschleust habe, ins &#8222;K\u00f6nigreich Deutschland&#8220;. Ein paar Jahre sp\u00e4ter haben die Corona-Proteste mein Interesse geweckt: Da demonstrierten vermeintlich normale B\u00fcrger zusammen mit Neonazis. Irgendwann bin ich los und habe mir die Junge Alternative angeschaut, die Jugendorganisation der AfD, die sich mittlerweile aufgel\u00f6st hat. Die n\u00e4chste Station auf meiner Reise durch die rechtsextreme Welt war die Identit\u00e4re Bewegung, dann die Jungen Nationalisten und die Letzte Verteidigungswelle.<\/p>\n<p><img decoding=\"async\" class=\"Image_img__fQCi0 Image_Img_16_9__4BLfH widget-picture-inline_maximizable__t_E7h\" loading=\"lazy\" src=\"https:\/\/www.n-tv.de\/logo_grey.svg\" alt=\"Angelique-Geray-aufgenommen-am-24-08-2025-in-Berlin\"\/>Angelique Geray ist Investigativjournalistin bei RTL. Ihr Buch &#8222;Undercover unter Nazis&#8220; erscheint beim Verlag Hoffmann und Campe. (Foto: Xander Heinl)<\/p>\n<p class=\"Typography_text-default__P3otY Typography_weight-normal__pqUbH storyline_paragraph_p__qSR5N\"><b class=\"bold\">Und \u00fcberall als &#8222;Isabell&#8220;?<\/b><\/p>\n<p class=\"Typography_text-default__P3otY Typography_weight-normal__pqUbH storyline_paragraph_p__qSR5N\">Ja, das war immer dieselbe Figur. Ich habe die Social-Media-Profile, die ich als Isabell genutzt habe, immer wieder angepasst, damit sie zur jeweiligen Recherche passen.<\/p>\n<p class=\"Typography_text-default__P3otY Typography_weight-normal__pqUbH storyline_paragraph_p__qSR5N\"><b class=\"bold\">Sie beschreiben in Ihrem Buch, wie Sie in Berlin zu einem Treffen von Jungen Nationalisten fahren. Die JN sind die Jugendorganisation der &#8222;Heimat&#8220;, fr\u00fcher NPD. Wie alt waren Sie da?<\/b><\/p>\n<p class=\"Typography_text-default__P3otY Typography_weight-normal__pqUbH storyline_paragraph_p__qSR5N\">Als Isabell war ich 30 Jahre alt. Da habe ich mich ein bisschen j\u00fcnger gemacht: Ich bin 33, damals war ich 32.<\/p>\n<p class=\"Typography_text-default__P3otY Typography_weight-normal__pqUbH storyline_paragraph_p__qSR5N\"><b class=\"bold\">Fanden die das nicht komisch, dass eine 30-J\u00e4hrige bei einer rechtsradikalen Jugendgruppe mitmachen will?<\/b><\/p>\n<p class=\"Typography_text-default__P3otY Typography_weight-normal__pqUbH storyline_paragraph_p__qSR5N\">Nein, das fanden die nicht komisch. Sie haben sich eher best\u00e4tigt gef\u00fchlt, weil sich eine Erwachsene daf\u00fcr interessiert hat, was sie machen.<\/p>\n<p class=\"Typography_text-default__P3otY Typography_weight-normal__pqUbH storyline_paragraph_p__qSR5N\"><b class=\"bold\">Niemand hat Fragen gestellt?<\/b><\/p>\n<p class=\"Typography_text-default__P3otY Typography_weight-normal__pqUbH storyline_paragraph_p__qSR5N\">Nie. Aber meine Geschichte hat auch gut gepasst: Isabell war die sp\u00e4t Aufgewachte, die nicht immer schon im rechtsextremen Milieu unterwegs war. Ich war die, die auf der Suche ist. Wenn jemand gefragt hat, warum ich nicht zu einer Gruppe f\u00fcr Erwachsene gehe, habe ich geantwortet, dass ich nicht an einem Parteistand herumstehen will, sondern aktiv sein m\u00f6chte.<\/p>\n<p class=\"Typography_text-default__P3otY Typography_weight-normal__pqUbH storyline_paragraph_p__qSR5N\"><b class=\"bold\">Haben Sie in Ihren Gespr\u00e4chen mit Rechtsradikalen ein Verst\u00e4ndnis entwickelt, wie Menschen zu Neonazis werden?<\/b><\/p>\n<p class=\"Typography_text-default__P3otY Typography_weight-normal__pqUbH storyline_paragraph_p__qSR5N\">Ich habe immer wieder mitbekommen, dass junge Leute die Pr\u00e4gung von ihren Eltern haben &#8211; von Eltern, die in den Baseballschl\u00e4gerjahren jung waren. Die haben das Gef\u00fchl, sie m\u00fcssten zu Ende bringen, was ihre Eltern gemacht haben. Aber es gibt auch Menschen, und das ist wahrscheinlich der gr\u00f6\u00dfte Anteil, die auf der Suche nach Anerkennung sind, auf der Suche nach Gemeinschaft. In rechtsextremen Gruppen bekommt man Anerkennung &#8211; vor allem dann, wenn man spektakul\u00e4re Aktionen macht: Sticker klebt, Graffitis spr\u00fcht, einen Briefkasten sprengt oder ein Kulturhaus anz\u00fcndet. Durch solche Aktionen kann man aufsteigen.<\/p>\n<p class=\"Typography_text-default__P3otY Typography_weight-normal__pqUbH storyline_paragraph_p__qSR5N\"><b class=\"bold\">Wie sind diese Gruppen organisiert?<\/b><\/p>\n<p class=\"Typography_text-default__P3otY Typography_weight-normal__pqUbH storyline_paragraph_p__qSR5N\">Da geht es streng hierarchisch zu. Die Berliner JN-Gruppe, in der ich war, nennt sich Hauptstadtrevolte. Ihren Anf\u00fchrer nennen sie &#8222;unseren F\u00fchrer&#8220;. An der Spitze der JN stehen alteingesessene Kader, die das seit Jahrzehnten machen. Bei der Letzten Verteidigungswelle, einer mehr oder weniger autonom agierenden Gruppe, war es \u00e4hnlich. Oben gab es den &#8222;F\u00fchrer&#8220;, weiter unten &#8222;Gauleiter&#8220;, einen &#8222;Propagandaminister&#8220;, eine &#8222;Gestapo&#8220;, unten das Fu\u00dfvolk. Wer unten war, wollte sich hocharbeiten.<\/p>\n<p class=\"Typography_text-default__P3otY Typography_weight-normal__pqUbH storyline_paragraph_p__qSR5N\"><b class=\"bold\">Was finden junge Frauen attraktiv an einer Ideologie, die ihnen nur eine untergeordnete Rolle zubilligt?<\/b><\/p>\n<p class=\"Typography_text-default__P3otY Typography_weight-normal__pqUbH storyline_paragraph_p__qSR5N\">Das habe ich mich auch gefragt. Ich glaube, auch da ist es die Gemeinschaft. Du wirst aufgenommen wie in eine Familie, und die Rollen sind klar verteilt. Mein Eindruck war, dass es auf junge Leute entlastend wirken kann. Die reale Welt drau\u00dfen \u00fcberfordert sie vielleicht, und dann kommen diese Organisationen und sagen: Bei uns ist alles ganz klar. Ein Kader hat zu mir gesagt: &#8222;Grunds\u00e4tzlich wird bei uns f\u00fcr dich gedacht.&#8220; Man kann den eigenen Kopf ausschalten.<\/p>\n<p class=\"Typography_text-default__P3otY Typography_weight-normal__pqUbH storyline_paragraph_p__qSR5N\"><b class=\"bold\">Klingt nach einer Sekte.<\/b><\/p>\n<p class=\"Typography_text-default__P3otY Typography_weight-normal__pqUbH storyline_paragraph_p__qSR5N\">Total. Ich fand diese Frauenseminare erschreckend. Am Ende ist die Frau dort nichts anderes als eine Mutter. Sie muss viele Kinder geb\u00e4ren und die zweite Generation heranziehen, soll ihren Mann an der politischen Front unterst\u00fctzen.<\/p>\n<p class=\"Typography_text-default__P3otY Typography_weight-normal__pqUbH storyline_paragraph_p__qSR5N\"><b class=\"bold\">An einer Stelle im Buch beschreiben Sie das Gef\u00fchl, das entsteht, &#8222;wenn man Schulter an Schulter marschiert, im Gleichschritt durch die Stra\u00dfen zieht, dieselben Parolen ruft&#8220;. Gab es Augenblicke, bei denen Sie Angst hatten, in diese Welt gezogen zu werden?<\/b><\/p>\n<p class=\"Typography_text-default__P3otY Typography_weight-normal__pqUbH storyline_paragraph_p__qSR5N\">Nein. Ich h\u00e4tte das noch Jahre so mitmachen k\u00f6nnen und mir w\u00e4re trotzdem weiter klar, dass es den Holocaust gab. Trotzdem ist es spannend, diese Dynamik zu sp\u00fcren &#8211; bei einer Demo oder beim Liedersingen am Lagerfeuer. Nat\u00fcrlich entsteht da ein Gef\u00fchl von Gemeinschaft.<\/p>\n<p class=\"Typography_text-default__P3otY Typography_weight-normal__pqUbH storyline_paragraph_p__qSR5N\"><b class=\"bold\">Ein 18-J\u00e4hriger aus Th\u00fcringen, Yannik, hat Ihnen eine Sprachnachricht geschickt, in der er sagt: &#8222;F\u00fcr uns Neonazis gibt es was, das hei\u00dft Tag X. Das ist der Tag, an dem wir rausgehen. Mit Waffen. Schusswaffen, Messern. Und dann wird jeder einzelne Kanake abgeschlachtet.&#8220; Ist so etwas ernst gemeint oder ist das halbstarkes Gerede?<\/b><\/p>\n<p class=\"Typography_text-default__P3otY Typography_weight-normal__pqUbH storyline_paragraph_p__qSR5N\">Ich w\u00fcrde mir nat\u00fcrlich w\u00fcnschen, dass so etwas nur Gerede ist, aber ich f\u00fcrchte, das ist es nicht. Das ist mehr als Geschwafel, mehr als das \u00fcbliche &#8222;Abhitlern&#8220;.<\/p>\n<p class=\"Typography_text-default__P3otY Typography_weight-normal__pqUbH storyline_paragraph_p__qSR5N\"><b class=\"bold\">Abhitlern?<\/b><\/p>\n<p class=\"Typography_text-default__P3otY Typography_weight-normal__pqUbH storyline_paragraph_p__qSR5N\">Das meint, Hitler zu zelebrieren: Fotos mit Hitlergru\u00df machen, Hitler-Memes verschicken. Das hat f\u00fcr viele Jugendliche einen Reiz, weil da eine Grenze \u00fcberschritten wird. Wir m\u00fcssen es trotzdem ernst nehmen, sonst ist es irgendwann zu sp\u00e4t.<\/p>\n<p class=\"Typography_text-default__P3otY Typography_weight-normal__pqUbH storyline_paragraph_p__qSR5N\"><b class=\"bold\">H\u00e4tten Sie diese Jugendlichen nicht beim Wort genommen, dann h\u00e4tten die einen <a class=\"inline_link\" href=\"https:\/\/www.n-tv.de\/panorama\/Recherche-deckt-Anschlagsplan-mutmasslicher-rechter-Jugend-Terrorgruppe-auf-article25734347.html\" target=\"_blank\" rel=\"nofollow noopener\">Anschlag auf ein \u00dcbergangswohnheim f\u00fcr Asylsuchende in Senftenberg<\/a> ver\u00fcbt.<\/b><\/p>\n<p class=\"Typography_text-default__P3otY Typography_weight-normal__pqUbH storyline_paragraph_p__qSR5N\">Bei allen Gruppen, in denen ich war, ging es um ein &#8222;Wir gegen die&#8220; &#8211; gegen Migranten, Fl\u00fcchtlinge, queere Personen. Immer steht ein Feindbild im Zentrum, immer geht es darum, jemanden auszuschlie\u00dfen. Wobei das Ausschlie\u00dfen nicht reicht, da spielt auch immer ein Vernichtungsgedanke mit rein, der &#8222;Tag X&#8220;.<\/p>\n<p class=\"Typography_text-default__P3otY Typography_weight-normal__pqUbH storyline_paragraph_p__qSR5N\"><b class=\"bold\">Sie zitieren eine junge Frau, Jelena, die sich in der AfD engagiert und \u00fcber den Holocaust sagt, es habe &#8222;h\u00f6chstens 175.000 vergaste Juden&#8220; gegeben. Dann sagt sie: &#8222;Ich find\u2019s halt geil, dass es stattgefunden hat.&#8220; Warum ist Antisemitismus in dieser Szene so wichtig?<\/b><\/p>\n<p class=\"Typography_text-default__P3otY Typography_weight-normal__pqUbH storyline_paragraph_p__qSR5N\">Die Feindbilder sind so alt wie die Szene selbst. Sie finden immer neue Feindbilder, aber die alten bleiben aktuell. All die Verschw\u00f6rungsmythen rund um die Juden, die angeblich die Zentralbanken kontrollieren, das h\u00e4lt sich nach wie vor. Die neuen Feindbilder treten nur daneben: Homosexuelle, queere Personen und, ganz wichtig, vermeintliche P\u00e4dophile.<\/p>\n<p class=\"Typography_text-default__P3otY Typography_weight-normal__pqUbH storyline_paragraph_p__qSR5N\"><b class=\"bold\">Was denkt man in dieser Szene \u00fcber die AfD?<\/b><\/p>\n<p class=\"Typography_text-default__P3otY Typography_weight-normal__pqUbH storyline_paragraph_p__qSR5N\">H\u00e4ufig klingt es, als halte man die AfD f\u00fcr n\u00fctzliche Idioten. Aus Sicht der Szene kann es strategisch sinnvoll sein, die AfD zu w\u00e4hlen, um die Gesellschaft, um die Grenzen des Sagbaren nach rechts zu verschieben. Die AfD soll den Boden bereiten f\u00fcr noch rechtere Parteien, die Heimat oder &#8222;Der III. Weg&#8220;.<\/p>\n<p class=\"Typography_text-default__P3otY Typography_weight-normal__pqUbH storyline_paragraph_p__qSR5N\"><b class=\"bold\">Hatten Sie w\u00e4hrend der Recherche Angst, dass jemand Sie durchschaut oder erkennt?<\/b><\/p>\n<p class=\"Typography_text-default__P3otY Typography_weight-normal__pqUbH storyline_paragraph_p__qSR5N\">Nat\u00fcrlich. Diese Angst schwingt immer mit. Ich hatte geschaut, was im Internet von mir zu finden ist, vor allem \u00fcber die Bilder-R\u00fcckw\u00e4rtssuche. Und das habe ich dann alles gel\u00f6scht. Aber nat\u00fcrlich dachte ich jedes Mal, dass jemand sich umdreht und sagt: Bist du nicht die von RTL? Das h\u00e4tte passieren k\u00f6nnen, klar.<\/p>\n<p class=\"Typography_text-default__P3otY Typography_weight-normal__pqUbH storyline_paragraph_p__qSR5N\"><b class=\"bold\">Das war sicher nicht angenehm.<\/b><\/p>\n<p class=\"Typography_text-default__P3otY Typography_weight-normal__pqUbH storyline_paragraph_p__qSR5N\">Wir haben immer darauf geachtet, dass in der N\u00e4he ein Auto geparkt war, etwa f\u00fcr den Fall, dass jemand meine Sachen durchsucht. Ich hatte ja einige Eins\u00e4tze, bei denen ich mehrere Tage in einem Raum mit anderen Leuten \u00fcbernachtet habe, etwa auf dem &#8222;Heimathof&#8220; in Niedersachsen. Wenn jemand da in meinem Rucksack zw\u00f6lf Akkus und f\u00fcnfzehn Speicherkarten gefunden h\u00e4tte, h\u00e4tte man mich sicher gefragt: Wof\u00fcr brauchst du das?<\/p>\n<p><img decoding=\"async\" class=\"Image_img__fQCi0 Image_Img_16_9__4BLfH widget-picture-inline_maximizable__t_E7h\" loading=\"lazy\" src=\"https:\/\/www.n-tv.de\/logo_grey.svg\" alt=\"AndreArden_20250322_Eschede_Videos.00_51_38_01.Still006 1_anonymized\"\/>Isabell mit Mitgliedern des &#8222;M\u00e4delbund&#8220; auf dem Heimathof im nieders\u00e4chsischen Eschede. (Foto: Recherche Nord)<\/p>\n<p class=\"Typography_text-default__P3otY Typography_weight-normal__pqUbH storyline_paragraph_p__qSR5N\"><b class=\"bold\">Am Anfang sind Sie allein auf Demonstrationen und Konzerte gegangen. F\u00e4llt man da nicht auf?<\/b><\/p>\n<p class=\"Typography_text-default__P3otY Typography_weight-normal__pqUbH storyline_paragraph_p__qSR5N\">Deshalb habe ich immer schnell versucht, mir Freunde zu suchen, um mich mit den Leuten bekannt zu machen. Eine Situation war wirklich brenzlig. Ich war in diesem NPD-Keller in Berlin-K\u00f6penick, wo mich auf einmal jemand fragt, mit wem ich gekommen bin.<\/p>\n<p class=\"Typography_text-default__P3otY Typography_weight-normal__pqUbH storyline_paragraph_p__qSR5N\"><b class=\"bold\">Wie haben Sie reagiert?<\/b><\/p>\n<p class=\"Typography_text-default__P3otY Typography_weight-normal__pqUbH storyline_paragraph_p__qSR5N\">Ich habe auf zwei Glatzk\u00f6pfe gezeigt, die ich gerade erst kennengelernt hatte. Der Typ darauf: &#8222;Die will ich sprechen.&#8220; Auf dem Weg zu den beiden hat er dann aber vergessen, was er von ihnen wollte &#8211; er hatte schon ein bisschen was getrunken.<\/p>\n<p class=\"Typography_text-default__P3otY Typography_weight-normal__pqUbH storyline_paragraph_p__qSR5N\"><b class=\"bold\">Wenn man Menschen nahekommt, entdeckt man mitunter sympathische Z\u00fcge an Leuten, die einem eigentlich unsympathisch sind. Ist Ihnen das unter Neonazis auch so gegangen?<\/b><\/p>\n<p class=\"Typography_text-default__P3otY Typography_weight-normal__pqUbH storyline_paragraph_p__qSR5N\">Ich habe tats\u00e4chlich einige Leute kennengelernt, bei denen ich dachte: H\u00e4tten wir uns unter anderen Umst\u00e4nden getroffen, h\u00e4tte ich mit dem eigentlich gerne mal ein Bier getrunken. Nat\u00fcrlich findet man manche Menschen auch sympathisch. Gerade wenn ich bei J\u00fcngeren gemerkt habe, dass sie Zweifel haben, habe ich immer versucht, die Skepsis zu best\u00e4rken. Auf dem &#8222;Heimathof&#8220; beispielsweise hat ein M\u00e4dchen zu mir gesagt, sie finde es komisch, was die da machen, schon die R\u00f6cke, wir seien doch nicht im Mittelalter. In solchen Situationen habe ich versucht, ein bisschen Zweifel zu s\u00e4en, auch wenn ich meine Rolle als Isabell nat\u00fcrlich nicht aufgeben konnte. Mir war auch deshalb wichtig, mich im Nachgang bei den Leuten zu zeigen.<\/p>\n<p><img decoding=\"async\" class=\"Image_img__fQCi0 Image_Img_16_9__4BLfH widget-picture-inline_maximizable__t_E7h\" loading=\"lazy\" src=\"https:\/\/www.n-tv.de\/logo_grey.svg\" alt=\"Blur\"\/>Isabell auf dem Weg zu einem Konzert in der Parteizentrale von &#8222;Die Heimat&#8220; (fr\u00fcher NPD) in Berlin-K\u00f6penick. (Foto: Presseservice Rathenow)<\/p>\n<p class=\"Typography_text-default__P3otY Typography_weight-normal__pqUbH storyline_paragraph_p__qSR5N\"><b class=\"bold\">Wie, im Nachgang?<\/b><\/p>\n<p class=\"Typography_text-default__P3otY Typography_weight-normal__pqUbH storyline_paragraph_p__qSR5N\">Als meine Tarnung aufgeflogen ist, bin ich noch zu ein paar Demonstrationen gegangen, weil ich es einfach fair fand, ihnen zu erkl\u00e4ren, warum ich das gemacht habe.<\/p>\n<p class=\"Typography_text-default__P3otY Typography_weight-normal__pqUbH storyline_paragraph_p__qSR5N\"><b class=\"bold\">Wie waren die Reaktionen?<\/b><\/p>\n<p class=\"Typography_text-default__P3otY Typography_weight-normal__pqUbH storyline_paragraph_p__qSR5N\">Einer meinte zu mir: &#8222;Wer als Frau redet wie ein Mann, bekommt auch auf die Fresse wie ein Mann.&#8220; Aber die meisten waren vor allem \u00fcberrascht, dass ich mich traue, vor ihnen aufzutauchen. <\/p>\n<p class=\"Typography_text-default__P3otY Typography_weight-normal__pqUbH storyline_paragraph_p__qSR5N\"><b class=\"bold\">Die haben mit Ihnen geredet, obwohl Sie eine &#8222;Verr\u00e4terin&#8220; sind?<\/b><\/p>\n<p class=\"Typography_text-default__P3otY Typography_weight-normal__pqUbH storyline_paragraph_p__qSR5N\">Einer hat mir sogar die Hand gegeben, andere wollten Fotos mit mir machen. Da ging es wohl auch darum, in der \u00d6ffentlichkeit so zu tun, als h\u00e4tte ich Werbung f\u00fcr sie gemacht.<\/p>\n<p class=\"Typography_text-default__P3otY Typography_weight-normal__pqUbH storyline_paragraph_p__qSR5N\"><b class=\"bold\">Haben Sie Angst vor Rache?<\/b><\/p>\n<p class=\"Typography_text-default__P3otY Typography_weight-normal__pqUbH storyline_paragraph_p__qSR5N\">Nein. Ich bin vorsichtiger als vorher, wir haben einige Sicherheitsvorkehrungen getroffen. Mittlerweile habe ich einen Baseballschl\u00e4ger zu Hause liegen. Aber der wird hoffentlich nicht zum Einsatz kommen. Ich muss dazu sagen: Das Ganze hat auch funktioniert, weil ich die Strukturen eines gro\u00dfen Medienhauses hinter mir hatte. Es gibt Fachjournalisten und Fotografen, die so etwas auf eigene Faust machen. Das ist etwas ganz anderes.<\/p>\n<p class=\"Typography_text-default__P3otY Typography_weight-normal__pqUbH storyline_paragraph_p__qSR5N\"><b class=\"bold\">Wann und wie fiel die Entscheidung, den Beh\u00f6rden Ihre Recherchen mitzuteilen?<\/b><\/p>\n<p class=\"Typography_text-default__P3otY Typography_weight-normal__pqUbH storyline_paragraph_p__qSR5N\">Irgendwann kam ich an den Punkt, dass klar war, ich w\u00fcrde mich strafbar machen, wenn ich nicht handele. Ich hatte so eine Situation zuvor noch nicht erlebt: Mich hatte vorher nie jemand in Anschlagspl\u00e4ne eingeweiht. Dann habe ich die Tatwaffen gesehen; ich war beim Kauf der Kugelbomben dabei. Es wurde so konkret, dass klar war: Ich muss zu den Beh\u00f6rden gehen.<\/p>\n<p class=\"Typography_text-default__P3otY Typography_weight-normal__pqUbH storyline_paragraph_p__qSR5N\"><b class=\"bold\">W\u00e4hrend Sie zum Kugelbombenkauf nach Tschechien unterwegs waren, hat der Staatsschutz mehrere Razzien bei Mitgliedern der Gruppe durchgef\u00fchrt &#8211; und Ihre &#8222;Kameraden&#8220; haben im Auto davon erfahren.<\/b><\/p>\n<p class=\"Typography_text-default__P3otY Typography_weight-normal__pqUbH storyline_paragraph_p__qSR5N\">Ich hatte denen ein paar Wochen vorher von dem <a class=\"inline_link\" href=\"https:\/\/www.n-tv.de\/politik\/Generalbundesanwalt-erhebt-Anklage-gegen-Letzte-Verteidigungswelle-id30157051.html\" target=\"_blank\" rel=\"nofollow noopener\">Anschlag auf das Kulturhaus in Brandenburg<\/a> erz\u00e4hlt. Da habe ich zum ersten Mal vor der Polizei \u00fcber die Letzte Verteidigungswelle gesprochen und auch zwei Namen genannt. Dass die Razzien parallel zu unserer Fahrt nach Tschechien stattfinden w\u00fcrden, wusste ich allerdings nicht.<\/p>\n<p class=\"Typography_text-default__P3otY Typography_weight-normal__pqUbH storyline_paragraph_p__qSR5N\"><b class=\"bold\">Vertreter der Letzten Verteidigungswelle stehen jetzt vor Gericht. Werden Sie als Zeugin aussagen?<\/b><\/p>\n<p class=\"Typography_text-default__P3otY Typography_weight-normal__pqUbH storyline_paragraph_p__qSR5N\">Ja. Das wird sicher ein bisschen seltsam, denen gegen\u00fcberzusitzen und von meiner Recherche zu erz\u00e4hlen. Aber einen Termin gibt es da noch nicht.<\/p>\n<p class=\"Typography_text-default__P3otY Typography_weight-normal__pqUbH storyline_paragraph_p__qSR5N\">Mit Angelique Geray sprach Hubertus Volmer<\/p>\n<p class=\"Typography_text-s__wu_cm Typography_weight-normal__pqUbH Typography_color-darkgrey__sZEnP article-detail-footer_source__KslPc\">Quelle: ntv.de<\/p>\n","protected":false},"excerpt":{"rendered":"Undercover unter Nazis&#8220;Ich war beim Kauf der Kugelbomben dabei&#8220; 04.04.2026, 07:02 Uhr Artikel anh\u00f6ren(12:52 min) Angelique Geray als&hellip;\n","protected":false},"author":2,"featured_media":920224,"comment_status":"","ping_status":"","sticky":false,"template":"","format":"standard","meta":{"footnotes":"","_share_on_mastodon":"0"},"categories":[5],"tags":[13,5278,14,3393,15,15691,16,770,12,927,10,8,9,11],"class_list":["post-920223","post","type-post","status-publish","format-standard","has-post-thumbnail","category-nachrichten","tag-headlines","tag-interviews","tag-nachrichten","tag-neonazis","tag-news","tag-npd","tag-politik","tag-rechtsextremismus","tag-schlagzeilen","tag-terroranschlaege","tag-top-news","tag-top-meldungen","tag-topmeldungen","tag-topnews"],"share_on_mastodon":{"url":"https:\/\/pubeurope.com\/@de\/116345427346027591","error":""},"_links":{"self":[{"href":"https:\/\/www.europesays.com\/de\/wp-json\/wp\/v2\/posts\/920223","targetHints":{"allow":["GET"]}}],"collection":[{"href":"https:\/\/www.europesays.com\/de\/wp-json\/wp\/v2\/posts"}],"about":[{"href":"https:\/\/www.europesays.com\/de\/wp-json\/wp\/v2\/types\/post"}],"author":[{"embeddable":true,"href":"https:\/\/www.europesays.com\/de\/wp-json\/wp\/v2\/users\/2"}],"replies":[{"embeddable":true,"href":"https:\/\/www.europesays.com\/de\/wp-json\/wp\/v2\/comments?post=920223"}],"version-history":[{"count":0,"href":"https:\/\/www.europesays.com\/de\/wp-json\/wp\/v2\/posts\/920223\/revisions"}],"wp:featuredmedia":[{"embeddable":true,"href":"https:\/\/www.europesays.com\/de\/wp-json\/wp\/v2\/media\/920224"}],"wp:attachment":[{"href":"https:\/\/www.europesays.com\/de\/wp-json\/wp\/v2\/media?parent=920223"}],"wp:term":[{"taxonomy":"category","embeddable":true,"href":"https:\/\/www.europesays.com\/de\/wp-json\/wp\/v2\/categories?post=920223"},{"taxonomy":"post_tag","embeddable":true,"href":"https:\/\/www.europesays.com\/de\/wp-json\/wp\/v2\/tags?post=920223"}],"curies":[{"name":"wp","href":"https:\/\/api.w.org\/{rel}","templated":true}]}}