{"id":920417,"date":"2026-04-04T10:02:14","date_gmt":"2026-04-04T10:02:14","guid":{"rendered":"https:\/\/www.europesays.com\/de\/920417\/"},"modified":"2026-04-04T10:02:14","modified_gmt":"2026-04-04T10:02:14","slug":"diese-tage-sind-in-den-bundeslaendern-besonders-geschuetzt","status":"publish","type":"post","link":"https:\/\/www.europesays.com\/de\/920417\/","title":{"rendered":"Diese Tage sind in den Bundesl\u00e4ndern besonders gesch\u00fctzt"},"content":{"rendered":"<p class=\"mb-6 text-xs md:text-m lg:text-l font-serif group-[.font-sans]:font-sans \">\n    Deutschland hat insgesamt neun <a href=\"https:\/\/www.augsburger-allgemeine.de\/panorama\/alle-feiertage-in-deutschland-2025-und-2026-alle-termine-wann-ist-der-naechste-feiertag-1-3-25-104053676\" target=\"_blank\" class=\"underline \" rel=\"nofollow noopener\">gesetzliche Feiertage<\/a>, die bundesweit gelten. Dar\u00fcber hinaus gibt es landesspezifische <a href=\"https:\/\/www.augsburger-allgemeine.de\/panorama\/feiertage\" target=\"_self\" class=\"underline \" rel=\"nofollow noopener\">Feiertage<\/a>, die nur in einzelnen Bundesl\u00e4ndern arbeitsfrei sind. Die Feiertagsregelungen unterscheiden sich dabei teilweise sogar innerhalb eines Bundeslands \u2013 die Stadt <a href=\"https:\/\/www.augsburger-allgemeine.de\/augsburg\/\" target=\"_self\" class=\"underline \" rel=\"nofollow noopener\">Augsburg<\/a> zum Beispiel hat <a href=\"https:\/\/www.augsburger-allgemeine.de\/panorama\/welches-bundesland-hat-die-meisten-feiertage-102228709\" target=\"_blank\" class=\"underline \" rel=\"nofollow noopener\">die meisten Feiertage in Deutschland<\/a>.\n  <\/p>\n<p class=\"mb-6 text-xs md:text-m lg:text-l font-serif group-[.font-sans]:font-sans \">\n    Zus\u00e4tzlich zu den gesetzlichen Feiertagen gibt es noch sogenannte \u201estille Feiertage\u201c. Das sind Gedenktage, die einen besonderen Schutzstatus haben. Deshalb sind an stillen Tagen viele \u00f6ffentliche Unterhaltungsveranstaltungen verboten, um den ernsten Charakter der Feiertage zu wahren. So hat sich zum Beispiel auch das Wort \u201eTanzverbot\u201c etabliert, da an den meisten stillen Tagen \u00f6ffentliche Tanzveranstaltungen verboten sind. Deutschlandweit gilt das <a href=\"https:\/\/www.augsburger-allgemeine.de\/panorama\/tanzverbot-an-karfreitag-wo-gilt-es-und-welche-strafen-drohen-106843122\" target=\"_blank\" class=\"underline \" rel=\"nofollow noopener\">Tanzverbot am Karfreitag<\/a>. Aber welche stillen Feiertage in Deutschland gibt es noch?\n  <\/p>\n<p>            Gesetz: Was sind stille Feiertage?<\/p>\n<p class=\"mb-6 text-xs md:text-m lg:text-l font-serif group-[.font-sans]:font-sans \">\n    Stille Feiertage sind in Deutschland Tage mit besonderem Schutz, an denen bestimmte \u00f6ffentliche Veranstaltungen eingeschr\u00e4nkt oder verboten sind, um die \u00f6ffentliche Ruhe zu gew\u00e4hrleisten. Es m\u00fcssen keine gesetzlichen Feiertage sein, nicht an jedem stillen Feiertag, ist also gleichzeitig auch arbeitsfrei. Das gilt zum Beispiel f\u00fcr den Totensonntag.\n  <\/p>\n<p class=\"mb-6 text-xs md:text-m lg:text-l font-serif group-[.font-sans]:font-sans \">\n    Die genauen Regelungen variieren je nach Bundesland, da jedes seine eigenen Feiertagsgesetze hat. Einige Bundesl\u00e4nder verwenden den Begriff \u201estille Tage\u201c ausdr\u00fccklich, w\u00e4hrend andere \u00e4hnliche Schutzbestimmungen f\u00fcr bestimmte Gedenk- und Trauertage festlegen, den Begriff \u201estille Tage\u201c aber nicht im Gesetz explizit erw\u00e4hnen. Auch die Uhrzeiten und Schutzbestimmungen variieren.\n  <\/p>\n<p>            Stille Feiertage in Deutschland: Diese Tage sind in den Bundesl\u00e4ndern besonders gesch\u00fctzt<\/p>\n<p class=\"mb-6 text-xs md:text-m lg:text-l font-serif group-[.font-sans]:font-sans \">\n    Die meisten stillen Feiertage hat Bayern. Im Feiertagsgesetz sind insgesamt neun festgehalten. Was genau verboten ist \u2013 ob Musik, Sport oder Unterhaltung \u2013 h\u00e4ngt vom Bundesland und Feiertag ab. Am <a href=\"https:\/\/www.augsburger-allgemeine.de\/panorama\/was-darf-man-am-karfreitag-nicht-106738333\" target=\"_blank\" class=\"underline \" rel=\"nofollow noopener\">Karfreitag<\/a> beispielsweise weitet sich der Schutz des Feiertags in manchen Bundesl\u00e4ndern sogar auf den Gr\u00fcndonnerstag und Karsamstag aus. Hier der \u00dcberblick:\n  <\/p>\n<ul rel=\"\" class=\"[&amp;&gt;li]:relative list-none  [&amp;&gt;li]:pl-[1.2em] [&amp;&gt;li]:marker:text-[0] [&amp;&gt;li]:relative [&amp;&gt;li]:before:absolute [&amp;&gt;li]:before:w-3 [&amp;&gt;li]:before:h-3 [&amp;&gt;li]:before:bg-brand [&amp;&gt;li]:before:left-0 [&amp;&gt;li]:before:top-[8px] [&amp;&gt;li]:before:rounded-full  my-5\">\n<li class=\" mb-3 text-xs md:text-m lg:text-l\">Baden-W\u00fcrttemberg: Karfreitag, Totensonntag, Allerheiligen, Bu\u00df- und Bettag, Volkstrauertag, Gr\u00fcndonnerstag<\/li>\n<li class=\" mb-3 text-xs md:text-m lg:text-l\">Bayern: Aschermittwoch, Gr\u00fcndonnerstag, Karfreitag, Karsamstag, Allerheiligen, Volkstrauertag, Totensonntag, Bu\u00df- und Bettag, Heiligabend<\/li>\n<li class=\" mb-3 text-xs md:text-m lg:text-l\">Berlin: Volkstrauertag, Totensonntag, Karfreitag<\/li>\n<li class=\" mb-3 text-xs md:text-m lg:text-l\">Brandenburg: Karfreitag, Totensonntag, Volkstrauertag<\/li>\n<li class=\" mb-3 text-xs md:text-m lg:text-l\">Bremen: Karfreitag, Volkstrauertag, Totensonntag<\/li>\n<li class=\" mb-3 text-xs md:text-m lg:text-l\">Hamburg: Karfreitag, Volkstrauertag, Totensonntag<\/li>\n<li class=\" mb-3 text-xs md:text-m lg:text-l\">Hessen: Karfreitag, Volkstrauertag, Totensonntag; an Gr\u00fcndonnerstag gelten ebenfalls Einschr\u00e4nkungen<\/li>\n<li class=\" mb-3 text-xs md:text-m lg:text-l\">Mecklenburg-Vorpommern: Karfreitag, Volkstrauertag, Totensonntag<\/li>\n<li class=\" mb-3 text-xs md:text-m lg:text-l\">Niedersachsen: Karfreitag, Volkstrauertag, Totensonntag; Zudem sind am Gr\u00fcndonnerstag, am Karsamstag und Heiligabend \u00f6ffentliche Tanzveranstaltungen verboten.<\/li>\n<li class=\" mb-3 text-xs md:text-m lg:text-l\">Nordrhein-Westfalen: Volkstrauertag, Allerheiligen, Totensonntag, Karfreitag; an Gr\u00fcndonnerstag und Heiligabend gibt es teilweise Veranstaltungsverbote<\/li>\n<li class=\" mb-3 text-xs md:text-m lg:text-l\">Rheinland-Pfalz: Karfreitag, Totensonntag, Volkstrauertag, Allerheiligen; an Gr\u00fcndonnerstag und Heiligabend gibt es teilweise Veranstaltungsverbote<\/li>\n<li class=\" mb-3 text-xs md:text-m lg:text-l\">Saarland: Karfreitag, Allerheiligen, Totensonntag, Volkstrauertag. Zus\u00e4tzlich gelten Beschr\u00e4nkungen an Allerseelen, Bu\u00df- und Bettag und an Heiligabend<\/li>\n<li class=\" mb-3 text-xs md:text-m lg:text-l\">Sachsen: Karfreitag, Bu\u00df- und Bettag, Volkstrauertag, Totensonntag<\/li>\n<li class=\" mb-3 text-xs md:text-m lg:text-l\">Sachsen-Anhalt: Karfreitag, Volkstrauertag, Bu\u00df- und Bettag, Totensonntag, Heiligabend<\/li>\n<li class=\" mb-3 text-xs md:text-m lg:text-l\">Schleswig-Holstein: Karfreitag, Volkstrauertag, Totensonntag<\/li>\n<li class=\" mb-3 text-xs md:text-m lg:text-l\">Th\u00fcringen: Karfreitag, Volkstrauertag, Totensonntag. Zus\u00e4tzlich gelten an Karsamstag und an Heiligabend Beschr\u00e4nkungen.<\/li>\n<\/ul>\n<ul data-module-id=\"DragDropModule\" class=\"flex flex-wrap justify-start group-[.no-bookmarks]:hidden\">\n<li class=\"mb-3 mr-3\">\n    Elisa Jebelean<\/p>\n<p>      Icon Haken im Kreis gesetzt<\/p>\n<p>      Icon Plus im Kreis<\/p>\n<\/li>\n<li class=\"mb-3 mr-3\">\n    Feiertag<\/p>\n<p>      Icon Haken im Kreis gesetzt<\/p>\n<p>      Icon Plus im Kreis<\/p>\n<\/li>\n<li class=\"mb-3 mr-3\">\n    Deutschland<\/p>\n<p>      Icon Haken im Kreis gesetzt<\/p>\n<p>      Icon Plus im Kreis<\/p>\n<\/li>\n<\/ul>\n","protected":false},"excerpt":{"rendered":"Deutschland hat insgesamt neun gesetzliche Feiertage, die bundesweit gelten. Dar\u00fcber hinaus gibt es landesspezifische Feiertage, die nur in&hellip;\n","protected":false},"author":2,"featured_media":920418,"comment_status":"","ping_status":"","sticky":false,"template":"","format":"standard","meta":{"footnotes":"","_share_on_mastodon":"0"},"categories":[2],"tags":[331,3924,332,3922,680,3364,29,2415,30,2456,13,643,14,3923,15,3921,12,265],"class_list":["post-920417","post","type-post","status-publish","format-standard","has-post-thumbnail","category-deutschland","tag-aktuelle-nachrichten","tag-aktuelle-nachrichten-aus-deutschland","tag-aktuelle-news","tag-aktuelle-news-aus-deutschland","tag-augsburg","tag-de","tag-deutschland","tag-feiertag","tag-germany","tag-gruendonnerstag","tag-headlines","tag-karfreitag","tag-nachrichten","tag-nachrichten-aus-deutschland","tag-news","tag-news-aus-deutschland","tag-schlagzeilen","tag-sport"],"share_on_mastodon":{"url":"https:\/\/pubeurope.com\/@de\/116345867296137538","error":""},"_links":{"self":[{"href":"https:\/\/www.europesays.com\/de\/wp-json\/wp\/v2\/posts\/920417","targetHints":{"allow":["GET"]}}],"collection":[{"href":"https:\/\/www.europesays.com\/de\/wp-json\/wp\/v2\/posts"}],"about":[{"href":"https:\/\/www.europesays.com\/de\/wp-json\/wp\/v2\/types\/post"}],"author":[{"embeddable":true,"href":"https:\/\/www.europesays.com\/de\/wp-json\/wp\/v2\/users\/2"}],"replies":[{"embeddable":true,"href":"https:\/\/www.europesays.com\/de\/wp-json\/wp\/v2\/comments?post=920417"}],"version-history":[{"count":0,"href":"https:\/\/www.europesays.com\/de\/wp-json\/wp\/v2\/posts\/920417\/revisions"}],"wp:featuredmedia":[{"embeddable":true,"href":"https:\/\/www.europesays.com\/de\/wp-json\/wp\/v2\/media\/920418"}],"wp:attachment":[{"href":"https:\/\/www.europesays.com\/de\/wp-json\/wp\/v2\/media?parent=920417"}],"wp:term":[{"taxonomy":"category","embeddable":true,"href":"https:\/\/www.europesays.com\/de\/wp-json\/wp\/v2\/categories?post=920417"},{"taxonomy":"post_tag","embeddable":true,"href":"https:\/\/www.europesays.com\/de\/wp-json\/wp\/v2\/tags?post=920417"}],"curies":[{"name":"wp","href":"https:\/\/api.w.org\/{rel}","templated":true}]}}