{"id":920507,"date":"2026-04-04T10:51:24","date_gmt":"2026-04-04T10:51:24","guid":{"rendered":"https:\/\/www.europesays.com\/de\/920507\/"},"modified":"2026-04-04T10:51:24","modified_gmt":"2026-04-04T10:51:24","slug":"usa-verlieren-mehrere-flugzeuge-und-hubschrauber-in-zwei-tagen","status":"publish","type":"post","link":"https:\/\/www.europesays.com\/de\/920507\/","title":{"rendered":"USA verlieren mehrere Flugzeuge und Hubschrauber in zwei Tagen"},"content":{"rendered":"<p>Absch\u00fcsse im Nahen Osten <\/p>\n<p>Die rabenschwarzen Tage der US-Luftwaffe<\/p>\n<p>Aktualisiert am 04.04.2026 &#8211; 11:44 UhrLesedauer: 5 Min.<\/p>\n<p><img style=\"--width:32;--height:32\" loading=\"lazy\" src=\"https:\/\/www.t-online.de\/s\/paper\/_next\/static\/media\/loading-indicator-magenta.1f35d8de.svg\" alt=\"Video l\u00e4dt\" title=\"Video l\u00e4dt\" class=\"block h-[calc(var(--height)_\/_16_*_1rem)] w-[calc(var(--width)_\/_16_*_1rem)] max-w-none undefined\" decoding=\"async\"\/>Player wird geladen<\/p>\n<p>Dramatische Szenen \u00fcber feindlichem Gebiet (Quelle: t-online)<\/p>\n<p class=\"font-bold text-18 leading-17 user-text-lg:text-22 user-text-xl:text-24\">F\u00fcr die Streitkr\u00e4fte der Vereinigten Staaten waren es zwei Tage zum Vergessen: Mehrere Flugzeuge und Hubschrauber wurden \u00fcber dem Iran abgeschossen.<\/p>\n<p class=\"text-18 leading-17 user-text-lg:text-22 user-text-xl:text-24\">Als der US-Verteidigungsminister <a class=\"transition-colors duration-200 cursor-pointer text-inherit no-underline text-salemsfur md:hover:text-magenta md:hover:border-magenta md:focus:text-magenta border-current border-b border-solid break-words\" data-tracking=\"{&quot;action&quot;:&quot;click&quot;,&quot;category&quot;:&quot;intextLink&quot;,&quot;label&quot;:&quot;\/themen\/pete-hegseth\/&quot;}\" href=\"https:\/\/www.t-online.de\/themen\/pete-hegseth\/\" data-sctrack=\"BodyAnchor\" rel=\"nofollow noopener\" target=\"_blank\">Pete Hegseth<\/a> im M\u00e4rz erkl\u00e4rte, die Vereinigten Staaten h\u00e4tten die &#8222;totale Lufthoheit&#8220; \u00fcber dem <a class=\"transition-colors duration-200 cursor-pointer text-inherit no-underline text-salemsfur md:hover:text-magenta md:hover:border-magenta md:focus:text-magenta border-current border-b border-solid break-words\" data-tracking=\"{&quot;action&quot;:&quot;click&quot;,&quot;category&quot;:&quot;intextLink&quot;,&quot;label&quot;:&quot;\/themen\/iran\/&quot;}\" href=\"https:\/\/www.t-online.de\/themen\/iran\/\" data-sctrack=\"BodyAnchor\" rel=\"nofollow noopener\" target=\"_blank\">Iran<\/a> erreicht, kratzten sich wohl einige Milit\u00e4rexperten fragend am Kopf. Denn seit Hegseths Aussagen finden sich zahlreiche Bilder vom Beschuss US-amerikanischer Flugzeuge und Hubschrauber in den sozialen Medien.<\/p>\n<p class=\"text-18 leading-17 user-text-lg:text-22 user-text-xl:text-24\">Insbesondere seit Donnerstag ist klar: Hegseths Aussage ist wohl falsch. Denn die US-Luftwaffe erlebte zwei rabenschwarze Tage, in denen es zu mehreren schweren Zwischenf\u00e4llen \u00fcber dem Iran und anderen L\u00e4ndern des Nahen Ostens kam.<\/p>\n<p class=\"text-18 leading-17 user-text-lg:text-22 user-text-xl:text-24\">Abgest\u00fcrzte Kampfjets, besch\u00e4digte Hubschrauber, heruntergeschossene Drohnen: Diese H\u00e4ufung ist selbst f\u00fcr eine laufende Luftoperation ungew\u00f6hnlich und zeigt, wie gef\u00e4hrlich die Lage im Nahen Osten derzeit ist: Erstmals seit Jahrzehnten operieren US-Piloten wieder dauerhaft in einem Luftraum, der von moderner gegnerischer Luftabwehr und Drohnen dicht ges\u00e4ttigt ist.<\/p>\n<p class=\"text-18 leading-17 user-text-lg:text-22 user-text-xl:text-24\">Am 3. April wurde eine <a class=\"transition-colors duration-200 cursor-pointer text-inherit no-underline text-salemsfur md:hover:text-magenta md:hover:border-magenta md:focus:text-magenta border-current border-b border-solid break-words\" data-tracking=\"{&quot;action&quot;:&quot;click&quot;,&quot;category&quot;:&quot;intextLink&quot;,&quot;label&quot;:&quot;\/nachrichten\/ausland\/internationale-politik\/id_101198736\/kampfjet-im-iran-krieg-abgeschossen-iran-nimmt-wohl-us-piloten-gefangen.html&quot;}\" href=\"https:\/\/www.t-online.de\/nachrichten\/ausland\/internationale-politik\/id_101198736\/kampfjet-im-iran-krieg-abgeschossen-iran-nimmt-wohl-us-piloten-gefangen.html\" data-sctrack=\"BodyAnchor\" rel=\"nofollow noopener\" target=\"_blank\">F\u201115E &#8222;Strike Eagle&#8220; der US-Luftwaffe \u00fcber iranischem Gebiet abgeschossen<\/a>, mutma\u00dflich durch iranische Luftabwehrsysteme. Die zweisitzige Maschine, die aus einer Luftwaffenbasis in Europa in die Region verlegt worden war, st\u00fcrzte nach Angaben von US-Regierungsvertretern in der Provinz Chuzestan ab. Einer der beiden Besatzungsangeh\u00f6rigen konnte von US-Spezialkr\u00e4ften gerettet werden, nach dem zweiten Besatzungsmitglied wird weiterhin gesucht.<\/p>\n<p>Im Video | Videos sollen Rettungsaktion der USA zeigen<\/p>\n<p><img style=\"--width:32;--height:32\" loading=\"lazy\" src=\"https:\/\/www.t-online.de\/s\/paper\/_next\/static\/media\/loading-indicator-magenta.1f35d8de.svg\" alt=\"Video l\u00e4dt\" title=\"Video l\u00e4dt\" class=\"block h-[calc(var(--height)_\/_16_*_1rem)] w-[calc(var(--width)_\/_16_*_1rem)] max-w-none undefined\" decoding=\"async\"\/>Player wird geladenQuelle: t-online<\/p>\n<p class=\"text-18 leading-17 user-text-lg:text-22 user-text-xl:text-24\">Weder das Pentagon noch das Regionalkommando Centcom haben den genauen Einsatzauftrag \u00f6ffentlich gemacht, doch iranische Staatsmedien sprechen von einem gezielten Abschuss im Rahmen einer &#8222;Antwort auf US-Aggression&#8220; und verbreiten Bilder von Wrackteilen sowie Aufrufen an die Bev\u00f6lkerung, nach dem Piloten zu suchen. Fotos der Absturzstelle wurden mittlerweile von mehreren vertrauensw\u00fcrdigen Analysten auf dem Kurznachrichtendienst \u00fcbereinstimmend einem Ort in der Region Chuzestan zugeordnet.<\/p>\n<p class=\"text-18 leading-17 user-text-lg:text-22 user-text-xl:text-24\">Die anschlie\u00dfende Such- und Rettungsmission zeigt, wie hoch das Risiko solcher Eins\u00e4tze in gegnerischem Luftraum inzwischen ist. Combat Search and Rescue, kurz CSAR, bezeichnet speziell vorbereitete Rettungsoperationen, bei denen Hubschrauber, Transportflugzeuge und Begleitj\u00e4ger einen abgeschossenen Piloten unter Gefechtsbedingungen bergen sollen.<\/p>\n","protected":false},"excerpt":{"rendered":"Absch\u00fcsse im Nahen Osten Die rabenschwarzen Tage der US-Luftwaffe Aktualisiert am 04.04.2026 &#8211; 11:44 UhrLesedauer: 5 Min. Player&hellip;\n","protected":false},"author":2,"featured_media":920508,"comment_status":"","ping_status":"","sticky":false,"template":"","format":"standard","meta":{"footnotes":"","_share_on_mastodon":"0"},"categories":[3],"tags":[326,201393,106,1478,663,13,2954,345,643,14,15,649,4769,12,29839,6375,201394,10,8,9,11,16147,25939,64,103,104],"class_list":["post-920507","post","type-post","status-publish","format-standard","has-post-thumbnail","category-welt","tag-326","tag-chuzestan","tag-donald-trump","tag-drohne","tag-europa","tag-headlines","tag-hubschrauber","tag-iran","tag-karfreitag","tag-nachrichten","tag-news","tag-pete-hegseth","tag-saudi-arabien","tag-schlagzeilen","tag-strasse-von-hormus","tag-streitkraefte","tag-taeuschkoerper","tag-top-news","tag-top-meldungen","tag-topmeldungen","tag-topnews","tag-united-states-central-command","tag-us-luftwaffe","tag-usa","tag-welt","tag-world"],"share_on_mastodon":{"url":"https:\/\/pubeurope.com\/@de\/116346060069886013","error":""},"_links":{"self":[{"href":"https:\/\/www.europesays.com\/de\/wp-json\/wp\/v2\/posts\/920507","targetHints":{"allow":["GET"]}}],"collection":[{"href":"https:\/\/www.europesays.com\/de\/wp-json\/wp\/v2\/posts"}],"about":[{"href":"https:\/\/www.europesays.com\/de\/wp-json\/wp\/v2\/types\/post"}],"author":[{"embeddable":true,"href":"https:\/\/www.europesays.com\/de\/wp-json\/wp\/v2\/users\/2"}],"replies":[{"embeddable":true,"href":"https:\/\/www.europesays.com\/de\/wp-json\/wp\/v2\/comments?post=920507"}],"version-history":[{"count":0,"href":"https:\/\/www.europesays.com\/de\/wp-json\/wp\/v2\/posts\/920507\/revisions"}],"wp:featuredmedia":[{"embeddable":true,"href":"https:\/\/www.europesays.com\/de\/wp-json\/wp\/v2\/media\/920508"}],"wp:attachment":[{"href":"https:\/\/www.europesays.com\/de\/wp-json\/wp\/v2\/media?parent=920507"}],"wp:term":[{"taxonomy":"category","embeddable":true,"href":"https:\/\/www.europesays.com\/de\/wp-json\/wp\/v2\/categories?post=920507"},{"taxonomy":"post_tag","embeddable":true,"href":"https:\/\/www.europesays.com\/de\/wp-json\/wp\/v2\/tags?post=920507"}],"curies":[{"name":"wp","href":"https:\/\/api.w.org\/{rel}","templated":true}]}}