{"id":920526,"date":"2026-04-04T11:03:20","date_gmt":"2026-04-04T11:03:20","guid":{"rendered":"https:\/\/www.europesays.com\/de\/920526\/"},"modified":"2026-04-04T11:03:20","modified_gmt":"2026-04-04T11:03:20","slug":"augsburgs-osterdult-startet-mit-112-haendlern","status":"publish","type":"post","link":"https:\/\/www.europesays.com\/de\/920526\/","title":{"rendered":"Augsburgs Osterdult startet mit 112 H\u00e4ndlern"},"content":{"rendered":"<p class=\"mb-6 text-xs md:text-m lg:text-l font-serif group-[.font-sans]:font-sans \">\n    Am Samstagvormittag haben dutzende Besucherinnen und Besucher dem m\u00e4\u00dfigen Wetter getrotzt und an der Er\u00f6ffnung der <a href=\"https:\/\/www.augsburger-allgemeine.de\/schlagworte\/aa-dult\" target=\"_self\" class=\"underline \" rel=\"nofollow noopener\">Osterdult<\/a> teilgenommen. Zu dem traditionellen Ereignis war in diesem Jahr neben den Augsburger Kommunalpolitikern um Noch-Oberb\u00fcrgermeisterin <a href=\"https:\/\/www.augsburger-allgemeine.de\/personen\/aa-eva-weber\" target=\"_self\" class=\"underline \" rel=\"nofollow noopener\">Eva Weber<\/a> (<a href=\"https:\/\/www.augsburger-allgemeine.de\/organisationen\/aa-csu\" target=\"_self\" class=\"underline \" rel=\"nofollow noopener\">CSU<\/a>) das Kolping Blasorchester aus G\u00f6ggingen eingeladen. Die ersten Dultg\u00e4ste schauten am Rand zu, einige folgten dem Orchester auf seiner Route zum Vogeltor. Das st\u00e4dtische Marktamt hat zur diesj\u00e4hrigen Osterdult 112 Markth\u00e4ndlerinnen und -h\u00e4ndler zugelassen. Einige nehmen bereits seit 30 Jahren oder noch l\u00e4nger an dem traditionellen Freiluftkaufhaus teil. Auch in diesem Jahr bieten die H\u00e4ndlerinnen und H\u00e4ndler ein breit gef\u00e4chertes Sortiment feil. Dieses reicht von Textilien, Korbwaren, Pfannen und T\u00f6pfen bis zu \u00e4therischen \u00d6len. St\u00e4rkung gibt es an mehreren Imbiss- und Getr\u00e4nkest\u00e4nden. (klijo)\n  <\/p>\n<ul data-module-id=\"DragDropModule\" class=\"flex flex-wrap justify-start group-[.no-bookmarks]:hidden\">\n<li class=\"mb-3 mr-3\">\n    Blasmusik<\/p>\n<p>      Icon Haken im Kreis gesetzt<\/p>\n<p>      Icon Plus im Kreis<\/p>\n<\/li>\n<li class=\"mb-3 mr-3\">\n    Augsburg<\/p>\n<p>      Icon Haken im Kreis gesetzt<\/p>\n<p>      Icon Plus im Kreis<\/p>\n<\/li>\n<li class=\"mb-3 mr-3\">\n    Eva Weber<\/p>\n<p>      Icon Haken im Kreis gesetzt<\/p>\n<p>      Icon Plus im Kreis<\/p>\n<\/li>\n<\/ul>\n","protected":false},"excerpt":{"rendered":"Am Samstagvormittag haben dutzende Besucherinnen und Besucher dem m\u00e4\u00dfigen Wetter getrotzt und an der Er\u00f6ffnung der Osterdult teilgenommen.&hellip;\n","protected":false},"author":2,"featured_media":920527,"comment_status":"","ping_status":"","sticky":false,"template":"","format":"standard","meta":{"footnotes":"","_share_on_mastodon":"0"},"categories":[1846],"tags":[680,772,68288,774,3364,29,548,663,3934,98650,30,146678,13,201396,14,15,201395,12,18605],"class_list":["post-920526","post","type-post","status-publish","format-standard","has-post-thumbnail","category-augsburg","tag-augsburg","tag-bayern","tag-blasmusik","tag-csu","tag-de","tag-deutschland","tag-eu","tag-europa","tag-europe","tag-eva-weber","tag-germany","tag-goeggingen","tag-headlines","tag-markttradition","tag-nachrichten","tag-news","tag-osterdult","tag-schlagzeilen","tag-sortiment"],"share_on_mastodon":{"url":"https:\/\/pubeurope.com\/@de\/116346107019658198","error":""},"_links":{"self":[{"href":"https:\/\/www.europesays.com\/de\/wp-json\/wp\/v2\/posts\/920526","targetHints":{"allow":["GET"]}}],"collection":[{"href":"https:\/\/www.europesays.com\/de\/wp-json\/wp\/v2\/posts"}],"about":[{"href":"https:\/\/www.europesays.com\/de\/wp-json\/wp\/v2\/types\/post"}],"author":[{"embeddable":true,"href":"https:\/\/www.europesays.com\/de\/wp-json\/wp\/v2\/users\/2"}],"replies":[{"embeddable":true,"href":"https:\/\/www.europesays.com\/de\/wp-json\/wp\/v2\/comments?post=920526"}],"version-history":[{"count":0,"href":"https:\/\/www.europesays.com\/de\/wp-json\/wp\/v2\/posts\/920526\/revisions"}],"wp:featuredmedia":[{"embeddable":true,"href":"https:\/\/www.europesays.com\/de\/wp-json\/wp\/v2\/media\/920527"}],"wp:attachment":[{"href":"https:\/\/www.europesays.com\/de\/wp-json\/wp\/v2\/media?parent=920526"}],"wp:term":[{"taxonomy":"category","embeddable":true,"href":"https:\/\/www.europesays.com\/de\/wp-json\/wp\/v2\/categories?post=920526"},{"taxonomy":"post_tag","embeddable":true,"href":"https:\/\/www.europesays.com\/de\/wp-json\/wp\/v2\/tags?post=920526"}],"curies":[{"name":"wp","href":"https:\/\/api.w.org\/{rel}","templated":true}]}}