{"id":92054,"date":"2025-05-07T16:43:22","date_gmt":"2025-05-07T16:43:22","guid":{"rendered":"https:\/\/www.europesays.com\/de\/92054\/"},"modified":"2025-05-07T16:43:22","modified_gmt":"2025-05-07T16:43:22","slug":"esc-abendakademie-zeigt-live-uebertragung-mannheim","status":"publish","type":"post","link":"https:\/\/www.europesays.com\/de\/92054\/","title":{"rendered":"ESC: Abendakademie zeigt Live-\u00dcbertragung &#8211; Mannheim"},"content":{"rendered":"<p><b>Gemeinsam mit dem Queeren Zentrum zeigt die Mannheimer Abendakademie am Samstag, 17. Mai,  die \u00dcbertragung des <a class=\"rtr-entity\" data-rtr-entity=\"Eurovision Song Contest\" data-rtr-id=\"f275350514a0b5374353e2c12f18f84786e1d3b7\" data-rtr-score=\"13.740129217516152\" data-rtr-etype=\"event\" data-rtr-index=\"0\" href=\"https:\/\/www.rheinpfalz.de\/themen\/eurovision-song-contest?utm_source=rheinpfalz.de&amp;utm_medium=tms&amp;utm_campaign=intext\" target=\"_blank\" rel=\"noopener\">Eurovision Song Contest<\/a> (ESC). <\/b><\/p>\n<p>Laut einer Mitteilung wird der Wettkampf auf  einer gro\u00dfen Leinwand und Bildschirmen im gro\u00dfen Saal der Abendakademie gezeigt, auch in Geb\u00e4rdensprache. Die Live-\u00dcbertragung aus <a class=\"rtr-entity\" data-rtr-entity=\"Basel\" data-rtr-id=\"9b65b647fc5758bb92f4aea1e0d58b653c229e42\" data-rtr-score=\"5.690954773869347\" data-rtr-etype=\"location\" data-rtr-index=\"10\" href=\"https:\/\/www.rheinpfalz.de\/themen\/basel?utm_source=rheinpfalz.de&amp;utm_medium=tms&amp;utm_campaign=intext\" target=\"_blank\" rel=\"noopener\">Basel<\/a> beginnt  um 21 Uhr, bereits  ab 20 Uhr ist der Saal in der Abendakademie ge\u00f6ffnet.  Der Eintritt ist frei.  \u201eEs ist uns ein Anliegen, den ESC mit allen Menschen zu feiern. Insbesondere vor allem auch mit denen, die aufgrund von Einschr\u00e4nkungen oder ihrer Individualit\u00e4t nicht immer mitten in der Gesellschaft stehen\u201c, wird Gerhard Steinbach, der als Programmbereichsleiter bei der Abendakademie auch f\u00fcr den Bereich Barrierefrei Lernen zust\u00e4ndig ist, in der Mitteilung zitiert. F\u00fcr  Deutschland geht das Geschwister-Duo Abor &amp; Tynna  mit dem Song \u201eBaller\u201c ins Finale. <\/p>\n<p>Der ESC-Abend f\u00e4llt auf den Internationalen Tag gegen Homo-, Bi-, Aspec-, Lesben-, Trans*-, Inter- und Queerfeindlichkeit (IDAHOBALT*IQ+). Seit 2005 wird am 17. Mai  weltweit auf die Diskriminierung queerer Menschen aufmerksam gemacht \u2013 in Erinnerung an die Streichung von Homosexualit\u00e4t aus dem Diagnoseschl\u00fcssel der WHO im Jahr 1990. \u201eDass wir den ESC am IDAHOBALT*IQ+ feiern, ist f\u00fcr uns ein starkes Zeichen\u201c, betont Susanne Hun, Vorsitz des Queeren Zentrums <a class=\"rtr-entity\" data-rtr-entity=\"Mannheim\" data-rtr-id=\"8e39f98d121d00ffdaf4f78a2ae2e7dea2653ba7\" data-rtr-score=\"28.923187365398423\" data-rtr-etype=\"location\" data-rtr-index=\"9\" href=\"https:\/\/www.rheinpfalz.de\/lokal\/mannheim.html?utm_source=rheinpfalz.de&amp;utm_medium=tms&amp;utm_campaign=intext\" target=\"_blank\" rel=\"noopener\">Mannheim<\/a>. <\/p>\n","protected":false},"excerpt":{"rendered":"Gemeinsam mit dem Queeren Zentrum zeigt die Mannheimer Abendakademie am Samstag, 17. Mai, die \u00dcbertragung des Eurovision Song&hellip;\n","protected":false},"author":2,"featured_media":92055,"comment_status":"","ping_status":"","sticky":false,"template":"","format":"standard","meta":{"footnotes":""},"categories":[1845],"tags":[1634,4633,3364,29,548,663,3934,4631,30,13,4060,2096,14,15,12],"class_list":{"0":"post-92054","1":"post","2":"type-post","3":"status-publish","4":"format-standard","5":"has-post-thumbnail","7":"category-mannheim","8":"tag-baden-wuerttemberg","9":"tag-basel","10":"tag-de","11":"tag-deutschland","12":"tag-eu","13":"tag-europa","14":"tag-europe","15":"tag-eurovision-song-contest","16":"tag-germany","17":"tag-headlines","18":"tag-lokal","19":"tag-mannheim","20":"tag-nachrichten","21":"tag-news","22":"tag-schlagzeilen"},"share_on_mastodon":{"url":"https:\/\/pubeurope.com\/@de\/114467556804646017","error":""},"_links":{"self":[{"href":"https:\/\/www.europesays.com\/de\/wp-json\/wp\/v2\/posts\/92054","targetHints":{"allow":["GET"]}}],"collection":[{"href":"https:\/\/www.europesays.com\/de\/wp-json\/wp\/v2\/posts"}],"about":[{"href":"https:\/\/www.europesays.com\/de\/wp-json\/wp\/v2\/types\/post"}],"author":[{"embeddable":true,"href":"https:\/\/www.europesays.com\/de\/wp-json\/wp\/v2\/users\/2"}],"replies":[{"embeddable":true,"href":"https:\/\/www.europesays.com\/de\/wp-json\/wp\/v2\/comments?post=92054"}],"version-history":[{"count":0,"href":"https:\/\/www.europesays.com\/de\/wp-json\/wp\/v2\/posts\/92054\/revisions"}],"wp:featuredmedia":[{"embeddable":true,"href":"https:\/\/www.europesays.com\/de\/wp-json\/wp\/v2\/media\/92055"}],"wp:attachment":[{"href":"https:\/\/www.europesays.com\/de\/wp-json\/wp\/v2\/media?parent=92054"}],"wp:term":[{"taxonomy":"category","embeddable":true,"href":"https:\/\/www.europesays.com\/de\/wp-json\/wp\/v2\/categories?post=92054"},{"taxonomy":"post_tag","embeddable":true,"href":"https:\/\/www.europesays.com\/de\/wp-json\/wp\/v2\/tags?post=92054"}],"curies":[{"name":"wp","href":"https:\/\/api.w.org\/{rel}","templated":true}]}}