{"id":920577,"date":"2026-04-04T11:35:20","date_gmt":"2026-04-04T11:35:20","guid":{"rendered":"https:\/\/www.europesays.com\/de\/920577\/"},"modified":"2026-04-04T11:35:20","modified_gmt":"2026-04-04T11:35:20","slug":"tradition-zu-ostern-wann-in-niedersachsen-die-osterfeuer-brennen","status":"publish","type":"post","link":"https:\/\/www.europesays.com\/de\/920577\/","title":{"rendered":"Tradition zu Ostern: Wann in Niedersachsen die Osterfeuer brennen"},"content":{"rendered":"<p>\n                Stand: 04.04.2026 08:33 Uhr<\/p>\n<p class=\"preface\">Auch 2026 werden in Niedersachsen wieder traditionell die Osterfeuer entz\u00fcndet. Viele sind f\u00fcr den heutigen Karsamstag sowie den Ostersonntag geplant.<\/p>\n<p class=\"\">Die Freiwilligen Feuerwehren Gro\u00df- und Nordgoltern haben das Osterfeuer bei Barsinghausen (Region Hannover) bereits am Gr\u00fcndonnerstag entz\u00fcndet. Das nach Angaben der Veranstalter erste Osterfeuer in der Region lockte erneut zahlreiche Besucherinnen und Besucher an, auch der Freizeitverein Dittmern in Soltau plante sein Osterfeuer f\u00fcr den Donnerstag.<\/p>\n<p>    Hier finden Osterfeuer in Niedersachsen statt (Auswahl)<\/p>\n<p class=\"\"><strong>Region Hannover und Weser-Leinegebiet<\/strong><\/p>\n<ul>\n<li><strong>Hannover-S\u00fcdstadt:<\/strong> Samstag, 4. April, Alte Bult, ab 17 Uhr<\/li>\n<li><strong>Hannover-Anderten<\/strong>: Samstag, 4. April, Am Sch\u00fctzenplatz 1, ab 18 Uhr,<\/li>\n<li><strong>Hannover-Badenstedt:<\/strong> Samstag, 4. April, Vereinsgel\u00e4nde Carl-Buderus-Str. 60, ab 18 Uhr<\/li>\n<li><strong>Hannover-Bemerode<\/strong>: Samstag, 4. April, Am Sandberge 18, ab 17 Uhr<\/li>\n<li><strong>Hannover-Bothfeld<\/strong>: Samstag, 4. April, An den Deichwiesen 22, ab 18 Uhr<\/li>\n<li><strong>Hannover-Davenstedt:<\/strong> Samstag, 4. April, Carlo-Schmid-Allee, ab 18 Uhr und Richard-Partzsch-Weg 55, ab 19 Uhr<\/li>\n<li><strong>Hannover Gro\u00df Buchholz<\/strong>: Samstag, 4. April, Pinkenburger Str. 8, ab 17 Uhr und Schweriner Str., ab 19 Uhr<\/li>\n<li><strong>Hannover-Hainholz<\/strong>: Samstag, 4. April, Parkplatz des KGV, ab 18 Uhr und Voltmerstr. 56 A, ab 19 Uhr<\/li>\n<li><strong>Hannover Heideviertel<\/strong>: Samstag, 4. April, An der breiten Wiese 71, ab 18 Uhr<\/li>\n<li><strong>Hannover Isernhagen-S\u00fcd<\/strong>: Samstag, 4. April, Vereinsgrundst\u00fcck Gro\u00dfe Heide 35, ab 18 Uhr<\/li>\n<li><strong>Hannover-Kirchrode<\/strong>: Samstag, 4. April, Mardalstr. 56, 18-22 Uhr und Vereinsparkplatz Am Hauptweg, ab 18 Uhr<\/li>\n<li><strong>Hannover-Kleefeld<\/strong>: Samstag, 4. April, Vereinsfestplatz Am Annateich 20, ab 19 Uhr<\/li>\n<li><strong>Hannover-Ledeburg<\/strong>: Samstag, 4. April, Vereinsgel\u00e4nde Sch\u00f6nbergstr. 29, ab 18 Uhr<\/li>\n<li><strong>Hannover Limmer<\/strong>: Samstag, 4. April, Festplatz Ratswiese Limmer an der Wunstorfer Str., ab 18 Uhr<\/li>\n<li><strong>Hannover Linden-Nord<\/strong>: Sonntag, 5. April, Zur Bettfedernfabrik 3, ab 17 Uhr<\/li>\n<li><strong>Hannover Linden S\u00fcd<\/strong>: Samstag, 4. April, Auf dem Festplatz Am Ihlpohl 11, ab 18.30 Uhr und Kolonieparkplatz West, Am Ihlpohl 2, ab 18 Uhr und Stadionbr\u00fccke 5, ab 19 Uhr<\/li>\n<li><strong>Hannover Misburg-Nord<\/strong>: Samstag, 4. April, Am Fahrhorstfelde 50, ab 18 Uhr und Waldstr. 99, ab 17 Uhr<\/li>\n<li><strong>Hannover-Mittelfeld<\/strong>: Samstag, 4. April, Dreieckswiese W\u00fclferoder Weg\/Grabenweg, ab 18 Uhr<\/li>\n<li><strong>Hannover-M\u00fchlenberg<\/strong>: Samstag, 4. April, Regenr\u00fcckhaltebecken am Ossietzkyring, ab 18 Uhr<\/li>\n<li><strong>Hannover-Ricklingen<\/strong>, Samstag, 4. April, Am Papehof, ab 19 Uhr und Parkplatz Leineaue-Ricklingen, ab 16 Uhr und Auf der Weide \u00f6stlich der Edelhofkapelle, ab 19 Uhr und Sportplatz Meisenwinkel 9, ab 19 Uhr<\/li>\n<li><strong>Hannover-Sahlkamp: <\/strong>Samstag, 4. April, hinter dem Vereinshaus Hoppelweg 1, ab 18 Uhr<\/li>\n<li><strong>Hannover Vahrenheide:<\/strong> Samstag, 4. April, Vereinsgel\u00e4nde M\u00e4rkischer Weg 37, Vereinsfestplatz List e.V (Lister Bad 15) und Vereinsgel\u00e4nde, Am Lister Bad 1 A, ab 17 Uhr<\/li>\n<li><strong>Hannover-Vinnhorst<\/strong>:<strong> <\/strong>Samstag, 4. April, zwischen Grash\u00f6fe und Godshorner Damm, ab 17 Uhr und Sp\u00f6rckenstr. 20, ab 18 Uhr<\/li>\n<li><strong>Hannover-W\u00fclfel<\/strong>:<strong> <\/strong>Samstag, 4. April, Ortsausfahrt Richtung B 443 M\u00fcllingen\/Feldwegkreuzung, ab 19 Uhr<\/li>\n<li><strong>Hee\u00dfel: <\/strong>Samstag, 4. April, Parkplatz Hee\u00dfeler Sportverein, ab 18 Uhr<\/li>\n<li><strong>Hehlentor: <\/strong>Samstag, 4. April, Celler Tennisvereinigung von 1911 Blau Wei\u00df, ab 18 Uhr<\/li>\n<li><strong>Hildesheim:<\/strong> Sonntag, 5. April, JoBeach, ab 17 Uhr<\/li>\n<li><strong>Steinhude: <\/strong>Samstag, 4. April, Wiese am Minigolfplatz, ab 18 Uhr<\/li>\n<\/ul>\n<p class=\"\"><strong>Region Oldenburg und Ostfriesland<\/strong><\/p>\n<ul>\n<li><strong>Baltrum<\/strong>:<strong> <\/strong>Samstag, 4. April, Hellerwiese vor dem Hotel D\u00fcnenschl\u00f6sschen, ab 19 Uhr<\/li>\n<li><strong>Bensersiel: <\/strong>Samstag, 4. April, im Sportthemenpark, mit Einbruch der Dunkelheit<\/li>\n<li><strong>Borkum:<\/strong> Samstag, 4. April, Reedestra\u00dfe\/Haltestelle Jakob-van-Dyken-Weg, Kaap\/Knappschaft, Julianenstra\u00dfe, alle ab 19.30 Uhr<\/li>\n<li><strong>B\u00f6sel-Nord<\/strong>: Sonntag, 5. April, Spielplatz Eichenweg, ab 19 Uhr<\/li>\n<li><strong>B\u00f6sel-Overlahe<\/strong>: Sonntag, 5. April, Overlaher Stra\u00dfe 76-78, ab 19.30 Uhr<\/li>\n<li><strong>B\u00f6sel-Westerloh<\/strong>: Sonntag, 5. April, Ginsterstra\u00dfe 42, ab 19 Uhr<\/li>\n<li><strong>B\u00f6sel-Gla\u00dfdorf<\/strong>: Sonntag, 5. April, Robert-Gla\u00df-Stra\u00dfe 5, ab 19 Uhr<\/li>\n<li><strong>B\u00f6sel-H\u00fclsberg\/Ostland<\/strong>: Sonntag, 5. April, Prinzendamm 2, ab 20 Uhr<\/li>\n<li><strong>B\u00f6sel-Petersdorf<\/strong>: Sonntag, 5. April, Peterstra\u00dfe, ab 19 Uhr<\/li>\n<li><strong>Bunde<\/strong>: Samstag, 4. April, mit Fackel-Umzug, Beim Kl\u00e4rwerk, ab 18 Uhr<\/li>\n<li><strong>Bunde-Ditzumerverlaat<\/strong>: Sportplatz, ab 18 Uhr<\/li>\n<li><strong>Cuxhaven: <\/strong>Samstag, 4. April, Konzertb\u00fchne am Strandhaus D\u00f6se, ab 20 Uhr<\/li>\n<li><strong>Delmenhorst: <\/strong>Sonntag, 5. April, Heidkrug auf dem Acker an der Bremer Stra\u00dfe 327, ab 19 Uhr<\/li>\n<li><strong>Golzwarden:<\/strong> Sonntag, 5. April, Grundschule Golzwarden, ab 19 Uhr<\/li>\n<li>Firrel<strong>: <\/strong>Wiese der Baptistengemeinde, ab 19 Uhr<\/li>\n<li><strong>Langeoog<\/strong>: Samstag, 4. April, Osterfeuerplatz, ab 19 Uhr<\/li>\n<li><strong>Leer-Bingum: <\/strong>Samstag, 4. April, Am Sportplatz, ab 18 Uhr<\/li>\n<li><strong>Leer-Loga:<\/strong> Samstag, 4. April, Fackelumzug ab 18.30 Uhr, Osterfeuer neben dem Feuerwehrhaus, ab 19 Uhr<\/li>\n<li><strong>Ihlow-hlowerfehn<\/strong>: Samstag, 4. April, am Ihler Meer, ab 17 Uhr<\/li>\n<li><strong>Jemgum<\/strong>: Samstag, 4. April, Amelborster Weg, ab 18.30 Uhr<\/li>\n<li><strong>Jemgum-Ditzum: <\/strong>Samstag, 4. April, Feuerwehrhaus, ab 19 Uhr<\/li>\n<li><strong>Juist<\/strong>: Samstag, 4. April, Am Hafen, ab 19.30 Uhr<\/li>\n<li><strong>Krummh\u00f6rn<\/strong>, Samstag, 4. April, in allen 19 D\u00f6rfern, ab 17 Uhr<\/li>\n<li><strong>Norden-Norddeich:<\/strong> Samstag, 4. April, Sandstrand Norddeich, ab 15 Uhr<\/li>\n<li><strong>Norderney<\/strong>: Samstag, 4. April, Westbadestrand, ab 16 Uhr<\/li>\n<li><strong>Oldenburg:<\/strong> Samstag, 4. April, Festwiese des Vereinsheims des Kleing\u00e4rtnervereins Stadtfeld e. V., ab 17.30 Uhr und Bittersweg, ab 19 Uhr und Wolfsbr\u00fccker Weg, ab 19.30 Uhr<\/li>\n<li><strong>Oldenburg<\/strong>, Sonntag, 5. April, Arnsteder Weg 172, ab 19 Uhr<\/li>\n<li><strong>Rhauderfehn-Backemoor<\/strong>: Samstag, 4. April, Fackellauf-Treffen Beim B\u00fcrgerhaus um 18.30 Uhr, Osterfeuer Bietzestra\u00dfe, ab 19 Uhr<\/li>\n<li><strong>Spiekeroog<\/strong>: Samstag, 4. April, Hellerpad, ab 18 Uhr<\/li>\n<li><strong>Stuhr<\/strong>&#8211;<strong>Brinkum: <\/strong>Sonntag, 5. April, Festplatz Brunnenweg, 18 Uhr<\/li>\n<li><strong>Wangerooge:<\/strong> Samstag, 4. April, Feuerwehrstation, ab 19 Uhr<\/li>\n<li><strong>Weener-Diele<\/strong>: Samstag, 4. April, Am Sch\u00fctzenhaus, ab 18 Uhr<\/li>\n<\/ul>\n<p class=\"\"><strong>Region Braunschweig, G\u00f6ttingen und Harz<\/strong><\/p>\n<ul>\n<li><strong>Bad Harzburg:<\/strong> Sonntag 5. April, Rennbahn am Wei\u00dfen Stein, ab 18 Uhr<\/li>\n<li><strong>Braunschweig-Gliesmarode: <\/strong>4. April, KGV Soolanger e.V., ab 18 Uhr<\/li>\n<li><strong>Broitzem<\/strong>: Samstag, 4. April, Festplatz, ab 17 Uhr<\/li>\n<li><strong>Goslar:<\/strong> Sonntag, 5. April, Am Bollrich, ab 18 Uhr<\/li>\n<li><strong>Hardegsen:<\/strong> Samstag, 4. April, An den Teichwiesen \/ Ecke Wildpark, ab 17.30 Uhr<\/li>\n<li><strong>Herbershausen: <\/strong>Sonntag, 5. April, Bereich Landwacht\/Reesenanger, ab 17 Uhr<\/li>\n<li><strong>Lamme<\/strong>: Samstag, 4. April, Verl\u00e4ngerung H\u00fcttenweg, ab 18 Uhr<\/li>\n<li><strong>Lautenthal:<\/strong> Samstag, 4. April, Kranichsberg, ab 19 Uhr<\/li>\n<li><strong>Leiferde<\/strong>: Samstag, 4. April, Deiweg Thiederlindenberg, ab 18 Uhr<\/li>\n<li><strong>Peine:<\/strong> Sonntag, 5. April, H\u00e4rkehof, ab 19 Uhr<\/li>\n<li><strong>Riddagshausen<\/strong>: Samstag, 4. April, Sportbahn Ebertallee, ab 19 Uhr<\/li>\n<li><strong>Scharzfeld: <\/strong>Sonntag, 5. April, auf dem Steinberg und auf dem Schulberg, ab 18.30 Uhr<\/li>\n<li><strong>Schulenberg: <\/strong>Samstag, 4. April, An der Klimastation, ab 19 Uhr<\/li>\n<li><strong>St\u00f6ckheim<\/strong>: Samstag, 4. April, Festwiese Leiferderstra\u00dfe, ab 15 Uhr<\/li>\n<li><strong>S\u00fcdsee<\/strong>: Samstag, 4. April, Schrotweg 112, ab 18 Uhr<\/li>\n<li><strong>Wolfsburg: <\/strong>Samstag, 4. April, Kleing\u00e4rtnerverein Am Kraunsbusch, ab 16 Uhr<\/li>\n<li><strong>Wolfsburg: <\/strong>Samstag, 4. April, Kleing\u00e4rtnerverein Schillerteich, ab 18 Uhr<\/li>\n<li><strong>Wolfsburg:<\/strong> Samstag, 4. April, Kleing\u00e4rtnerverein Erntegl\u00fcck, ab 18 Uhr<\/li>\n<li><strong>Wolfsburg: <\/strong>Samstag, 4. April, Kleing\u00e4rtnerverein Neuland, ab 18 Uhr<\/li>\n<li><strong>Wolfshagen: <\/strong>Sonntag, 5. April, Langelsheim OT, ab 17 Uhr<\/li>\n<\/ul>\n<p class=\"\"><strong>Region L\u00fcneburger Heide und Unterelbe-Region<\/strong><\/p>\n<ul>\n<li><strong>Amelinghausen:<\/strong> Samstag, 4. April, Osterfeuerplatz, ab 18 Uhr<\/li>\n<li><strong>Asendorf: <\/strong>Sonntag, 5. April, Rahberg zwischen Asendorf und Jesteburg in einer alten Kieskuhle, ab 19 Uhr<\/li>\n<li><strong>Borstel: <\/strong>Samstag, 4. April am Neulandsweg, 19 Uhr<\/li>\n<li><strong>Egestorf: <\/strong>Samstag, 4. April, in der Soderstorfer-Stra\u00dfe, ab 19 Uhr<\/li>\n<li><strong>Heiligenthal:<\/strong> Samstag, 4. April, ehemaliger Sportplatz, ab 18 Uhr<\/li>\n<li><strong>Helmstorf: <\/strong>Samstag, 4. April, In den L\u00fchnen (An der K\u00f6hlerh\u00fctte), ab 18.30 Uhr<\/li>\n<li><strong>Himmelpforten: <\/strong>Samstag, 4. April, Wiese hinter dem Sportplatz, ab 18.30 Uhr<\/li>\n<li><strong>L\u00fcneburg:<\/strong> Samstag, 4. April, Schr\u00f6ders Garten, ab 15 Uhr<\/li>\n<li><strong>Munster: <\/strong>Samstag, 4. April, Sch\u00fctzenplatz, ab 18 Uhr<\/li>\n<li><strong>Stade: <\/strong>Samstag, 4. April, Helmster Weg &#8211; Riensf\u00f6rde, ab 19 Uhr<\/li>\n<li><strong>Soltau-Dittmern-Deimern:<\/strong> 4. April, Harmelinger Horstweg, ab 19 Uhr<\/li>\n<li><strong>Soltau-Harber<\/strong>: 4. April, Am Bienenzaun, ab 18 Uhr<\/li>\n<li><strong>Uelzen:<\/strong> Samstag, 4. April, Albrecht-Thaer-Gel\u00e4nde, ab 19 Uhr<\/li>\n<li><strong>Westerweyhe: <\/strong>Samstag, 4. April, Festplatz am Campingplatz, ab 19 Uhr<\/li>\n<li><strong>Wietzendorf:<\/strong> Samstag, 4. April, Stra\u00dfe Richtung Klein Amerika, ab 18.30 Uhr<\/li>\n<li><strong>Winsen: <\/strong>Samstag, 4. April, am Feuerwehrhaus, ab 17 Uhr<\/li>\n<\/ul>\n<p class=\"\"><strong>Region Osnabr\u00fcck und Emsland<\/strong><\/p>\n<ul>\n<li><strong>Bissendorf: <\/strong>Sonntag, 5. April, am Sonnensee, ab 18 Uhr<\/li>\n<li><strong>Eversburg:<\/strong> Sonntag, 5. April, Sportanlage am B\u00e4renteich, ab 17 Uhr<\/li>\n<li><strong>Osnabr\u00fcck:<\/strong> Sonntag, 5. April, Hof Hausw\u00f6rmann, ab 18 Uhr<\/li>\n<li><strong>Osnabr\u00fcck<\/strong>: Sonntag, 5. April, Reinhold-Tiling-weg 60, ab 17 Uhr<\/li>\n<li><strong>Osnabr\u00fcck<\/strong>: Sonntag, 5. April, Parkplatz Christus-K\u00f6nig-Kirche, 19 Uhr<\/li>\n<li><strong>Osnabr\u00fcck<\/strong>: Sonntag, 5. April, Kiebitzweg, ab 17 Uhr<\/li>\n<li><strong>Osnabr\u00fcck<\/strong>: Sonntag, 5. April, St.-Florian-Stra\u00dfe, ab 17 Uhr<\/li>\n<li><strong>Osnabr\u00fcck:<\/strong> Sonntag, 5. April, Ackerland N\u00e4he Am Hang 18, ab 18 Uhr<\/li>\n<li><strong>Osnabr\u00fcck:<\/strong> Sonntag, 5. April, Gretescher Weg 75, ab 17 Uhr<\/li>\n<li><strong>Osnabr\u00fcck:<\/strong> Sonntag, 5. April, Ackerland \u00f6stlich D\u00fcstruper Str. 127, ab 18 Uhr<\/li>\n<li><strong>Osnabr\u00fcck:<\/strong> Sonntag, 5. April, Schierbaumsfeld, ab 18 Uhr<\/li>\n<\/ul>\n<p class=\"\">Diese Liste ist nur ein kleiner Auszug der vielen Osterfeuer in ganz Niedersachsen.<\/p>\n<p>    NABU warnt vor Gefahren f\u00fcr Wildtiere<\/p>\n<p class=\"\">Die allj\u00e4hrlichen Osterfeuer k\u00f6nnen f\u00fcr Igel, V\u00f6gel und andere Tiere zur Todesfalle werden. Der NABU Niedersachsen empfiehlt daher, Holz- und Reisighaufen entweder sehr sp\u00e4t anzulegen oder anders daf\u00fcr zu sorgen, dass sich Tiere nicht vor dem Abbrennen darin niederlassen k\u00f6nnen. Auch f\u00fcr den Brandschutz ist einiges zu beachten: Private Osterfeuer sind in Niedersachsen ohne vorherige Anmeldung verboten. Viele Landkreise und Gemeinden geben au\u00dferdem Tipps zum Umgang mit Osterfeuern. Der Landkreis L\u00fcchow-Dannenberg r\u00e4t auf <a href=\"https:\/\/www.ndr.de\/nachrichten\/niedersachsen\/textlink-313630~splash.html\" title=\"Osterfeuer - besser auf Nummer sicher gehen \" data-url=\"https:\/\/www.luechow-dannenberg.de\/portal\/meldungen\/osterfeuer-besser-auf-nummer-sicher-gehen-900000704-38100.html\" class=\"extlink-preface\" data-type=\"external\" rel=\"nofollow noopener\" target=\"_blank\">seiner Webseite<\/a> etwa, Osterfeuer immer mit reichlich Abstand zu W\u00e4ldern, Buschwerk und Strohdachh\u00e4usern aufzuschichten. Veranstalter m\u00fcssten f\u00fcr die Sicherheit beim Abbrennen sorgen &#8211; etwa mit ausreichend L\u00f6schger\u00e4ten und einer Brandwache.<\/p>\n<p>        <img decoding=\"async\" src=\"https:\/\/www.europesays.com\/de\/wp-content\/uploads\/2026\/04\/osterfeuer536.webp.webp\" alt=\"Osterfeuer 2025 am Hamburger Elbstrand H\u00f6he Blankenese\" title=\"Osterfeuer 2025 am Hamburger Elbstrand H\u00f6he Blankenese | Chris Emil Janssen, Chris Emil Janssen\" class=\"responsive\" loading=\"lazy\"\/><\/p>\n<p>In diesem Jahr brennen wieder viele Osterfeuer in Hamburg &#8211; unter anderem in Blankenese, Kirchwerder und Langenhorn. Ein \u00dcberblick.<\/p>\n<p>        <img decoding=\"async\" src=\"https:\/\/www.europesays.com\/de\/wp-content\/uploads\/2026\/04\/kiekeberg240.webp.webp\" alt=\"Ein kleines M\u00e4dchen h\u00e4ngt Ostereier an einen Strauch im Freien.\" title=\"Ein kleines M\u00e4dchen h\u00e4ngt Ostereier an einen Strauch im Freien. | Freilichtmuseum am Kiekeberg\" class=\"responsive\" loading=\"lazy\"\/><\/p>\n<p>Die Feiertage sind ideal f\u00fcr einen Ostermarkt-Bummel, Besuche im Tierpark oder Fahrten mit der Museumsbahn. Tipps f\u00fcr Ausfl\u00fcge.<\/p>\n<p>        <img decoding=\"async\" src=\"https:\/\/www.europesays.com\/de\/wp-content\/uploads\/2026\/04\/osterraederlauf-100.webp.webp\" alt=\"Oster-Tradition: Ein brennendes fast 280 Kilogramm schweres Eichenrad rollt am 12.04.2009 in L\u00fcgde (Kreis Lippe) nahe der nieders\u00e4chsischen Landesgrenze bergab vorbei an Zuschauern in das Emmertal. \" title=\"Oster-Tradition: Ein brennendes fast 280 Kilogramm schweres Eichenrad rollt am 12.04.2009 in L\u00fcgde (Kreis Lippe) nahe der nieders\u00e4chsischen Landesgrenze bergab vorbei an Zuschauern in das Emmertal.  | picture alliance \/ dpa | Peter Steffen\" class=\"responsive\" loading=\"lazy\"\/><\/p>\n<p>Viele alte Osterbr\u00e4uche gibt es noch heute. Die Ostfriesen lieben das Eiertrullern und brennende R\u00e4der sind sogar Kulturerbe.<\/p>\n","protected":false},"excerpt":{"rendered":"Stand: 04.04.2026 08:33 Uhr Auch 2026 werden in Niedersachsen wieder traditionell die Osterfeuer entz\u00fcndet. Viele sind f\u00fcr den&hellip;\n","protected":false},"author":2,"featured_media":920578,"comment_status":"","ping_status":"","sticky":false,"template":"","format":"standard","meta":{"footnotes":"","_share_on_mastodon":"0"},"categories":[1836],"tags":[17274,3364,29,987,30,46,15031,17695,1411,8982,2454,10685,1467,17284,3699],"class_list":["post-920577","post","type-post","status-publish","format-standard","has-post-thumbnail","category-hannover","tag-brauchtum","tag-de","tag-deutschland","tag-feuer","tag-germany","tag-hannover","tag-karsamstag","tag-nabu","tag-niedersachsen","tag-osterfeuer","tag-ostern","tag-ostersonntag","tag-tipps","tag-tradition","tag-veranstaltung"],"share_on_mastodon":{"url":"https:\/\/pubeurope.com\/@de\/116346233126427333","error":""},"_links":{"self":[{"href":"https:\/\/www.europesays.com\/de\/wp-json\/wp\/v2\/posts\/920577","targetHints":{"allow":["GET"]}}],"collection":[{"href":"https:\/\/www.europesays.com\/de\/wp-json\/wp\/v2\/posts"}],"about":[{"href":"https:\/\/www.europesays.com\/de\/wp-json\/wp\/v2\/types\/post"}],"author":[{"embeddable":true,"href":"https:\/\/www.europesays.com\/de\/wp-json\/wp\/v2\/users\/2"}],"replies":[{"embeddable":true,"href":"https:\/\/www.europesays.com\/de\/wp-json\/wp\/v2\/comments?post=920577"}],"version-history":[{"count":0,"href":"https:\/\/www.europesays.com\/de\/wp-json\/wp\/v2\/posts\/920577\/revisions"}],"wp:featuredmedia":[{"embeddable":true,"href":"https:\/\/www.europesays.com\/de\/wp-json\/wp\/v2\/media\/920578"}],"wp:attachment":[{"href":"https:\/\/www.europesays.com\/de\/wp-json\/wp\/v2\/media?parent=920577"}],"wp:term":[{"taxonomy":"category","embeddable":true,"href":"https:\/\/www.europesays.com\/de\/wp-json\/wp\/v2\/categories?post=920577"},{"taxonomy":"post_tag","embeddable":true,"href":"https:\/\/www.europesays.com\/de\/wp-json\/wp\/v2\/tags?post=920577"}],"curies":[{"name":"wp","href":"https:\/\/api.w.org\/{rel}","templated":true}]}}