{"id":920628,"date":"2026-04-04T12:04:21","date_gmt":"2026-04-04T12:04:21","guid":{"rendered":"https:\/\/www.europesays.com\/de\/920628\/"},"modified":"2026-04-04T12:04:21","modified_gmt":"2026-04-04T12:04:21","slug":"pierre-m-krause-ueber-krebserkrankung-ich-habe-freunde-verloren-unterhaltung","status":"publish","type":"post","link":"https:\/\/www.europesays.com\/de\/920628\/","title":{"rendered":"Pierre M. Krause \u00fcber Krebserkrankung: \u201eIch habe Freunde verloren\u201c | Unterhaltung"},"content":{"rendered":"<p><a class=\"skip-content skip-content--link\" href=\"#in-content-skip-link-target-v-0-0\">TTS-Player \u00fcberspringen\u21b5<\/a><a id=\"in-content-skip-link-target-v-0-0\" class=\"skip-content--target-link-hidden skip-content skip-content--target-link\" href=\"#in-content-skip-link-target-v-0-0\">Artikel weiterlesen<\/a><\/p>\n<p>Bad Honnef (NRW) \u2013 <b>Ein Jahr lang war Pierre M. Krause weg vom Bildschirm. Der beliebte Moderator zog sich aus der \u00d6ffentlichkeit zur\u00fcck. Im Oktober 2025 meldete sich Krause in seinem SWR-Format \u201eKurzstrecke\u201c zur\u00fcck, machte eine Krebserkrankung \u00f6ffentlich: \u201eIch hatte R\u00fcckenschmerzen. Es stellte sich heraus, das war ein b\u00f6sartiger Tumor. Der musste entfernt werden, sonst w\u00e4re ich daran gestorben irgendwann.\u201c Lange schwieg er \u00fcber das Erlebte.<\/b><\/p>\n<p><a href=\"https:\/\/www.youtube.com\/watch?v=RTcXPby-8YA\" target=\"_blank\" rel=\"nofollow noopener\" class=\"text-link--external text-link\">In der neuen Folge seines Formats \u201eKurzstrecke\u201c<\/a> hat Krause Podcaster Tommi Schmitt (37, \u201eGemischtes Hack\u201c, \u201eCopa TS\u201c) zu Gast. Gemeinsam reisen sie durch Schmitts Heimatstadt Detmold. Dann kommen die beiden auf <a href=\"https:\/\/www.bild.de\/unterhaltung\/tv-fernsehformate\/pierre-m-krause-tv-moderator-kehrt-nach-tumorerkankung-zurueck-69046a04b9e7d6b545d0fde3\" class=\"text-link\" rel=\"nofollow noopener\" target=\"_blank\">Krauses schwere Krankheit<\/a> zu sprechen. Dabei wird der Moderator sehr privat \u2013\u00a0er selbst nennt es \u201edas Privateste, was ich je erz\u00e4hlt habe\u201c.<\/p>\n<p><img decoding=\"async\" width=\"992\" height=\"558\" alt=\"Pierre M. Krause und Tommi Schmitt (37) kennen sich aus der Fernsehbranche. Schmitt erfuhr damals vom Gesundheitszustand des Moderators \u00fcber Kontakte und wusste zun\u00e4chst nicht, wie er mit der Nachricht umgehen soll\" src=\"https:\/\/www.europesays.com\/de\/wp-content\/uploads\/2026\/04\/d463da94e2fd64a24d4e19079af1cae1,bc83976e.jpeg\"   class=\"landscape\" loading=\"lazy\"\/><\/p>\n<p class=\"fig__caption__text\">In dem Format begleitet Pierre M. Krause einen Tag lang Promis \u2013 dieses Mal Tommi Schmitt (37). Die beiden kennen sich aus der Fernsehbranche<\/p>\n<p>Foto: Der Pierre M. Krause Kanal\/YouTube<\/p>\n<p>Krause: \u201eIch habe Freunde verloren\u201c<\/p>\n<p><a href=\"https:\/\/www.bild.de\/unterhaltung\/tv-fernsehformate\/pierre-m-krause-ueberraschungsauftritt-im-tatort-nach-krebs-pause-6922d45f56329274c6474eb6\" class=\"text-link\" rel=\"nofollow noopener\" target=\"_blank\">Pierre M. Krause<\/a> erz\u00e4hlt, was ihn neben der Erkrankung besonders hart getroffen hat: Menschen, die er zu seinen engsten Vertrauten gez\u00e4hlt hatte, meldeten sich pl\u00f6tzlich nicht mehr. \u201eIch habe Freunde verloren, weil da pl\u00f6tzlich totale Funkstille war.\u201c B\u00f6se sei er deswegen nicht, aber entt\u00e4uscht.<\/p>\n<p>Mehr zum Thema<\/p>\n<p><a href=\"https:\/\/www.bild.de\/unterhaltung\/leute\/leute\/tommi-schmitt-halb-nackt-auf-instagram-hosenbund-kurz-vor-fsk18-84628838.bild.html\" class=\"text-link\" rel=\"nofollow noopener\" target=\"_blank\">Tommi Schmitt<\/a> spricht in der Sendung auch die Unsicherheit an, die wohl viele im Umgang mit schwer kranken Menschen empfinden. Aus Angst, etwas Falsches zu sagen, ziehen sich manche zur\u00fcck oder melden sich gar nicht erst. Krauses Appell: \u201eMeldet euch. Das muss keine Frage sein und man muss sich auch nicht zur\u00fcckmelden. Es geht darum: Ich denke an dich, wenn es dir gerade sehr schlecht geht.\u201c<\/p>\n<p> An dieser Stelle findest du Inhalte aus YouTube <\/p>\n<p> Um mit Inhalten aus YouTube und anderen sozialen Netzwerken zu interagieren oder diese darzustellen, brauchen wir deine Zustimmung. <\/p>\n<p> soziale Netzwerke aktivieren  Um eingebettete Inhalte anzuzeigen, ist Ihre jederzeit widerrufliche Einwilligung (\u00fcber den Schalter oder \u00fcber &#8220; <a class=\"embed-placeholder__text-link\" href=\"#\" rel=\"noopener noreferrer\" title=\"Tracking widerrufen\"> Widerruf Tracking und Cookies<\/a> &#8220; am Seitenende) zur Verarbeitung personenbezogener Daten n\u00f6tig.  Dabei k\u00f6nnen Daten in Drittl\u00e4nder wie die USA \u00fcbermittelt werden (Art. 49 Abs. 1 lit. a DSGVO). Mit dem Aktivieren des Inhalts stimmen Sie zu. Weitere Infos finden Sie <a class=\"embed-placeholder__text-link\" href=\"#\" rel=\"noopener noreferrer\" title=\"Zu den Privatsph\u00e4re Einstellungen\"> hier<\/a>. Krause \u00fcber die Krankenhaus-Zeit: \u201eDas war die H\u00f6lle\u201c<\/p>\n<p>Pierre M. Krause erz\u00e4hlt weiter, dass er ein halbes Jahr im Krankenhaus verbrachte. \u201eDas war die H\u00f6lle\u201c, sagt er r\u00fcckblickend. Was er bis heute nicht will, ist, auf seine Krankheit reduziert werden. Schon im Oktober machte er klar: \u201eDann wirst du immer der <a href=\"https:\/\/www.bild.de\/themen\/specials\/krebs\/gesundheit-news-fotos-videos-17039560.bild.html\" class=\"text-link\" rel=\"nofollow noopener\" target=\"_blank\">Tumor\u00fcberlebende<\/a> sein und das will ich nicht.\u201c Gerade deshalb spricht er nur selten \u00fcber diese Monate.<\/p>\n<p>Seit Oktober 2025 l\u00e4uft die siebte Staffel von \u201eKurzstrecke mit Pierre M. Krause\u201c in der <a href=\"https:\/\/www.ardmediathek.de\/video\/kurzstrecke-mit-pierre-m-krause\/folge-12-tommi-schmitt-weiss-was-muetter-wollen-s07-e12\/swr\/Y3JpZDovL3N3ci5kZS9hZXgvbzIzMTE3MjM\" target=\"_blank\" rel=\"nofollow noopener\" class=\"text-link--external text-link\">ARD-Mediathek<\/a> und auf YouTube. Die Staffel umfasst 24 neue Folgen. Tommi Schmitt war in Folge 12 zu Gast.<\/p>\n","protected":false},"excerpt":{"rendered":"TTS-Player \u00fcberspringen\u21b5Artikel weiterlesen Bad Honnef (NRW) \u2013 Ein Jahr lang war Pierre M. Krause weg vom Bildschirm. Der&hellip;\n","protected":false},"author":2,"featured_media":920629,"comment_status":"","ping_status":"","sticky":false,"template":"","format":"standard","meta":{"footnotes":"","_share_on_mastodon":"0"},"categories":[1776],"tags":[223,1801,29,214,30,1802,1307,41077,46632,1755,138370,45,215],"class_list":["post-920628","post","type-post","status-publish","format-standard","has-post-thumbnail","category-prominente","tag-ard","tag-celebrities","tag-deutschland","tag-entertainment","tag-germany","tag-prominente","tag-prosieben","tag-raab-stefan","tag-schlag-den-raab","tag-swr","tag-team-first","tag-texttospeech","tag-unterhaltung"],"share_on_mastodon":{"url":"https:\/\/pubeurope.com\/@de\/116346347000010338","error":""},"_links":{"self":[{"href":"https:\/\/www.europesays.com\/de\/wp-json\/wp\/v2\/posts\/920628","targetHints":{"allow":["GET"]}}],"collection":[{"href":"https:\/\/www.europesays.com\/de\/wp-json\/wp\/v2\/posts"}],"about":[{"href":"https:\/\/www.europesays.com\/de\/wp-json\/wp\/v2\/types\/post"}],"author":[{"embeddable":true,"href":"https:\/\/www.europesays.com\/de\/wp-json\/wp\/v2\/users\/2"}],"replies":[{"embeddable":true,"href":"https:\/\/www.europesays.com\/de\/wp-json\/wp\/v2\/comments?post=920628"}],"version-history":[{"count":0,"href":"https:\/\/www.europesays.com\/de\/wp-json\/wp\/v2\/posts\/920628\/revisions"}],"wp:featuredmedia":[{"embeddable":true,"href":"https:\/\/www.europesays.com\/de\/wp-json\/wp\/v2\/media\/920629"}],"wp:attachment":[{"href":"https:\/\/www.europesays.com\/de\/wp-json\/wp\/v2\/media?parent=920628"}],"wp:term":[{"taxonomy":"category","embeddable":true,"href":"https:\/\/www.europesays.com\/de\/wp-json\/wp\/v2\/categories?post=920628"},{"taxonomy":"post_tag","embeddable":true,"href":"https:\/\/www.europesays.com\/de\/wp-json\/wp\/v2\/tags?post=920628"}],"curies":[{"name":"wp","href":"https:\/\/api.w.org\/{rel}","templated":true}]}}