{"id":921131,"date":"2026-04-04T16:49:24","date_gmt":"2026-04-04T16:49:24","guid":{"rendered":"https:\/\/www.europesays.com\/de\/921131\/"},"modified":"2026-04-04T16:49:24","modified_gmt":"2026-04-04T16:49:24","slug":"rund-1600-menschen-demonstrieren-beim-ostermarsch-in-berlin","status":"publish","type":"post","link":"https:\/\/www.europesays.com\/de\/921131\/","title":{"rendered":"Rund 1600 Menschen demonstrieren beim Ostermarsch in Berlin"},"content":{"rendered":"<p class=\"tspBOli tspBOlj\">Hunderte Menschen haben am diesj\u00e4hrigen Ostermarsch in Berlin teilgenommen. Nach Angaben der Polizei kamen etwa 1600 Teilnehmer (Stand 15.30 Uhr). Neben der wei\u00dfen Taube auf blauem Grund waren auch viele iranische Flaggen zu sehen sowie einige pro-pal\u00e4stinensische Demonstranten.<\/p>\n<p>Tagesspiegel Checkpoint: Berlins beliebtester Newsletter<\/p>\n<p><img decoding=\"async\" src=\"https:\/\/www.europesays.com\/de\/wp-content\/uploads\/2025\/04\/cp-icon.png\" alt=\"\" class=\"tspB0hh\"\/><\/p>\n<p class=\"tspB0m3\"> Der schnellste Berlin-\u00dcberblick von Montag bis Samstag. <\/p>\n<p class=\"tspBOli\">Der Ostermarsch stand in diesem Jahr unter dem Motto \u201eDemonstration f\u00fcr Frieden\u201c. Nach einer Auftaktkundgebung am Mauerpark im Prenzlauer Berg zog die Demo unter anderem \u00fcber die Bernauer Stra\u00dfe, Granseer Stra\u00dfe, Swinem\u00fcnder Stra\u00dfe, Kastanienallee, Sch\u00f6nhauser Allee und Eberswalder Stra\u00dfe.<\/p>\n<p class=\"tspVe4\">Empfohlener redaktioneller Inhalt<\/p>\n<p> An dieser Stelle finden Sie einen von unseren Redakteuren ausgew\u00e4hlten, externen Inhalt, der den Artikel f\u00fcr Sie mit zus\u00e4tzlichen Informationen anreichert. Sie k\u00f6nnen sich hier den externen Inhalt mit einem Klick anzeigen lassen oder wieder ausblenden. <\/p>\n<p> Externen Inhalt anzeigen <\/p>\n<p class=\"tspVfa\"> Ich bin damit einverstanden, dass mir der externe Inhalt angezeigt wird. Damit k\u00f6nnen personenbezogene Daten an Drittplattformen \u00fcbermittelt werden.  Mehr Informationen dazu erhalten Sie in den Datenschutz-Einstellungen. Diese finden Sie ganz unten auf unserer Seite im Footer, sodass Sie Ihre Einstellungen jederzeit verwalten oder widerrufen k\u00f6nnen. <\/p>\n<p class=\"tspBOli\">Zum Ostermarsch aufgerufen wird von der Friedenskoordination Berlin. Sie kritisiert unter anderem jegliche Aufr\u00fcstungspl\u00e4ne f\u00fcr die Bundeswehr sowie die Wiedereinf\u00fchrung der Wehrpflicht. Das B\u00fcndnis lehnt zudem Waffenlieferungen an die Ukraine und nach Israel ab. Trotz der russischen Aggression in der Ukraine warnt die Friedenskoordination vor einem \u201eFeindbild Russland\u201c.<\/p>\n<p class=\"tspBOli\">Ein Tagesspiegel-Reporter berichtete, die Aussagen der Teilnehmer des Ostermarsches haben sich vor allem gegen die Wehrpflicht, gegen Bundesverteidigungsminister Boris Pistorius (SPD), US-Atomwaffen in Deutschland und gegen Israel gerichtet. Sie h\u00e4tten sich aber f\u00fcr die russische Gaspipeline Nordstream, Pal\u00e4stina, die linksextremistische Kleinstpartei DKP und f\u00fcr Kuba ausgesprochen. Plakate und Sprechch\u00f6re gegen Russlands Pr\u00e4sidenten Wladimir Putin oder die islamistische Terrororganisation Hamas hat es nicht gegeben. Auch Fahnen der von Russland vor vier Jahren angegriffenen Ukraine gab es nicht.<\/p>\n<p> Osterm\u00e4rsche weitaus kleiner als fr\u00fcher \u2013 und im Wandel <\/p>\n<p class=\"tspBOli\"><a href=\"https:\/\/www.tagesspiegel.de\/internationales\/uberall-nur-krieg-und-leid-konnen-ostermarsche-heute-noch-etwas-ausrichten-15410931.html?icid=in-text-link_15435453\" class=\"link link--internal\" data-gtm-class=\"article-text-link\" data-gtm-val=\"internal\" rel=\"nofollow noopener\" target=\"_blank\">Die Osterm\u00e4rsche haben in den vergangenen Jahrzehnten an Zugkraft verloren<\/a>. In den 1980er Jahren gingen bundesweit regelm\u00e4\u00dfig Hunderttausende auf die Stra\u00dfen. Damals habe die Angst vor einer nuklearen Eskalation ein breites B\u00fcndnis geschaffen, weit \u00fcber den engeren Pazifismus hinaus, sagte der Friedensforscher Tobias Debiel der \u201eTagesschau\u201c.<\/p>\n<p>Mehr oder weniger Friedvolles<a href=\"https:\/\/www.tagesspiegel.de\/internationales\/uberall-nur-krieg-und-leid-konnen-ostermarsche-heute-noch-etwas-ausrichten-15410931.html?icid=topic-list_15435453___\" data-gtm-class=\"article-mzt-link\" data-hydrate-fingerprint=\"09740a54944caac75fd2c0c63fd5c5df\" data-hydrate-props=\"{&amp;escapedquot;element&amp;escapedquot;:{&amp;escapedquot;type&amp;escapedquot;:&amp;escapedquot;relatedContent&amp;escapedquot;,&amp;escapedquot;fieldMap&amp;escapedquot;:{},&amp;escapedquot;relation&amp;escapedquot;:{&amp;escapedquot;fields&amp;escapedquot;:{&amp;escapedquot;isPaid&amp;escapedquot;:true},&amp;escapedquot;href&amp;escapedquot;:&amp;escapedquot;\/internationales\/uberall-nur-krieg-und-leid-konnen-ostermarsche-heute-noch-etwas-ausrichten-15410931.html&amp;escapedquot;,&amp;escapedquot;teaserTitle&amp;escapedquot;:{&amp;escapedquot;kicker&amp;escapedquot;:&amp;escapedquot;\u00dcberall nur Krieg und Leid&amp;escapedquot;,&amp;escapedquot;headline&amp;escapedquot;:&amp;escapedquot;K\u00f6nnen Osterm\u00e4rsche heute noch etwas ausrichten?&amp;escapedquot;},&amp;escapedquot;id&amp;escapedquot;:&amp;escapedquot;15410931&amp;escapedquot;,&amp;escapedquot;type&amp;escapedquot;:&amp;escapedquot;story&amp;escapedquot;},&amp;escapedquot;isPartOfList&amp;escapedquot;:true,&amp;escapedquot;topicListType&amp;escapedquot;:&amp;escapedquot;topic-list&amp;escapedquot;},&amp;escapedquot;showArrow&amp;escapedquot;:true}\" data-hydrate-slots=\"{&#039;default&#039;:[]}\" class=\"tspC3qm tspC4qt\" rel=\"nofollow noopener\" target=\"_blank\">\u00dcberall nur Krieg und Leid K\u00f6nnen Osterm\u00e4rsche heute noch etwas ausrichten? <\/a><a href=\"https:\/\/www.tagesspiegel.de\/internationales\/rache-statt-strafe-israels-einfuhrung-der-todesstrafe-ist-eine-politische-und-moralische-bankrotterklarung-15418690.html?icid=topic-list_15435453___\" data-gtm-class=\"article-mzt-link\" data-hydrate-fingerprint=\"09740a54944caac75fd2c0c63fd5c5df\" data-hydrate-props=\"{&amp;escapedquot;element&amp;escapedquot;:{&amp;escapedquot;type&amp;escapedquot;:&amp;escapedquot;relatedContent&amp;escapedquot;,&amp;escapedquot;fieldMap&amp;escapedquot;:{},&amp;escapedquot;relation&amp;escapedquot;:{&amp;escapedquot;fields&amp;escapedquot;:{&amp;escapedquot;isPaid&amp;escapedquot;:true},&amp;escapedquot;href&amp;escapedquot;:&amp;escapedquot;\/internationales\/rache-statt-strafe-israels-einfuhrung-der-todesstrafe-ist-eine-politische-und-moralische-bankrotterklarung-15418690.html&amp;escapedquot;,&amp;escapedquot;teaserTitle&amp;escapedquot;:{&amp;escapedquot;kicker&amp;escapedquot;:&amp;escapedquot;Rache statt Strafe&amp;escapedquot;,&amp;escapedquot;headline&amp;escapedquot;:&amp;escapedquot;Israels Einf\u00fchrung der Todesstrafe ist eine politische und moralische Bankrotterkl\u00e4rung&amp;escapedquot;},&amp;escapedquot;id&amp;escapedquot;:&amp;escapedquot;15418690&amp;escapedquot;,&amp;escapedquot;type&amp;escapedquot;:&amp;escapedquot;story&amp;escapedquot;},&amp;escapedquot;isPartOfList&amp;escapedquot;:true,&amp;escapedquot;topicListType&amp;escapedquot;:&amp;escapedquot;topic-list&amp;escapedquot;},&amp;escapedquot;showArrow&amp;escapedquot;:true}\" data-hydrate-slots=\"{&#039;default&#039;:[]}\" class=\"tspC3qm tspC4qt\" rel=\"nofollow noopener\" target=\"_blank\">Rache statt Strafe Israels Einf\u00fchrung der Todesstrafe ist eine politische und moralische Bankrotterkl\u00e4rung <\/a><a href=\"https:\/\/www.tagesspiegel.de\/internationales\/krieg-leiden-zerstorung-warum-schweigt-papst-leo-xiv-15403605.html?icid=topic-list_15435453___\" data-gtm-class=\"article-mzt-link\" data-hydrate-fingerprint=\"09740a54944caac75fd2c0c63fd5c5df\" data-hydrate-props=\"{&amp;escapedquot;element&amp;escapedquot;:{&amp;escapedquot;type&amp;escapedquot;:&amp;escapedquot;relatedContent&amp;escapedquot;,&amp;escapedquot;fieldMap&amp;escapedquot;:{},&amp;escapedquot;relation&amp;escapedquot;:{&amp;escapedquot;fields&amp;escapedquot;:{&amp;escapedquot;isPaid&amp;escapedquot;:true},&amp;escapedquot;href&amp;escapedquot;:&amp;escapedquot;\/internationales\/krieg-leiden-zerstorung-warum-schweigt-papst-leo-xiv-15403605.html&amp;escapedquot;,&amp;escapedquot;teaserTitle&amp;escapedquot;:{&amp;escapedquot;kicker&amp;escapedquot;:&amp;escapedquot;Krieg, Leiden, Zerst\u00f6rung&amp;escapedquot;,&amp;escapedquot;headline&amp;escapedquot;:&amp;escapedquot;Warum Papst Leo XIV. so oft schweigt &amp;escapedquot;},&amp;escapedquot;id&amp;escapedquot;:&amp;escapedquot;15403605&amp;escapedquot;,&amp;escapedquot;type&amp;escapedquot;:&amp;escapedquot;story&amp;escapedquot;},&amp;escapedquot;isPartOfList&amp;escapedquot;:true,&amp;escapedquot;topicListType&amp;escapedquot;:&amp;escapedquot;topic-list&amp;escapedquot;},&amp;escapedquot;showArrow&amp;escapedquot;:true}\" data-hydrate-slots=\"{&#039;default&#039;:[]}\" class=\"tspC3qm tspC4qt\" rel=\"nofollow noopener\" target=\"_blank\">Krieg, Leiden, Zerst\u00f6rung Warum Papst Leo XIV. so oft schweigt  <\/a><\/p>\n<p class=\"tspBOli\">Inzwischen seien die Aufrufe zu den Osterm\u00e4rschen zu einseitig und die Bewegung alt geworden. \u201eEs wird zum Beispiel in vielen Aufrufen nicht explizit benannt, dass Russland die Ukraine \u00fcberfallen hat, Russland wird nicht als Aggressor benannt\u201c, sagte Debiel. \u201eMan spricht nur allgemein vom Ukraine-Krieg oder Krieg in der Ukraine oder im Gaza-Krieg wird nur Israel angeprangert, nicht aber die Hamas.\u201c (dpa\/Tsp)<\/p>\n","protected":false},"excerpt":{"rendered":"Hunderte Menschen haben am diesj\u00e4hrigen Ostermarsch in Berlin teilgenommen. Nach Angaben der Polizei kamen etwa 1600 Teilnehmer (Stand&hellip;\n","protected":false},"author":2,"featured_media":921132,"comment_status":"","ping_status":"","sticky":false,"template":"","format":"standard","meta":{"footnotes":"","_share_on_mastodon":"0"},"categories":[4013],"tags":[331,332,1179,685,738,13,1435,8753,14,15,4043,4044,850,307,12,7728,317],"class_list":["post-921131","post","type-post","status-publish","format-standard","has-post-thumbnail","category-russland","tag-aktuelle-nachrichten","tag-aktuelle-news","tag-boris-pistorius","tag-bundeswehr","tag-gazastreifen","tag-headlines","tag-krieg-in-der-ukraine","tag-mauerpark","tag-nachrichten","tag-news","tag-russia","tag-russian-federation","tag-russische-foederation","tag-russland","tag-schlagzeilen","tag-tagesschau","tag-ukraine"],"share_on_mastodon":{"url":"https:\/\/pubeurope.com\/@de\/116347467852437027","error":""},"_links":{"self":[{"href":"https:\/\/www.europesays.com\/de\/wp-json\/wp\/v2\/posts\/921131","targetHints":{"allow":["GET"]}}],"collection":[{"href":"https:\/\/www.europesays.com\/de\/wp-json\/wp\/v2\/posts"}],"about":[{"href":"https:\/\/www.europesays.com\/de\/wp-json\/wp\/v2\/types\/post"}],"author":[{"embeddable":true,"href":"https:\/\/www.europesays.com\/de\/wp-json\/wp\/v2\/users\/2"}],"replies":[{"embeddable":true,"href":"https:\/\/www.europesays.com\/de\/wp-json\/wp\/v2\/comments?post=921131"}],"version-history":[{"count":0,"href":"https:\/\/www.europesays.com\/de\/wp-json\/wp\/v2\/posts\/921131\/revisions"}],"wp:featuredmedia":[{"embeddable":true,"href":"https:\/\/www.europesays.com\/de\/wp-json\/wp\/v2\/media\/921132"}],"wp:attachment":[{"href":"https:\/\/www.europesays.com\/de\/wp-json\/wp\/v2\/media?parent=921131"}],"wp:term":[{"taxonomy":"category","embeddable":true,"href":"https:\/\/www.europesays.com\/de\/wp-json\/wp\/v2\/categories?post=921131"},{"taxonomy":"post_tag","embeddable":true,"href":"https:\/\/www.europesays.com\/de\/wp-json\/wp\/v2\/tags?post=921131"}],"curies":[{"name":"wp","href":"https:\/\/api.w.org\/{rel}","templated":true}]}}