{"id":921177,"date":"2026-04-04T17:18:16","date_gmt":"2026-04-04T17:18:16","guid":{"rendered":"https:\/\/www.europesays.com\/de\/921177\/"},"modified":"2026-04-04T17:18:16","modified_gmt":"2026-04-04T17:18:16","slug":"leipzig-fahrer-wollte-ruhe-im-bus-da-pruegelte-er-ihn-ins-koma-regional","status":"publish","type":"post","link":"https:\/\/www.europesays.com\/de\/921177\/","title":{"rendered":"Leipzig: Fahrer wollte Ruhe im Bus, da pr\u00fcgelte ER ihn ins Koma | Regional"},"content":{"rendered":"<p><b>Es ist eine Nachricht, die sprachlos und w\u00fctend macht: Ein Busfahrer (62) liegt im Koma, nachdem ihn ein erst 13-j\u00e4hriger Intensivt\u00e4ter attackiert hat. Zu dem Gewaltexzess war es in Leipzig gekommen, als der Fahrer eine Gruppe Jugendlicher aufgefordert hatte, etwas leiser zu sein.<\/b><\/p>\n<p><b>Mit BILDplus lesen Sie, wie es zu diesem schrecklichen Vorfall kam, was sich im Bus abspielte und warum der polizeibekannte T\u00e4ter straffrei davonkommt.<\/b><\/p>\n","protected":false},"excerpt":{"rendered":"Es ist eine Nachricht, die sprachlos und w\u00fctend macht: Ein Busfahrer (62) liegt im Koma, nachdem ihn ein&hellip;\n","protected":false},"author":2,"featured_media":921178,"comment_status":"","ping_status":"","sticky":false,"template":"","format":"standard","meta":{"footnotes":"","_share_on_mastodon":"0"},"categories":[1832],"tags":[16238,13865,3364,29,30,71,121,859,45,2624,3260],"class_list":["post-921177","post","type-post","status-publish","format-standard","has-post-thumbnail","category-leipzig","tag-busfahrer","tag-busse","tag-de","tag-deutschland","tag-germany","tag-leipzig","tag-polizei","tag-sachsen","tag-texttospeech","tag-unfaelle","tag-verkehrsunfall"],"share_on_mastodon":{"url":"https:\/\/pubeurope.com\/@de\/116347581671862515","error":""},"_links":{"self":[{"href":"https:\/\/www.europesays.com\/de\/wp-json\/wp\/v2\/posts\/921177","targetHints":{"allow":["GET"]}}],"collection":[{"href":"https:\/\/www.europesays.com\/de\/wp-json\/wp\/v2\/posts"}],"about":[{"href":"https:\/\/www.europesays.com\/de\/wp-json\/wp\/v2\/types\/post"}],"author":[{"embeddable":true,"href":"https:\/\/www.europesays.com\/de\/wp-json\/wp\/v2\/users\/2"}],"replies":[{"embeddable":true,"href":"https:\/\/www.europesays.com\/de\/wp-json\/wp\/v2\/comments?post=921177"}],"version-history":[{"count":0,"href":"https:\/\/www.europesays.com\/de\/wp-json\/wp\/v2\/posts\/921177\/revisions"}],"wp:featuredmedia":[{"embeddable":true,"href":"https:\/\/www.europesays.com\/de\/wp-json\/wp\/v2\/media\/921178"}],"wp:attachment":[{"href":"https:\/\/www.europesays.com\/de\/wp-json\/wp\/v2\/media?parent=921177"}],"wp:term":[{"taxonomy":"category","embeddable":true,"href":"https:\/\/www.europesays.com\/de\/wp-json\/wp\/v2\/categories?post=921177"},{"taxonomy":"post_tag","embeddable":true,"href":"https:\/\/www.europesays.com\/de\/wp-json\/wp\/v2\/tags?post=921177"}],"curies":[{"name":"wp","href":"https:\/\/api.w.org\/{rel}","templated":true}]}}