{"id":921240,"date":"2026-04-04T17:52:14","date_gmt":"2026-04-04T17:52:14","guid":{"rendered":"https:\/\/www.europesays.com\/de\/921240\/"},"modified":"2026-04-04T17:52:14","modified_gmt":"2026-04-04T17:52:14","slug":"wissenschaft-zum-mitmachen-veranstaltungen-und-projekte-im-mitteldeutschen-revier-im-april-hallespektrum-de","status":"publish","type":"post","link":"https:\/\/www.europesays.com\/de\/921240\/","title":{"rendered":"Wissenschaft zum Mitmachen: Veranstaltungen und Projekte im Mitteldeutschen Revier im April &#8211; HalleSpektrum.de"},"content":{"rendered":"<p>\n\t\t\t4. April 2026\t\t<\/p>\n<p>Mit dem Fr\u00fchjahr beginnt im Mitteldeutschen Revier eine neue Phase des Austauschs zwischen Wissenschaft, Gesellschaft und Politik. Die Initiative science2public hat f\u00fcr den April und die kommenden Wochen ein vielseitiges Programm angek\u00fcndigt, das von Bildungsangeboten \u00fcber Diskussionsformate bis hin zu Beteiligungsprojekten reicht.<\/p>\n<p>Ein zentraler Baustein ist die <strong>Open Academy 2026<\/strong> des Science Cube. Noch bis zum 15. April k\u00f6nnen sich Interessierte bewerben. Das Programm richtet sich an Studierende, Auszubildende und Berufst\u00e4tige, die sich f\u00fcr Wissenschaftskommunikation interessieren. Neben Mentoring und Teamarbeit bietet die Academy praxisnahe Einblicke in aktuelle Forschungsprojekte. Den Auftakt des praktischen Teils bildet eine <strong>Spring School vom 24. bis 26. April im Salinemuseum Halle (Saale)<\/strong>, bei der Teilnehmende mit Forschenden zusammenarbeiten.<\/p>\n<p>Einen inhaltlichen Schwerpunkt setzt die <strong>Reviervorlesung \u201eNachhaltigkeit nervt. Oder?\u201c am 15. April<\/strong> in der Freiwilligen-Agentur Altmark in Stendal. Die Veranstaltung ist Teil der Reihe \u201eDas Revier debattiert\u201c und wird von Prof. Dr.-Ing. Gilian Gerke sowie Prof. Dr. Elke Grittmann gestaltet. Dabei stehen sowohl praktische Fragen nachhaltiger Ressourcennutzung als auch gesellschaftliche Debatten im Mittelpunkt.<\/p>\n<p>Bereits im M\u00e4rz fand unter dem Titel <strong>\u201eStrukturwandel im Dialog\u201c am 11. M\u00e4rz in Hohenm\u00f6lsen<\/strong> ein Austausch zwischen Vertreterinnen und Vertretern aus Politik, Wirtschaft und Wissenschaft statt. Diskutiert wurden aktuelle Herausforderungen und Perspektiven des Strukturwandels. Erg\u00e4nzt wurde das Programm durch Beitr\u00e4ge aus der Wissenschaftskommunikation, darunter ein Science Slam.<\/p>\n<p>Auch das Projekt <strong>Make Science Halle<\/strong> startet mit neuen Angeboten in das Jahr. Das Format <strong>\u201eDinner4Democracy\u201c<\/strong>, das im M\u00e4rz erstmals stattfand, soll k\u00fcnftig regelm\u00e4\u00dfig <strong>jeden dritten Mittwoch im Monat<\/strong> durchgef\u00fchrt werden. Thematisch widmet sich die Reihe gesellschaftlichen Fragen, etwa der Rolle von Frauen im Strukturwandel.<\/p>\n<p>Ebenfalls fortgesetzt wird der <strong>\u201eRiverCheck\u201c<\/strong>, bei dem in regelm\u00e4\u00dfigen Abst\u00e4nden die Wasserqualit\u00e4t der Saale untersucht und \u00f6ffentlich gemacht wird. Erg\u00e4nzend dazu \u00f6ffnet das B\u00fcrgerforschungsschiff seine T\u00fcren: Die <strong>\u201eOffene Bordt\u00fcr\u201c findet jeden Donnerstag von 15 bis 18 Uhr<\/strong> statt und erm\u00f6glicht Einblicke in die Arbeit des schwimmenden Labors.<\/p>\n<p>Eine weitere Beteiligungsm\u00f6glichkeit bietet der <strong>Ideenwettbewerb \u201eDigitale Br\u00fcckenbauer\u201c<\/strong>. Vom <strong>15. April bis 15. Mai 2026<\/strong> k\u00f6nnen Projekte f\u00fcr digitale Bildungsangebote in Halle-Neustadt eingereicht werden. F\u00fcr ausgew\u00e4hlte Vorhaben stehen F\u00f6rdermittel von bis zu 5.000 Euro zur Verf\u00fcgung.<\/p>\n<p>Auch \u00fcber die Region hinaus ist science2public aktiv: Am <strong>27. April 2026<\/strong> beteiligt sich die Initiative an einer Tagung zur Energiewende im Wissenschaftspark Gelsenkirchen. Im Rahmen der Veranstaltung wird unter anderem \u00fcber neue Formen des Wissenstransfers diskutiert.<\/p>\n<p>Dar\u00fcber hinaus steht ein Ortswechsel an: Das B\u00fcrgerforschungsschiff <strong>Make Science Halle<\/strong> wird ab dem <strong>22. April<\/strong> wieder an seinem Liegeplatz \u201eAn der Hulbe\u201c beim Multimediazentrum Halle positioniert sein.<\/p>\n<p>Mit dem breit gef\u00e4cherten Programm setzt science2public auf Dialog, Beteiligung und neue Formen der Wissensvermittlung \u2013 und l\u00e4dt B\u00fcrgerinnen und B\u00fcrger dazu ein, Wissenschaft aktiv mitzugestalten.<\/p>\n","protected":false},"excerpt":{"rendered":"4. April 2026 Mit dem Fr\u00fchjahr beginnt im Mitteldeutschen Revier eine neue Phase des Austauschs zwischen Wissenschaft, Gesellschaft&hellip;\n","protected":false},"author":2,"featured_media":921241,"comment_status":"","ping_status":"","sticky":false,"template":"","format":"standard","meta":{"footnotes":"","_share_on_mastodon":"0"},"categories":[1860],"tags":[50993,50603,752,3364,29,548,663,3934,30,4062,17332,13,4507,14,15,17331,860,12,3866,193],"class_list":["post-921240","post","type-post","status-publish","format-standard","has-post-thumbnail","category-halle-saale","tag-strukturwandel","tag-beteiligung","tag-bildung","tag-de","tag-deutschland","tag-eu","tag-europa","tag-europe","tag-germany","tag-halle","tag-halle-saale","tag-headlines","tag-nachhaltigkeit","tag-nachrichten","tag-news","tag-saale","tag-sachsen-anhalt","tag-schlagzeilen","tag-veranstaltungen","tag-wissenschaft"],"share_on_mastodon":{"url":"https:\/\/pubeurope.com\/@de\/116347715986440027","error":""},"_links":{"self":[{"href":"https:\/\/www.europesays.com\/de\/wp-json\/wp\/v2\/posts\/921240","targetHints":{"allow":["GET"]}}],"collection":[{"href":"https:\/\/www.europesays.com\/de\/wp-json\/wp\/v2\/posts"}],"about":[{"href":"https:\/\/www.europesays.com\/de\/wp-json\/wp\/v2\/types\/post"}],"author":[{"embeddable":true,"href":"https:\/\/www.europesays.com\/de\/wp-json\/wp\/v2\/users\/2"}],"replies":[{"embeddable":true,"href":"https:\/\/www.europesays.com\/de\/wp-json\/wp\/v2\/comments?post=921240"}],"version-history":[{"count":0,"href":"https:\/\/www.europesays.com\/de\/wp-json\/wp\/v2\/posts\/921240\/revisions"}],"wp:featuredmedia":[{"embeddable":true,"href":"https:\/\/www.europesays.com\/de\/wp-json\/wp\/v2\/media\/921241"}],"wp:attachment":[{"href":"https:\/\/www.europesays.com\/de\/wp-json\/wp\/v2\/media?parent=921240"}],"wp:term":[{"taxonomy":"category","embeddable":true,"href":"https:\/\/www.europesays.com\/de\/wp-json\/wp\/v2\/categories?post=921240"},{"taxonomy":"post_tag","embeddable":true,"href":"https:\/\/www.europesays.com\/de\/wp-json\/wp\/v2\/tags?post=921240"}],"curies":[{"name":"wp","href":"https:\/\/api.w.org\/{rel}","templated":true}]}}