{"id":921311,"date":"2026-04-04T18:35:21","date_gmt":"2026-04-04T18:35:21","guid":{"rendered":"https:\/\/www.europesays.com\/de\/921311\/"},"modified":"2026-04-04T18:35:21","modified_gmt":"2026-04-04T18:35:21","slug":"werder-bremen-mitchell-weiser-kritisiert-bosse-scharf-das-hat-konsequenzen-fussball","status":"publish","type":"post","link":"https:\/\/www.europesays.com\/de\/921311\/","title":{"rendered":"Werder Bremen: Mitchell Weiser kritisiert Bosse scharf! Das hat Konsequenzen | Fu\u00dfball"},"content":{"rendered":"<p><a class=\"skip-content skip-content--link\" href=\"#in-content-skip-link-target-v-0-0\">TTS-Player \u00fcberspringen\u21b5<\/a><a id=\"in-content-skip-link-target-v-0-0\" class=\"skip-content--target-link-hidden skip-content skip-content--target-link\" href=\"#in-content-skip-link-target-v-0-0\">Artikel weiterlesen<\/a><\/p>\n<p>von Markus Balczuweit<\/p>\n<p><b>Seit Juli 2025 fehlt Werder Bremens Leistungstr\u00e4ger Mitchell Weiser (31) verletzungsbedingt. Ein Kreuzbandriss hielt ihn vom Platz fern, doch nun gibt es Licht am Ende des Tunnels: Im Halbzeit-Interview beim Heimspiel gegen Leipzig (1:2) bei \u201eSky\u201c verriet Weiser, dass er in zwei bis drei Wochen wieder auf dem Rasen stehen will. Eine Nachricht, die den Verantwortlichen bei Werder Hoffnung machen d\u00fcrfte \u2013 das restliche Interview sorgte jedoch f\u00fcr Diskussionen.<\/b><\/p>\n<p>Weiser \u00fcbt deutliche Kritik<\/p>\n<p>Auf seinen auslaufenden Vertrag angesprochen, \u00e4u\u00dferte sich Weiser klar: \u201eWir hatten schon Gespr\u00e4che. Es ist aber so, dass im letzten Sommer viele Dinge passiert sind, die f\u00fcr mich fragw\u00fcrdig waren. Ich warte daher auf Signale, dass wir wieder in die Richtung gehen, in der wir mit Ole Werner (Werders Ex-Trainer, d.Red.) waren.\u201c<\/p>\n<p>Er legt sogar nach: \u201eNeben der Entlassung von Ole sind auch wichtige Entscheidungen im Kader getroffen worden. Es sind Spieler gegangen, denen wir jetzt nachtrauern. Diese Entscheidungen waren f\u00fcr mich etwas fahrl\u00e4ssig.\u201c<\/p>\n<p>Reaktion des Managements<\/p>\n<p>Die scharfe Kritik d\u00fcrfte besonders Manager Clemens Fritz betreffen, der sich irritiert zeigt. Fritz erkl\u00e4rte: \u201eWir sa\u00dfen vor ein paar Wochen zusammen, hatten ein gutes, sehr offenes und ehrliches Gespr\u00e4ch. F\u00fcr mich sind die Aussagen etwas unverst\u00e4ndlich. Das werden wir intern aufarbeiten.\u201c<\/p>\n<p>Seit 2021 ist Weiser Teil von Werder Bremen und verfolgt die Entwicklung des Klubs sehr aufmerksam. In der Vergangenheit machte er sportliche Perspektiven zur Bedingung f\u00fcr seine Unterschrift \u2013 auch jetzt erwartet er eine klare Ausrichtung des Vereins. \u201eWerder geh\u00f6rt f\u00fcr mich ins internationale Gesch\u00e4ft. Da w\u00fcrde ich gerne dabei sein, aber der Verein muss entscheiden, wohin er will\u201c, so Weiser.<\/p>\n<p>Zun\u00e4chst steht jedoch das \u00dcberstehen der aktuellen Saison im Vordergrund: Nach der Niederlage gegen Leipzig kassierte Werder die 14. Pleite in dieser Spielzeit. Mit vier Punkten Vorsprung auf Relegationsrang 16 ist der Klassenerhalt das oberste Ziel.<\/p>\n","protected":false},"excerpt":{"rendered":"TTS-Player \u00fcberspringen\u21b5Artikel weiterlesen von Markus Balczuweit Seit Juli 2025 fehlt Werder Bremens Leistungstr\u00e4ger Mitchell Weiser (31) verletzungsbedingt. Ein&hellip;\n","protected":false},"author":2,"featured_media":921312,"comment_status":"","ping_status":"","sticky":false,"template":"","format":"standard","meta":{"footnotes":"","_share_on_mastodon":"0"},"categories":[1824],"tags":[2420,3364,29,538,8905,30,1229,9662,542,45,3200,81378,537],"class_list":["post-921311","post","type-post","status-publish","format-standard","has-post-thumbnail","category-bremen","tag-bremen","tag-de","tag-deutschland","tag-erste-bundesliga","tag-fritz-clemens","tag-germany","tag-kritik","tag-no-sport-app","tag-sport-leuchtturm-hamburg","tag-texttospeech","tag-vertragsverlaengerung","tag-weiser-mitchell","tag-werder-bremen"],"share_on_mastodon":{"url":"https:\/\/pubeurope.com\/@de\/116347884384292831","error":""},"_links":{"self":[{"href":"https:\/\/www.europesays.com\/de\/wp-json\/wp\/v2\/posts\/921311","targetHints":{"allow":["GET"]}}],"collection":[{"href":"https:\/\/www.europesays.com\/de\/wp-json\/wp\/v2\/posts"}],"about":[{"href":"https:\/\/www.europesays.com\/de\/wp-json\/wp\/v2\/types\/post"}],"author":[{"embeddable":true,"href":"https:\/\/www.europesays.com\/de\/wp-json\/wp\/v2\/users\/2"}],"replies":[{"embeddable":true,"href":"https:\/\/www.europesays.com\/de\/wp-json\/wp\/v2\/comments?post=921311"}],"version-history":[{"count":0,"href":"https:\/\/www.europesays.com\/de\/wp-json\/wp\/v2\/posts\/921311\/revisions"}],"wp:featuredmedia":[{"embeddable":true,"href":"https:\/\/www.europesays.com\/de\/wp-json\/wp\/v2\/media\/921312"}],"wp:attachment":[{"href":"https:\/\/www.europesays.com\/de\/wp-json\/wp\/v2\/media?parent=921311"}],"wp:term":[{"taxonomy":"category","embeddable":true,"href":"https:\/\/www.europesays.com\/de\/wp-json\/wp\/v2\/categories?post=921311"},{"taxonomy":"post_tag","embeddable":true,"href":"https:\/\/www.europesays.com\/de\/wp-json\/wp\/v2\/tags?post=921311"}],"curies":[{"name":"wp","href":"https:\/\/api.w.org\/{rel}","templated":true}]}}