{"id":921342,"date":"2026-04-04T18:52:18","date_gmt":"2026-04-04T18:52:18","guid":{"rendered":"https:\/\/www.europesays.com\/de\/921342\/"},"modified":"2026-04-04T18:52:18","modified_gmt":"2026-04-04T18:52:18","slug":"berlin-und-muenchen-komplettieren-die-del-halbfinals","status":"publish","type":"post","link":"https:\/\/www.europesays.com\/de\/921342\/","title":{"rendered":"Berlin und M\u00fcnchen komplettieren die DEL-Halbfinals"},"content":{"rendered":"<p class=\"richtext text-em-55 !leading-serif mx-6 desktop:mx-0\">Meister Eisb\u00e4ren <a href=\"https:\/\/rp-online.de\/thema\/berlin\/\" rel=\"nofollow noopener\" target=\"_blank\">Berlin<\/a> und der EHC Red Bull M\u00fcnchen komplettieren das Play-off-Halbfinale der Deutschen Eishockey Liga. Im sechsten Match gewann M\u00fcnchen beim ERC Ingolstadt mit 7:3 (1:2, 3:1, 3:0) und entschied die Best-of-Seven-Serie mit 4:2 f\u00fcr sich. Auch Berlin steht nach dem 6:5 (2:1, 3:2, 0:2) nach Verl\u00e4ngerung gegen die <a href=\"https:\/\/rp-online.de\/thema\/straubing-tigers\/\" rel=\"nofollow noopener\" target=\"_blank\">Straubing Tigers<\/a> und dem vierten Sieg in der Runde der besten Vier.<\/p>\n","protected":false},"excerpt":{"rendered":"Meister Eisb\u00e4ren Berlin und der EHC Red Bull M\u00fcnchen komplettieren das Play-off-Halbfinale der Deutschen Eishockey Liga. Im sechsten&hellip;\n","protected":false},"author":2,"featured_media":921343,"comment_status":"","ping_status":"","sticky":false,"template":"","format":"standard","meta":{"footnotes":"","_share_on_mastodon":"0"},"categories":[1827],"tags":[201577,772,70966,5098,29,2100,11174,30,2245,11148,13762,1268,201576],"class_list":["post-921342","post","type-post","status-publish","format-standard","has-post-thumbnail","category-muenchen","tag-201577","tag-bayern","tag-bull","tag-derby","tag-deutschland","tag-eishockey","tag-erc","tag-germany","tag-halbfinale","tag-ingolstadt","tag-liga","tag-muenchen","tag-sololauf"],"share_on_mastodon":{"url":"https:\/\/pubeurope.com\/@de\/116347951281823384","error":""},"_links":{"self":[{"href":"https:\/\/www.europesays.com\/de\/wp-json\/wp\/v2\/posts\/921342","targetHints":{"allow":["GET"]}}],"collection":[{"href":"https:\/\/www.europesays.com\/de\/wp-json\/wp\/v2\/posts"}],"about":[{"href":"https:\/\/www.europesays.com\/de\/wp-json\/wp\/v2\/types\/post"}],"author":[{"embeddable":true,"href":"https:\/\/www.europesays.com\/de\/wp-json\/wp\/v2\/users\/2"}],"replies":[{"embeddable":true,"href":"https:\/\/www.europesays.com\/de\/wp-json\/wp\/v2\/comments?post=921342"}],"version-history":[{"count":0,"href":"https:\/\/www.europesays.com\/de\/wp-json\/wp\/v2\/posts\/921342\/revisions"}],"wp:featuredmedia":[{"embeddable":true,"href":"https:\/\/www.europesays.com\/de\/wp-json\/wp\/v2\/media\/921343"}],"wp:attachment":[{"href":"https:\/\/www.europesays.com\/de\/wp-json\/wp\/v2\/media?parent=921342"}],"wp:term":[{"taxonomy":"category","embeddable":true,"href":"https:\/\/www.europesays.com\/de\/wp-json\/wp\/v2\/categories?post=921342"},{"taxonomy":"post_tag","embeddable":true,"href":"https:\/\/www.europesays.com\/de\/wp-json\/wp\/v2\/tags?post=921342"}],"curies":[{"name":"wp","href":"https:\/\/api.w.org\/{rel}","templated":true}]}}