{"id":921451,"date":"2026-04-04T19:57:18","date_gmt":"2026-04-04T19:57:18","guid":{"rendered":"https:\/\/www.europesays.com\/de\/921451\/"},"modified":"2026-04-04T19:57:18","modified_gmt":"2026-04-04T19:57:18","slug":"frei-laufendes-pferd-sorgt-fuer-stau-auf-autobahn","status":"publish","type":"post","link":"https:\/\/www.europesays.com\/de\/921451\/","title":{"rendered":"Frei laufendes Pferd sorgt f\u00fcr Stau auf Autobahn"},"content":{"rendered":"<p>Nahe Bremen <\/p>\n<p>Pferd l\u00e4uft auf Fahrbahn: Stau auf Autobahn<\/p>\n<p>04.04.2026 &#8211; 16:21 UhrLesedauer: 1 Min.<\/p>\n<p><a href=\"#focus-0\" class=\"transition-colors duration-200 block text-current relative\" data-sctrack=\"FocusGalleryImage.Reference\"><img fetchpriority=\"high\" data-testid=\"Opener.Image\" style=\"--lqipURL:url('https:\/\/images.t-online.de\/2026\/04\/oc7YYfNvwLVg\/0x221:4000x2250\/fit-in\/150x0\/filters:blur(25)\/pkw-mit-pferdeanhaenger-archivbild-in-bremen-ist-ein-pferd-kurzzeitig-ausgebuext.jpg')\"   loading=\"eager\" src=\"https:\/\/www.europesays.com\/de\/wp-content\/uploads\/2026\/04\/pkw-mit-pferdeanhaenger-archivbild-in-bremen-ist-ein-pferd-kurzzeitig-ausgebuext.jpg\" alt=\"Pkw mit Pferdeanh\u00e4nger (Archivbild): In Bremen ist ein Pferd kurzzeitig ausgeb\u00fcxt.\" title=\"Pkw mit Pferdeanh\u00e4nger (Archivbild): In Bremen ist ein Pferd kurzzeitig ausgeb\u00fcxt.\" width=\"4000\" height=\"2250\" class=\"bg-[url:var(--lqipURL)] bg-cover bg-center flex h-full w-full max-w-full\" decoding=\"async\"\/><img style=\"--width:32;--height:32\" loading=\"lazy\" src=\"https:\/\/www.t-online.de\/s\/paper\/_next\/static\/media\/zoom-in.f7dae02f.svg\" alt=\"Vergr\u00f6\u00dfern des Bildes\" title=\"Vergr\u00f6\u00dfern des Bildes\" class=\"block h-[calc(var(--height)_\/_16_*_1rem)] w-[calc(var(--width)_\/_16_*_1rem)] max-w-none absolute bottom-8 right-8 rounded-4 bg-snow p-8\" decoding=\"async\"\/><\/a><\/p>\n<p>Pkw mit Pferdeanh\u00e4nger (Archivbild): In Bremen ist ein Pferd kurzzeitig ausgeb\u00fcxt. (Quelle: IMAGO\/Frank Sorge)<\/p>\n<p class=\"font-bold text-18 leading-17 user-text-lg:text-22 user-text-xl:text-24\">Ein frei laufendes Pferd bringt den Verkehr auf der A27 zum Erliegen. Das Tier ist schwer verletzt.<\/p>\n<p class=\"text-18 leading-17 user-text-lg:text-22 user-text-xl:text-24\">Ein frei laufendes Pferd hat am Freitagabend auf der A27 bei Bremen f\u00fcr eine Vollsperrung gesorgt. Das teilte die Polizei Bremen mit.<\/p>\n<p class=\"text-18 leading-17 user-text-lg:text-22 user-text-xl:text-24\">Gegen 18 Uhr meldeten mehrere Autofahrer das Tier den Angaben zufolge auf der Autobahn in Fahrtrichtung Cuxhaven. Es befand sich demnach auf H\u00f6he der Anschlussstelle Vahr. Die Polizei sperrte beide Fahrtrichtungen nach eigenen Angaben. Es sei zu einem erheblichen R\u00fcckstau gekommen.<\/p>\n<p class=\"text-18 leading-17 user-text-lg:text-22 user-text-xl:text-24\">Der Besitzer war nach Angaben der Polizei mit einem Pferdeanh\u00e4nger unterwegs. Er habe das Tier noch vor Eintreffen der Einsatzkr\u00e4fte selbst eingefangen. Das Pferd war schwer verletzt, es wurde laut Polizei zu einem nahegelegenen Rastplatz gef\u00fchrt und dort versorgt.<\/p>\n<p class=\"text-18 leading-17 user-text-lg:text-22 user-text-xl:text-24\">Die Sperrung habe etwa 20 Minuten gedauert. Wie das Pferd auf die Fahrbahn gelangen konnte, ist nach Angaben der Polizei bislang unklar.<\/p>\n","protected":false},"excerpt":{"rendered":"Nahe Bremen Pferd l\u00e4uft auf Fahrbahn: Stau auf Autobahn 04.04.2026 &#8211; 16:21 UhrLesedauer: 1 Min. Pkw mit Pferdeanh\u00e4nger&hellip;\n","protected":false},"author":2,"featured_media":921452,"comment_status":"","ping_status":"","sticky":false,"template":"","format":"standard","meta":{"footnotes":"","_share_on_mastodon":"0"},"categories":[1824],"tags":[722,17161,2420,27353,3364,29,9920,30,18419,201589,121,5716],"class_list":["post-921451","post","type-post","status-publish","format-standard","has-post-thumbnail","category-bremen","tag-722","tag-17161","tag-bremen","tag-cuxhaven","tag-de","tag-deutschland","tag-fahrbahn","tag-germany","tag-naehe","tag-pferdetransporter","tag-polizei","tag-stau"],"share_on_mastodon":{"url":"https:\/\/pubeurope.com\/@de\/116348206998993609","error":""},"_links":{"self":[{"href":"https:\/\/www.europesays.com\/de\/wp-json\/wp\/v2\/posts\/921451","targetHints":{"allow":["GET"]}}],"collection":[{"href":"https:\/\/www.europesays.com\/de\/wp-json\/wp\/v2\/posts"}],"about":[{"href":"https:\/\/www.europesays.com\/de\/wp-json\/wp\/v2\/types\/post"}],"author":[{"embeddable":true,"href":"https:\/\/www.europesays.com\/de\/wp-json\/wp\/v2\/users\/2"}],"replies":[{"embeddable":true,"href":"https:\/\/www.europesays.com\/de\/wp-json\/wp\/v2\/comments?post=921451"}],"version-history":[{"count":0,"href":"https:\/\/www.europesays.com\/de\/wp-json\/wp\/v2\/posts\/921451\/revisions"}],"wp:featuredmedia":[{"embeddable":true,"href":"https:\/\/www.europesays.com\/de\/wp-json\/wp\/v2\/media\/921452"}],"wp:attachment":[{"href":"https:\/\/www.europesays.com\/de\/wp-json\/wp\/v2\/media?parent=921451"}],"wp:term":[{"taxonomy":"category","embeddable":true,"href":"https:\/\/www.europesays.com\/de\/wp-json\/wp\/v2\/categories?post=921451"},{"taxonomy":"post_tag","embeddable":true,"href":"https:\/\/www.europesays.com\/de\/wp-json\/wp\/v2\/tags?post=921451"}],"curies":[{"name":"wp","href":"https:\/\/api.w.org\/{rel}","templated":true}]}}