{"id":921499,"date":"2026-04-04T20:22:15","date_gmt":"2026-04-04T20:22:15","guid":{"rendered":"https:\/\/www.europesays.com\/de\/921499\/"},"modified":"2026-04-04T20:22:15","modified_gmt":"2026-04-04T20:22:15","slug":"ostersonntag-in-berlin-welche-supermaerkte-geoeffnet-haben","status":"publish","type":"post","link":"https:\/\/www.europesays.com\/de\/921499\/","title":{"rendered":"Ostersonntag in Berlin: Welche Superm\u00e4rkte ge\u00f6ffnet haben"},"content":{"rendered":"<p>Einkaufen in Berlin <\/p>\n<p>Diese Superm\u00e4rkte haben Ostersonntag ge\u00f6ffnet<\/p>\n<p>Aktualisiert am 04.04.2026 &#8211; 21:13 UhrLesedauer: 2 Min.<\/p>\n<p><a href=\"#focus-0\" class=\"transition-colors duration-200 block text-current relative\" data-sctrack=\"FocusGalleryImage.Reference\"><img fetchpriority=\"high\" data-testid=\"Opener.Image\" style=\"--lqipURL:url('https:\/\/images.t-online.de\/2026\/04\/4qORaxiR-nBU\/0x209:4000x2250\/fit-in\/150x0\/filters:blur(25)\/ein-osterhase-im-einkaufswagen-archivbild-in-berlin-oeffnen-manche-geschaefte-trotz-der-feiertage.jpg')\"   loading=\"eager\" src=\"https:\/\/www.europesays.com\/de\/wp-content\/uploads\/2026\/04\/ein-osterhase-im-einkaufswagen-archivbild-in-berlin-oeffnen-manche-geschaefte-trotz-der-feiertage.jp.jpeg\" alt=\"Ein Osterhase im Einkaufswagen (Archivbild): In Berlin \u00f6ffnen manche Gesch\u00e4fte trotz der Feiertage.\" title=\"Ein Osterhase im Einkaufswagen (Archivbild): In Berlin \u00f6ffnen manche Gesch\u00e4fte trotz der Feiertage.\" width=\"4000\" height=\"2250\" class=\"bg-[url:var(--lqipURL)] bg-cover bg-center flex h-full w-full max-w-full\" decoding=\"async\"\/><img style=\"--width:32;--height:32\" loading=\"lazy\" src=\"https:\/\/berlin.t-online.de\/s\/paper\/_next\/static\/media\/zoom-in.f7dae02f.svg\" alt=\"Vergr\u00f6\u00dfern des Bildes\" title=\"Vergr\u00f6\u00dfern des Bildes\" class=\"block h-[calc(var(--height)_\/_16_*_1rem)] w-[calc(var(--width)_\/_16_*_1rem)] max-w-none absolute bottom-8 right-8 rounded-4 bg-snow p-8\" decoding=\"async\"\/><\/a><\/p>\n<p>Ein Osterhase im Einkaufswagen (Archivbild): In Berlin \u00f6ffnen manche Gesch\u00e4fte trotz der Feiertage. (Quelle: IMAGO\/Bihlmayerfotografie)<\/p>\n<p class=\"font-bold text-18 leading-17 user-text-lg:text-22 user-text-xl:text-24\">Am Osterwochenende sind die Gesch\u00e4fte in Berlin gr\u00f6\u00dftenteils geschlossen. Doch in einigen Superm\u00e4rkten kann man trotzdem einkaufen. Der \u00dcberblick.<\/p>\n<p class=\"text-18 leading-17 user-text-lg:text-22 user-text-xl:text-24\">Karfreitag, Ostersonntag und Ostermontag sind gesetzliche Feiertage in Berlin. Viele Superm\u00e4rkte und Gesch\u00e4fte bleiben geschlossen \u2013 doch einige haben auch an den Osterfeiertagen ge\u00f6ffnet. Das Berliner Laden\u00f6ffnungsgesetz erlaubt bestimmten Verkaufsstellen den Betrieb an Sonn- und Feiertagen.<\/p>\n<p class=\"text-18 leading-17 user-text-lg:text-22 user-text-xl:text-24\">Der Karsamstag (Ostersamstag) ist hingegen kein gesetzlicher Feiertag. Superm\u00e4rkte und Gesch\u00e4fte in Berlin k\u00f6nnen daher regul\u00e4r \u00f6ffnen, es gelten keine Einschr\u00e4nkungen bei den \u00d6ffnungszeiten.<\/p>\n<p class=\"text-18 leading-17 user-text-lg:text-22 user-text-xl:text-24\">Besondere Verkaufsstellen wie Tankstellen, Apotheken sowie Shops in Bahnh\u00f6fen, Flugh\u00e4fen und Reisebusterminals d\u00fcrfen auch an den Osterfeiertagen \u00f6ffnen und ihr gesamtes Sortiment anbieten. Gesch\u00e4fte mit Tourismusbedarf \u2013 etwa f\u00fcr Andenken oder Stadtpl\u00e4ne \u2013 d\u00fcrfen an Sonn- und Feiertagen von 13 bis 20 Uhr \u00f6ffnen, sofern sie diese Waren auch an allen anderen Tagen der Woche verkaufen. Blumenl\u00e4den, Zeitungsgesch\u00e4fte und B\u00e4ckereien k\u00f6nnen an Sonn- und Feiertagen von 7 bis 16 Uhr \u00f6ffnen.<\/p>\n<p class=\"text-18 leading-17 user-text-lg:text-22 user-text-xl:text-24\">Die hier aufgef\u00fchrten \u00d6ffnungszeiten beziehen sich auf Angaben der Websites der jeweiligen Supermarkt-Kette:<\/p>\n","protected":false},"excerpt":{"rendered":"Einkaufen in Berlin Diese Superm\u00e4rkte haben Ostersonntag ge\u00f6ffnet Aktualisiert am 04.04.2026 &#8211; 21:13 UhrLesedauer: 2 Min. Ein Osterhase&hellip;\n","protected":false},"author":2,"featured_media":921500,"comment_status":"","ping_status":"","sticky":false,"template":"","format":"standard","meta":{"footnotes":"","_share_on_mastodon":"0"},"categories":[1825],"tags":[3277,296,29,1024,13788,2415,1951,30,643,1952,4116,10838,21768,5224,2454,10685,8984,872,925],"class_list":["post-921499","post","type-post","status-publish","format-standard","has-post-thumbnail","category-berlin","tag-apotheke","tag-berlin","tag-deutschland","tag-edeka","tag-einkaufswagen","tag-feiertag","tag-friedrichstrasse","tag-germany","tag-karfreitag","tag-lichtenberg","tag-oeffnungszeit","tag-osterfeiertag","tag-osterhase","tag-ostermontag","tag-ostern","tag-ostersonntag","tag-osterwochenende","tag-rewe","tag-supermarkt"],"share_on_mastodon":{"url":"https:\/\/pubeurope.com\/@de\/116348305354892853","error":""},"_links":{"self":[{"href":"https:\/\/www.europesays.com\/de\/wp-json\/wp\/v2\/posts\/921499","targetHints":{"allow":["GET"]}}],"collection":[{"href":"https:\/\/www.europesays.com\/de\/wp-json\/wp\/v2\/posts"}],"about":[{"href":"https:\/\/www.europesays.com\/de\/wp-json\/wp\/v2\/types\/post"}],"author":[{"embeddable":true,"href":"https:\/\/www.europesays.com\/de\/wp-json\/wp\/v2\/users\/2"}],"replies":[{"embeddable":true,"href":"https:\/\/www.europesays.com\/de\/wp-json\/wp\/v2\/comments?post=921499"}],"version-history":[{"count":0,"href":"https:\/\/www.europesays.com\/de\/wp-json\/wp\/v2\/posts\/921499\/revisions"}],"wp:featuredmedia":[{"embeddable":true,"href":"https:\/\/www.europesays.com\/de\/wp-json\/wp\/v2\/media\/921500"}],"wp:attachment":[{"href":"https:\/\/www.europesays.com\/de\/wp-json\/wp\/v2\/media?parent=921499"}],"wp:term":[{"taxonomy":"category","embeddable":true,"href":"https:\/\/www.europesays.com\/de\/wp-json\/wp\/v2\/categories?post=921499"},{"taxonomy":"post_tag","embeddable":true,"href":"https:\/\/www.europesays.com\/de\/wp-json\/wp\/v2\/tags?post=921499"}],"curies":[{"name":"wp","href":"https:\/\/api.w.org\/{rel}","templated":true}]}}