{"id":92150,"date":"2025-05-07T17:34:12","date_gmt":"2025-05-07T17:34:12","guid":{"rendered":"https:\/\/www.europesays.com\/de\/92150\/"},"modified":"2025-05-07T17:34:12","modified_gmt":"2025-05-07T17:34:12","slug":"brandenburg-berlin-naturschutz-eule-bekommt-neues-design-zum-75-geburtstag","status":"publish","type":"post","link":"https:\/\/www.europesays.com\/de\/92150\/","title":{"rendered":"Brandenburg Berlin: &#8222;Naturschutz-Eule&#8220; bekommt neues Design zum 75. Geburtstag"},"content":{"rendered":"<p class=\"metatextline\">Stand: 07.05.2025 19:29 Uhr<\/p>\n<p class=\"textabsatz columns twelve  m-ten  m-offset-one l-eight l-offset-two\">\n        <strong>Seit Jahrzehnten gilt sie als Symbol f\u00fcr den Schutz der Natur &#8211; jetzt erh\u00e4lt die einst in der DDR entworfene &#8222;Naturschutz-Eule&#8220; ein neues Design. Das Umweltministerium m\u00f6chte damit &#8222;neuen Sehgewohnheiten&#8220; Rechnung tragen.<\/strong>\n    <\/p>\n<p class=\"textabsatz m-ten m-offset-one l-eight l-offset-two columns twelve\">\nEin gelbes Schild mit einer Eule &#8211; so sind in Brandenburg viele Naturschutzgebiete gekennzeichnet. Die sogenannte &#8222;Naturschutz-Eule&#8220; wird in diesem Jahr 75 &#8211; und bekommt nun ein neues Design. Das teilte das Brandenburger Umweltministerium am Mittwoch mit.<br \/>\u00a0<br \/>Studenten der Hochschule f\u00fcr angewandte Wissenschaft und Kunst Hildesheim haben nach Angaben des Ministeriums in den letzten Monaten unter Leitung ihres aus dem Landkreis Barnim stammenden Professors Christian Mahler ein neues Design f\u00fcr die Eule entwickelt, das auch in der Zukunft als Symbol f\u00fcr den Naturschutz stehen soll. Sie haben der Eule gr\u00f6\u00dfere Augen verpasst und die Linienf\u00fchrung dynamischer gezeichnet.<\/p>\n<p>            <img loading=\"lazy\" decoding=\"async\" class=\"ts-image\" src=\"https:\/\/www.europesays.com\/de\/wp-content\/uploads\/2025\/05\/rbb-audio-antenne-brandenburg-18-02-2025-philipp-gerstner-102.jpg\" alt=\"Eine Naturschutzschild ist am 27.04.2021 an einem Baum in einem Naturschutzgebiet am Kleinsee bei Tauer in Brandenburg angebracht. (Quelle: Picture Alliance\/Andreas Franke)\" title=\"Audio: Antenne Brandenburg | 18.02.2025 | Philipp Gerstner  | Picture Alliance\/Andreas Franke\"\/><\/p>\n<p>Schild mit &#8222;Naturschutz-Eule&#8220; wird 75 Jahre alt<\/p>\n<p>            Nach dem Zweiten Weltkrieg fing ein Ehepaar aus dem Oderland damit an, sich f\u00fcr den Schutz von Tieren und Umwelt zu engagieren. Noch heute ist das gelbe Schild mit der Eule in W\u00e4ldern, Mooren oder an Wiesen zu finden. Das soll nun gew\u00fcrdigt werden.<a href=\"https:\/\/www.rbb24.de\/panorama\/beitrag\/2025\/02\/naturschutz-umwelt-eule-schild-75jahre-badfreienwalde-oderland-brandenburg.html\" title=\"mehr\" class=\"textlink--extern\" target=\"_blank\" rel=\"noopener nofollow\">mehr<\/a><\/p>\n<p>    &#8222;Entspricht modernen Sehgewohnheiten&#8220;<\/p>\n<p class=\"textabsatz m-ten m-offset-one l-eight l-offset-two columns twelve\">\n&#8222;Das Symbol entspricht den modernen Sehgewohnheiten und kann seine Erfolgsgeschichte als Zeichen f\u00fcr den Naturschutz fortschreiben&#8220;, erkl\u00e4rte Staatssekret\u00e4r Gregor Beyer. Der Erlass, der die Details des k\u00fcnftigen Einsatzes der Eule regeln soll und die bisherigen Vorgaben ersetzt, werde nun erarbeitet.<br \/>\u00a0<br \/>Nach Angaben des Umweltministeriums haben die ostdeutschen <a href=\"https:\/\/www.rbb24.de\/panorama\/beitrag\/2025\/02\/naturschutz-umwelt-eule-schild-75jahre-badfreienwalde-oderland-brandenburg.html\" title=\"Naturschutzpioniere Erna und Kurt Kretschmann\" class=\"textlink--extern\" target=\"_blank\" rel=\"noopener nofollow\">Naturschutzpioniere Erna und Kurt Kretschmann<\/a> aus Bad Freienwalde die &#8222;Naturschutz-Eule&#8220; entworfen. Das 1950 entwickelte Logo habe in der DDR seit 1954 als Zeichen f\u00fcr Natur- und Landschaftsschutzgebiete sowie f\u00fcr gesch\u00fctzte Parks, Geh\u00f6lze und Naturdenkmale gegolten. In der bis heute bekanntesten Form steht die Eule auf einem gelben, f\u00fcnfeckigen Schild, der nach oben hin spitzwinkelig endete.<br \/>\u00a0<br \/>&#8222;Kurt Kretschmann hat es geschafft, dass dieses Symbol deutschlandweit g\u00fcltig ist&#8220;, sagte Katrin Bosse vom Haus der Naturpflege in Bad Freienwalde. Es ist der Wirkungsort der Kretschmanns und die \u00e4lteste Umweltbildungseinrichtung Deutschlands.<br \/>\u00a0<br \/>Im Rahmen der Wiedervereinigung Deutschlands beschloss die Umweltministerkonferenz, das Eulensymbol auf dem Gebiet der ehemaligen DDR weiterzuverwenden. Au\u00dferdem wurde angeregt, das Symbol der Waldohreule in ganz Deutschland einzuf\u00fchren. Diese Anregung wurde laut Mitteilung des Umweltministeriums von einigen westdeutschen Bundesl\u00e4ndern aufgegriffen, wobei es L\u00e4ndersache blieb, wie ein k\u00fcnftiges Eulenlogo gestaltet sein sollte. In Westdeutschland wurde seit 1954 der Seeadler in einem gr\u00fcnen Dreiecksschild als Symbol f\u00fcr den Naturschutz verwendet.<\/p>\n<p class=\"textabsatz m-ten m-offset-one l-eight l-offset-two columns twelve\">\nSendung:<\/p>\n<p>                                        <a class=\"backlink__link\" href=\"https:\/\/www.rbb24.de\/panorama\/beitrag\/2025\/05\/naturschutzeule-neues-design-75-jahre-naturschutz-symbol.html\" rel=\"nofollow noopener\" target=\"_blank\"><\/p>\n<p>                                                <img loading=\"lazy\" decoding=\"async\" alt=\"Rundfunk Berlin-Brandenburg\" src=\"https:\/\/www.europesays.com\/de\/wp-content\/uploads\/2025\/04\/1745108282_195_lra-rbb-logo-100.svg.svg+xml\" height=\"40\" width=\"40\"\/><\/p>\n<p>                                        <\/a><\/p>\n","protected":false},"excerpt":{"rendered":"Stand: 07.05.2025 19:29 Uhr Seit Jahrzehnten gilt sie als Symbol f\u00fcr den Schutz der Natur &#8211; jetzt erh\u00e4lt&hellip;\n","protected":false},"author":2,"featured_media":92151,"comment_status":"","ping_status":"","sticky":false,"template":"","format":"standard","meta":{"footnotes":""},"categories":[1816],"tags":[1960,1958,1959,1957,296,1956,1890,29,30,2239],"class_list":{"0":"post-92150","1":"post","2":"type-post","3":"status-publish","4":"format-standard","5":"has-post-thumbnail","7":"category-brandenburg","8":"tag-aktuelle-nachrichten-aus-berlin-und-brandenburg","9":"tag-aktuelle-nachrichten-aus-brandenburg","10":"tag-aktuelle-news-aus-berlin-und-brandenburg","11":"tag-aktuelle-news-aus-brandenburg","12":"tag-berlin","13":"tag-berlin-und-brandenburg","14":"tag-brandenburg","15":"tag-deutschland","16":"tag-germany","17":"tag-rbb"},"share_on_mastodon":{"url":"https:\/\/pubeurope.com\/@de\/114467757844013240","error":""},"_links":{"self":[{"href":"https:\/\/www.europesays.com\/de\/wp-json\/wp\/v2\/posts\/92150","targetHints":{"allow":["GET"]}}],"collection":[{"href":"https:\/\/www.europesays.com\/de\/wp-json\/wp\/v2\/posts"}],"about":[{"href":"https:\/\/www.europesays.com\/de\/wp-json\/wp\/v2\/types\/post"}],"author":[{"embeddable":true,"href":"https:\/\/www.europesays.com\/de\/wp-json\/wp\/v2\/users\/2"}],"replies":[{"embeddable":true,"href":"https:\/\/www.europesays.com\/de\/wp-json\/wp\/v2\/comments?post=92150"}],"version-history":[{"count":0,"href":"https:\/\/www.europesays.com\/de\/wp-json\/wp\/v2\/posts\/92150\/revisions"}],"wp:featuredmedia":[{"embeddable":true,"href":"https:\/\/www.europesays.com\/de\/wp-json\/wp\/v2\/media\/92151"}],"wp:attachment":[{"href":"https:\/\/www.europesays.com\/de\/wp-json\/wp\/v2\/media?parent=92150"}],"wp:term":[{"taxonomy":"category","embeddable":true,"href":"https:\/\/www.europesays.com\/de\/wp-json\/wp\/v2\/categories?post=92150"},{"taxonomy":"post_tag","embeddable":true,"href":"https:\/\/www.europesays.com\/de\/wp-json\/wp\/v2\/tags?post=92150"}],"curies":[{"name":"wp","href":"https:\/\/api.w.org\/{rel}","templated":true}]}}