{"id":921512,"date":"2026-04-04T20:32:15","date_gmt":"2026-04-04T20:32:15","guid":{"rendered":"https:\/\/www.europesays.com\/de\/921512\/"},"modified":"2026-04-04T20:32:15","modified_gmt":"2026-04-04T20:32:15","slug":"rtl-jurorin-isi-glueck-entfacht-diskussionen-mit-outfits","status":"publish","type":"post","link":"https:\/\/www.europesays.com\/de\/921512\/","title":{"rendered":"RTL-Jurorin Isi Gl\u00fcck entfacht Diskussionen mit Outfits"},"content":{"rendered":"<p class=\"text-18 leading-17 user-text-lg:text-22 user-text-xl:text-24\">Viele Zuschauer fanden die Looks unpassend f\u00fcr die Sendung. &#8222;Ich dachte, sie soll mit Fachwissen gl\u00e4nzen, nicht mit Offenherzigkeit&#8220;, urteilte ein User beim Kurznachrichtendienst X. &#8222;Meine G\u00fcte, muss die Isi da so auflaufen?&#8220;, &#8222;Muss sie die ganze Zeit halbnackt sein?&#8220;, &#8222;Warum kann sie sich keine richtige Hose anziehen?&#8220; oder &#8222;Isi sieht einfach nur billig aus&#8220; ist ebenfalls zu lesen.<\/p>\n<p class=\"text-18 leading-17 user-text-lg:text-22 user-text-xl:text-24\">Auch mit ihren Bewertungen der Kandidaten konnte die Ballermanns\u00e4ngerin beim Publikum nicht punkten. &#8222;Isi Gl\u00fcck sagt nichts Gescheites&#8220;, &#8222;Eine absolute Fehlbesetzung&#8220; und &#8222;Wer hat die vom Ballermann weg geholt?&#8220; lauten weitere der vielen Kommentare.<\/p>\n","protected":false},"excerpt":{"rendered":"Viele Zuschauer fanden die Looks unpassend f\u00fcr die Sendung. &#8222;Ich dachte, sie soll mit Fachwissen gl\u00e4nzen, nicht mit&hellip;\n","protected":false},"author":2,"featured_media":921513,"comment_status":"","ping_status":"","sticky":false,"template":"","format":"standard","meta":{"footnotes":"","_share_on_mastodon":"0"},"categories":[155],"tags":[3015,13723,29,10062,11704,214,30,152,201632,640,215],"class_list":["post-921512","post","type-post","status-publish","format-standard","has-post-thumbnail","category-unterhaltung","tag-ballermann","tag-castingshow","tag-deutschland","tag-dieter-bohlen","tag-dsds","tag-entertainment","tag-germany","tag-instagram","tag-megapark","tag-rtl","tag-unterhaltung"],"share_on_mastodon":{"url":"https:\/\/pubeurope.com\/@de\/116348344768999882","error":""},"_links":{"self":[{"href":"https:\/\/www.europesays.com\/de\/wp-json\/wp\/v2\/posts\/921512","targetHints":{"allow":["GET"]}}],"collection":[{"href":"https:\/\/www.europesays.com\/de\/wp-json\/wp\/v2\/posts"}],"about":[{"href":"https:\/\/www.europesays.com\/de\/wp-json\/wp\/v2\/types\/post"}],"author":[{"embeddable":true,"href":"https:\/\/www.europesays.com\/de\/wp-json\/wp\/v2\/users\/2"}],"replies":[{"embeddable":true,"href":"https:\/\/www.europesays.com\/de\/wp-json\/wp\/v2\/comments?post=921512"}],"version-history":[{"count":0,"href":"https:\/\/www.europesays.com\/de\/wp-json\/wp\/v2\/posts\/921512\/revisions"}],"wp:featuredmedia":[{"embeddable":true,"href":"https:\/\/www.europesays.com\/de\/wp-json\/wp\/v2\/media\/921513"}],"wp:attachment":[{"href":"https:\/\/www.europesays.com\/de\/wp-json\/wp\/v2\/media?parent=921512"}],"wp:term":[{"taxonomy":"category","embeddable":true,"href":"https:\/\/www.europesays.com\/de\/wp-json\/wp\/v2\/categories?post=921512"},{"taxonomy":"post_tag","embeddable":true,"href":"https:\/\/www.europesays.com\/de\/wp-json\/wp\/v2\/tags?post=921512"}],"curies":[{"name":"wp","href":"https:\/\/api.w.org\/{rel}","templated":true}]}}