{"id":921655,"date":"2026-04-04T22:04:16","date_gmt":"2026-04-04T22:04:16","guid":{"rendered":"https:\/\/www.europesays.com\/de\/921655\/"},"modified":"2026-04-04T22:04:16","modified_gmt":"2026-04-04T22:04:16","slug":"china-richtet-wegen-drogenhandels-verurteilten-franzosen-hin-aussenministerium-bestuerzt","status":"publish","type":"post","link":"https:\/\/www.europesays.com\/de\/921655\/","title":{"rendered":"China richtet wegen Drogenhandels verurteilten Franzosen hin \u2013 Au\u00dfenministerium \u201ebest\u00fcrzt\u201c"},"content":{"rendered":"<p class=\"is-first-paragraph\" data-external=\"Article.FirstParagraph\">In China ist ein wegen Drogenhandels verurteilter Franzose hingerichtet worden. Der 62-j\u00e4hrige Chan Thao Phoumy sei am Samstag im S\u00fcden Chinas hingerichtet worden, teilte das franz\u00f6sische Au\u00dfenministerium am Abend mit \u201eBest\u00fcrzung\u201c mit. Die Todesstrafe sei \u201etrotz der Mobilisierung der franz\u00f6sischen Beh\u00f6rden, einschlie\u00dflich der Bem\u00fchungen, aus humanit\u00e4ren Gr\u00fcnden eine Gnadenentscheidung zugunsten unseres Landsmannes zu erwirken\u201c vollstreckt worden.<\/p>\n<p>Der in Laos geborene Franzose war 2010 in China wegen Drogenschmuggels zum Tode verurteilt worden, nachdem er nach seiner Festnahme 2005 zun\u00e4chst zu lebenslanger Haft verurteilt worden war. Ihm wurde vorgeworfen, zwischen 1999 und 2003 an der Herstellung von Tonnen synthetischer Drogen in China beteiligt gewesen zu sein.<\/p>\n<p>Das franz\u00f6sische Au\u00dfenministerium bekr\u00e4ftigte die Ablehnung der Todesstrafe durch Frankreich \u201e\u00fcberall und unter allen Umst\u00e4nden\u201c und rief zu ihrer weltweiten Abschaffung auf. Laut der Menschenrechtsorganisation Amnesty International werden in China jedes Jahr \u201etausende Menschen zum Tode verurteilt und exekutiert\u201c. China selbst ver\u00f6ffentlicht keine Zahlen.<\/p>\n","protected":false},"excerpt":{"rendered":"In China ist ein wegen Drogenhandels verurteilter Franzose hingerichtet worden. Der 62-j\u00e4hrige Chan Thao Phoumy sei am Samstag&hellip;\n","protected":false},"author":2,"featured_media":921656,"comment_status":"","ping_status":"","sticky":false,"template":"","format":"standard","meta":{"footnotes":"","_share_on_mastodon":"0"},"categories":[3],"tags":[59322,227,13,169731,14,15,110,12,45,832,10,8,9,11,64,103,104],"class_list":["post-921655","post","type-post","status-publish","format-standard","has-post-thumbnail","category-welt","tag-dynastien","tag-china","tag-headlines","tag-hinrichtungen-ks","tag-nachrichten","tag-news","tag-newsteam","tag-schlagzeilen","tag-texttospeech","tag-todesstrafe","tag-top-news","tag-top-meldungen","tag-topmeldungen","tag-topnews","tag-usa","tag-welt","tag-world"],"share_on_mastodon":{"url":"https:\/\/pubeurope.com\/@de\/116348706386797864","error":""},"_links":{"self":[{"href":"https:\/\/www.europesays.com\/de\/wp-json\/wp\/v2\/posts\/921655","targetHints":{"allow":["GET"]}}],"collection":[{"href":"https:\/\/www.europesays.com\/de\/wp-json\/wp\/v2\/posts"}],"about":[{"href":"https:\/\/www.europesays.com\/de\/wp-json\/wp\/v2\/types\/post"}],"author":[{"embeddable":true,"href":"https:\/\/www.europesays.com\/de\/wp-json\/wp\/v2\/users\/2"}],"replies":[{"embeddable":true,"href":"https:\/\/www.europesays.com\/de\/wp-json\/wp\/v2\/comments?post=921655"}],"version-history":[{"count":0,"href":"https:\/\/www.europesays.com\/de\/wp-json\/wp\/v2\/posts\/921655\/revisions"}],"wp:featuredmedia":[{"embeddable":true,"href":"https:\/\/www.europesays.com\/de\/wp-json\/wp\/v2\/media\/921656"}],"wp:attachment":[{"href":"https:\/\/www.europesays.com\/de\/wp-json\/wp\/v2\/media?parent=921655"}],"wp:term":[{"taxonomy":"category","embeddable":true,"href":"https:\/\/www.europesays.com\/de\/wp-json\/wp\/v2\/categories?post=921655"},{"taxonomy":"post_tag","embeddable":true,"href":"https:\/\/www.europesays.com\/de\/wp-json\/wp\/v2\/tags?post=921655"}],"curies":[{"name":"wp","href":"https:\/\/api.w.org\/{rel}","templated":true}]}}