{"id":922311,"date":"2026-04-05T05:10:20","date_gmt":"2026-04-05T05:10:20","guid":{"rendered":"https:\/\/www.europesays.com\/de\/922311\/"},"modified":"2026-04-05T05:10:20","modified_gmt":"2026-04-05T05:10:20","slug":"viertelfinale-im-fa-cup-arsenal-verliert-bei-zweitligist-southampton","status":"publish","type":"post","link":"https:\/\/www.europesays.com\/de\/922311\/","title":{"rendered":"Viertelfinale im FA Cup: Arsenal verliert bei Zweitligist Southampton"},"content":{"rendered":"<p>            <img loading=\"lazy\" decoding=\"async\" class=\"ts-image\" src=\"https:\/\/www.europesays.com\/de\/wp-content\/uploads\/2026\/04\/havertz-arsenal-104.jpg\" alt=\"Arsenals Kai Havertz bei der Pokal-Pleite in Southampton\" title=\"Arsenals Kai Havertz bei der Pokal-Pleite in Southampton | Action Images via Reuters\/Matthew Childs\"\/><\/p>\n<p class=\"metatextline\">Stand: 04.04.2026 \u2022 23:45 Uhr<\/p>\n<p class=\"article-head__shorttext\">\n        <strong>Der FC Arsenal hat sich im Viertelfinale des FA Cup \u00fcberraschend beim Zweitligisten FC Southampton verabschiedet. <\/strong>\n    <\/p>\n<p class=\"textabsatz m-ten m-offset-one l-eight l-offset-two columns twelve\">Der Tabellenf\u00fchrer der Premier League verlor beim Siebten der Championship mit 1:2. F\u00fcr die &#8222;Gunners&#8220;, die vor zwei Wochen das Finale im EFL Cup gegen Manchester City verloren, ist damit schon der zweite von vier m\u00f6glichen Titeln in dieser Saison futsch.<\/p>\n<ul class=\"buttongroup buttongroup--copytext\">\n<li class=\"buttongroup__item\">\n<p>    <a class=\"btn btn--text btn--standard-secondary btn--fullwidth\" href=\"https:\/\/www.sportschau.de\/live-und-ergebnisse\/fussball\/england-fa-cup\/spiele-und-ergebnisse\" rel=\"nofollow noopener\" target=\"_blank\"><br \/>\n        Viertelfinale<\/p>\n<p>  Pfeil rechts<\/p>\n<p>    <\/a>\n<\/li>\n<\/ul>\n<p>    Southampton \u00fcberrascht Arsenal<\/p>\n<p class=\"textabsatz m-ten m-offset-one l-eight l-offset-two columns twelve\">Ross Steward brachte den Underdog in der 35. Minute in F\u00fchrung. Der eingewechselte Viktor Gy\u00f6keres sorgte nach starker Vorarbeit von Kai Havertz zwischenzeitlich f\u00fcr den Ausgleich der &#8222;Gunners&#8220; (68.). Shea Charles sorgte f\u00fcr den sp\u00e4ten Siegtreffer (85.) f\u00fcr die Saints um den deutschen Teammanager Tonda Eckert. Der Zweitligist aus Southampton hielt damit seine Serie von 15 Spielen ohne Niederlage. ausbaute.<\/p>\n<p class=\"textabsatz m-ten m-offset-one l-eight l-offset-two columns twelve\">Drei Tage vor dem Viertelfinal-Hinspiel in der Champions League bei Sporting bot Arsenal-Teammanager Mikel Arteta keinesfalls eine B-Elf auf. Arsenal war spielbestimmend, die Saints jedoch zielstrebiger. Southampton-Keeper Daniel Peretz, eine Leihgabe vom FC Bayern, hielt mehrmals gl\u00e4nzend und hatte gro\u00dfen Anteil an der Pokal-\u00dcberraschung.<\/p>\n","protected":false},"excerpt":{"rendered":"Stand: 04.04.2026 \u2022 23:45 Uhr Der FC Arsenal hat sich im Viertelfinale des FA Cup \u00fcberraschend beim Zweitligisten&hellip;\n","protected":false},"author":2,"featured_media":922312,"comment_status":"","ping_status":"","sticky":false,"template":"","format":"standard","meta":{"footnotes":"","_share_on_mastodon":"0"},"categories":[136],"tags":[29,1408,10398,347,30,265],"class_list":["post-922311","post","type-post","status-publish","format-standard","has-post-thumbnail","category-sport","tag-deutschland","tag-fa-cup","tag-fc-arsenal","tag-fussball","tag-germany","tag-sport"],"share_on_mastodon":{"url":"https:\/\/pubeurope.com\/@de\/116350381431190844","error":""},"_links":{"self":[{"href":"https:\/\/www.europesays.com\/de\/wp-json\/wp\/v2\/posts\/922311","targetHints":{"allow":["GET"]}}],"collection":[{"href":"https:\/\/www.europesays.com\/de\/wp-json\/wp\/v2\/posts"}],"about":[{"href":"https:\/\/www.europesays.com\/de\/wp-json\/wp\/v2\/types\/post"}],"author":[{"embeddable":true,"href":"https:\/\/www.europesays.com\/de\/wp-json\/wp\/v2\/users\/2"}],"replies":[{"embeddable":true,"href":"https:\/\/www.europesays.com\/de\/wp-json\/wp\/v2\/comments?post=922311"}],"version-history":[{"count":0,"href":"https:\/\/www.europesays.com\/de\/wp-json\/wp\/v2\/posts\/922311\/revisions"}],"wp:featuredmedia":[{"embeddable":true,"href":"https:\/\/www.europesays.com\/de\/wp-json\/wp\/v2\/media\/922312"}],"wp:attachment":[{"href":"https:\/\/www.europesays.com\/de\/wp-json\/wp\/v2\/media?parent=922311"}],"wp:term":[{"taxonomy":"category","embeddable":true,"href":"https:\/\/www.europesays.com\/de\/wp-json\/wp\/v2\/categories?post=922311"},{"taxonomy":"post_tag","embeddable":true,"href":"https:\/\/www.europesays.com\/de\/wp-json\/wp\/v2\/tags?post=922311"}],"curies":[{"name":"wp","href":"https:\/\/api.w.org\/{rel}","templated":true}]}}