{"id":922330,"date":"2026-04-05T05:23:14","date_gmt":"2026-04-05T05:23:14","guid":{"rendered":"https:\/\/www.europesays.com\/de\/922330\/"},"modified":"2026-04-05T05:23:14","modified_gmt":"2026-04-05T05:23:14","slug":"so-wird-ostern-in-anderen-laendern-gefeiert","status":"publish","type":"post","link":"https:\/\/www.europesays.com\/de\/922330\/","title":{"rendered":"So wird Ostern in anderen L\u00e4ndern gefeiert"},"content":{"rendered":"<p class=\"text_ohne_einzug richtext text-em-55 !leading-serif mx-6 desktop:mx-0\">Das Sch\u00f6ne an Festen sind oft die Traditionen, die kleinen Rituale und Feierlichkeiten, die den Alltag unterbrechen und f\u00fcr gute Erinnerungen sorgen \u2013 doch wie diese aussehen, h\u00e4ngt stark davon ab, wo man aufgewachsen ist. W\u00e4hrend hierzulande in vielen Haushalten die kunterbunten Eier im Garten nicht fehlen d\u00fcrfen und Osterl\u00e4mmchen oder der Osterzopf die Kaffeetafel vers\u00fc\u00dfen, geh\u00f6ren in anderen Regionen der Welt Krimis oder Wasser fest zu den Feiertagen dazu. Drei T\u00e4nzerinnen und T\u00e4nzer vom Theater M\u00f6nchengladbach berichten, wie die Feiertage in ihren Heimatl\u00e4ndern verbracht werden.<\/p>\n","protected":false},"excerpt":{"rendered":"Das Sch\u00f6ne an Festen sind oft die Traditionen, die kleinen Rituale und Feierlichkeiten, die den Alltag unterbrechen und&hellip;\n","protected":false},"author":2,"featured_media":922331,"comment_status":"","ping_status":"","sticky":false,"template":"","format":"standard","meta":{"footnotes":"","_share_on_mastodon":"0"},"categories":[1849],"tags":[194520,3364,29,548,663,3934,30,201779,13,9559,4455,14,15,1209,913,2454,12,18850,142413],"class_list":["post-922330","post","type-post","status-publish","format-standard","has-post-thumbnail","category-moenchengladbach","tag-berghuette","tag-de","tag-deutschland","tag-eu","tag-europa","tag-europe","tag-germany","tag-hay","tag-headlines","tag-krimis","tag-moenchengladbach","tag-nachrichten","tag-news","tag-nordrhein-westfalen","tag-norwegen","tag-ostern","tag-schlagzeilen","tag-schokolade","tag-skifahren"],"share_on_mastodon":{"url":"https:\/\/pubeurope.com\/@de\/116350432619995108","error":""},"_links":{"self":[{"href":"https:\/\/www.europesays.com\/de\/wp-json\/wp\/v2\/posts\/922330","targetHints":{"allow":["GET"]}}],"collection":[{"href":"https:\/\/www.europesays.com\/de\/wp-json\/wp\/v2\/posts"}],"about":[{"href":"https:\/\/www.europesays.com\/de\/wp-json\/wp\/v2\/types\/post"}],"author":[{"embeddable":true,"href":"https:\/\/www.europesays.com\/de\/wp-json\/wp\/v2\/users\/2"}],"replies":[{"embeddable":true,"href":"https:\/\/www.europesays.com\/de\/wp-json\/wp\/v2\/comments?post=922330"}],"version-history":[{"count":0,"href":"https:\/\/www.europesays.com\/de\/wp-json\/wp\/v2\/posts\/922330\/revisions"}],"wp:featuredmedia":[{"embeddable":true,"href":"https:\/\/www.europesays.com\/de\/wp-json\/wp\/v2\/media\/922331"}],"wp:attachment":[{"href":"https:\/\/www.europesays.com\/de\/wp-json\/wp\/v2\/media?parent=922330"}],"wp:term":[{"taxonomy":"category","embeddable":true,"href":"https:\/\/www.europesays.com\/de\/wp-json\/wp\/v2\/categories?post=922330"},{"taxonomy":"post_tag","embeddable":true,"href":"https:\/\/www.europesays.com\/de\/wp-json\/wp\/v2\/tags?post=922330"}],"curies":[{"name":"wp","href":"https:\/\/api.w.org\/{rel}","templated":true}]}}