{"id":922353,"date":"2026-04-05T05:41:16","date_gmt":"2026-04-05T05:41:16","guid":{"rendered":"https:\/\/www.europesays.com\/de\/922353\/"},"modified":"2026-04-05T05:41:16","modified_gmt":"2026-04-05T05:41:16","slug":"russland-und-ukraine-haben-neuen-schattenkrieg-schauplatz","status":"publish","type":"post","link":"https:\/\/www.europesays.com\/de\/922353\/","title":{"rendered":"Russland und Ukraine haben neuen Schattenkrieg-Schauplatz"},"content":{"rendered":"<p>Empfohlener externer Inhalt<img style=\"--height:24\" loading=\"lazy\" src=\"https:\/\/www.t-online.de\/s\/paper\/_next\/static\/media\/twitter.03437b71.svg\" alt=\"X\" title=\"X\" class=\"block h-[calc(var(--height)_\/_16_*_1rem)] w-[calc(var(--width)_\/_16_*_1rem)] max-w-none undefined\" decoding=\"async\"\/>X<\/p>\n<p class=\"text-14 leading-15\">Wir ben\u00f6tigen Ihre Einwilligung, um den von unserer Redaktion eingebundenen X-Inhalt anzuzeigen. Sie k\u00f6nnen diesen (und damit auch alle weiteren X-Inhalte auf t-online.de) mit einem Klick anzeigen lassen und auch wieder deaktivieren.<\/p>\n<p>X-Inhalte immer anzeigen<\/p>\n<p>Ich bin damit einverstanden, dass mir externe Inhalte angezeigt werden. Damit k\u00f6nnen personenbezogene Daten an Drittplattformen \u00fcbermittelt werden. <a target=\"_blank\" class=\"transition-colors duration-200 cursor-pointer text-inherit no-underline text-magenta\" href=\"https:\/\/www.t-online.de\/datenschutz\/id_88397036\/index#17-externe-inhalte\" rel=\"nofollow noopener\">Mehr dazu in unseren Datenschutzhinweisen<\/a>.<\/p>\n<p class=\"text-18 leading-17 user-text-lg:text-22 user-text-xl:text-24\">Besondere Brisanz erh\u00e4lt der Angriff auf die &#8222;Kendil&#8220; durch Berichte des russischen Journalisten Alexander Newsorow und des russischen Oppositionsmediums &#8222;Charter97&#8220;, laut denen hochrangige Vertreter des russischen Milit\u00e4rgeheimdienstes GRU an Bord gewesen sein sollen.<\/p>\n<p class=\"text-18 leading-17 user-text-lg:text-22 user-text-xl:text-24\">Mehrere russische Geheimdienstvertreter sollen laut &#8222;RFI&#8220;-Recherchen bei dem Angriff im Dezember ums Leben gekommen sein, unter ihnen auch General Andrej Awerjanow. Der Milit\u00e4r gilt als Kommandeur der GRU-Einheit 29155, die mit verdeckten Operationen, Sabotageakten und Anschlagsversuchen in Europa in Verbindung gebracht wird.<\/p>\n<p class=\"text-18 leading-17 user-text-lg:text-22 user-text-xl:text-24\">Er steht auf europ\u00e4ischen Sanktionslisten und gilt au\u00dferdem als Schl\u00fcsselfigur russischer Aktivit\u00e4ten in Afrika, wo Russland seinen Einfluss \u00fcber sogenannte &#8222;Afrika Corps&#8220;\u2011Strukturen ausbauen will. Das &#8222;Afrika Corps&#8220; ist der inoffizielle Nachfolger der S\u00f6ldnergruppe Wagner, Awerjanow galt laut verschiedener Medienberichte als Chef der Truppe. Ob er bei dem Angriff wirklich ums Leben kam, ist nicht bekannt, weder ukrainische noch russische Stellen machten dazu eine Angabe.<\/p>\n<p class=\"text-18 leading-17 user-text-lg:text-22 user-text-xl:text-24\">Dem &#8222;RFI&#8220;-Bericht zufolge sollen die ukrainischen Soldaten seit Ende 2025 in der Luftwaffenakademie Misrata stationiert sein. Libyens anerkannte Regierung in <a class=\"transition-colors duration-200 cursor-pointer text-inherit no-underline text-salemsfur md:hover:text-magenta md:hover:border-magenta md:focus:text-magenta border-current border-b border-solid break-words\" data-tracking=\"{&quot;action&quot;:&quot;click&quot;,&quot;category&quot;:&quot;intextLink&quot;,&quot;label&quot;:&quot;\/themen\/tripolis\/&quot;}\" href=\"https:\/\/www.t-online.de\/themen\/tripolis\/\" data-sctrack=\"BodyAnchor\" rel=\"nofollow noopener\" target=\"_blank\">Tripolis<\/a>, die sich seit dem Sturz des fr\u00fcheren Diktators Muammar al-Gaddafi im dauerhaften Konflikt mit einer Gegenregierung befindet, soll die ukrainische Milit\u00e4rpr\u00e4senz in Misrata dulden, da sie auch f\u00fcr die Ausbildung libyscher Soldaten zust\u00e4ndig ist.<\/p>\n<p class=\"text-18 leading-17 user-text-lg:text-22 user-text-xl:text-24\">Weitere Basen, in denen ukrainische Kr\u00e4fte stationiert sein sollen, sind &#8222;RFI&#8220; zufolge der Milit\u00e4rst\u00fctzpunkt in Zawiya und eine Koordinierungszelle in Tripolis. Dort sollen Eins\u00e4tze mit libyschen Partnern und westlichen Geheimdiensten abgestimmt werden, etwa zur Aufkl\u00e4rung russischer Aktivit\u00e4ten auf See und zur Vorbereitung von Drohnenangriffen. Diese Informationen von &#8222;RFI&#8220; lassen sich nicht unabh\u00e4ngig verifizieren und beziehen sich auf libysche Milit\u00e4rquellen, mit denen der Sender gesprochen haben will.<\/p>\n<p class=\"text-18 leading-17 user-text-lg:text-22 user-text-xl:text-24\">Russland stellt Libyen allerdings bereits seit Jahren als Teil eines erweiterten Konflikts mit der Ukraine dar. Moskau beschuldigt die Regierung von Premierminister Abdulhamid Dbeibah seit dem vergangenen Jahr \u00f6ffentlich, &#8222;ukrainische Gruppen&#8220; zu unterst\u00fctzen. Die Sprecherin des russischen Au\u00dfenministeriums, Maria Sacharowa, behauptete, libysche Stellen arbeiteten mit ukrainischen Akteuren zusammen und erm\u00f6glichten Ausbildung sowie Drohnenlieferungen. \u00d6ffentliche Belege legte Russland daf\u00fcr nicht vor.<\/p>\n","protected":false},"excerpt":{"rendered":"Empfohlener externer InhaltX Wir ben\u00f6tigen Ihre Einwilligung, um den von unserer Redaktion eingebundenen X-Inhalt anzuzeigen. Sie k\u00f6nnen diesen&hellip;\n","protected":false},"author":2,"featured_media":917825,"comment_status":"","ping_status":"","sticky":false,"template":"","format":"standard","meta":{"footnotes":"","_share_on_mastodon":"0"},"categories":[4012],"tags":[326,16302,578,331,332,2140,1478,548,663,2805,31541,13,5793,4045,37860,12256,451,200892,700,308,6378,14,15,45905,307,15048,6402,49189,12,200891,91067,317,64],"class_list":["post-922353","post","type-post","status-publish","format-standard","has-post-thumbnail","category-ukraine","tag-326","tag-afrika","tag-aegypten","tag-aktuelle-nachrichten","tag-aktuelle-news","tag-angriff","tag-drohne","tag-eu","tag-europa","tag-explosion","tag-guardian-media-group","tag-headlines","tag-kiew","tag-konflikt","tag-libyen","tag-luhansk","tag-militaer","tag-misrata","tag-mittelmeer","tag-moskau","tag-murmansk","tag-nachrichten","tag-news","tag-radio-france","tag-russland","tag-schattenflotte","tag-schiff","tag-schlachtfeld","tag-schlagzeilen","tag-stellvertreterkrieg","tag-tripolis","tag-ukraine","tag-usa"],"share_on_mastodon":{"url":"https:\/\/pubeurope.com\/@de\/116350503255280272","error":""},"_links":{"self":[{"href":"https:\/\/www.europesays.com\/de\/wp-json\/wp\/v2\/posts\/922353","targetHints":{"allow":["GET"]}}],"collection":[{"href":"https:\/\/www.europesays.com\/de\/wp-json\/wp\/v2\/posts"}],"about":[{"href":"https:\/\/www.europesays.com\/de\/wp-json\/wp\/v2\/types\/post"}],"author":[{"embeddable":true,"href":"https:\/\/www.europesays.com\/de\/wp-json\/wp\/v2\/users\/2"}],"replies":[{"embeddable":true,"href":"https:\/\/www.europesays.com\/de\/wp-json\/wp\/v2\/comments?post=922353"}],"version-history":[{"count":0,"href":"https:\/\/www.europesays.com\/de\/wp-json\/wp\/v2\/posts\/922353\/revisions"}],"wp:featuredmedia":[{"embeddable":true,"href":"https:\/\/www.europesays.com\/de\/wp-json\/wp\/v2\/media\/917825"}],"wp:attachment":[{"href":"https:\/\/www.europesays.com\/de\/wp-json\/wp\/v2\/media?parent=922353"}],"wp:term":[{"taxonomy":"category","embeddable":true,"href":"https:\/\/www.europesays.com\/de\/wp-json\/wp\/v2\/categories?post=922353"},{"taxonomy":"post_tag","embeddable":true,"href":"https:\/\/www.europesays.com\/de\/wp-json\/wp\/v2\/tags?post=922353"}],"curies":[{"name":"wp","href":"https:\/\/api.w.org\/{rel}","templated":true}]}}