{"id":922625,"date":"2026-04-05T08:33:25","date_gmt":"2026-04-05T08:33:25","guid":{"rendered":"https:\/\/www.europesays.com\/de\/922625\/"},"modified":"2026-04-05T08:33:25","modified_gmt":"2026-04-05T08:33:25","slug":"usa-verlegen-zusaetzliche-tarnkappen-waffen-in-die-golfregion","status":"publish","type":"post","link":"https:\/\/www.europesays.com\/de\/922625\/","title":{"rendered":"USA verlegen zus\u00e4tzliche Tarnkappen-Waffen in die Golfregion"},"content":{"rendered":"<p>Best\u00e4nde deutlich reduziert <\/p>\n<p>Krieg gegen Iran: Den USA gehen die Marschflugk\u00f6rper aus<\/p>\n<p>05.04.2026 &#8211; 10:00 UhrLesedauer: 2 Min.<\/p>\n<p><a href=\"#focus-0\" class=\"transition-colors duration-200 block text-current relative\" data-sctrack=\"FocusGalleryImage.Reference\"><img fetchpriority=\"high\" data-testid=\"Opener.Image\" style=\"--lqipURL:url('https:\/\/images.t-online.de\/2026\/04\/oEl2npsbK9Er\/372x71:3628x2041\/fit-in\/150x0\/filters:blur(25)\/ein-jassm-er-marschflugkoerper-startet-von-einer-f-35-der-us-luftwaffe-die-usa-verlegen-einen-grossen-teil-der-modernen-waffen-in-den-nahen-osten.jpg')\"   loading=\"eager\" src=\"https:\/\/www.europesays.com\/de\/wp-content\/uploads\/2026\/04\/ein-jassm-er-marschflugkoerper-startet-von-einer-f-35-der-us-luftwaffe-die-usa-verlegen-einen-grosse.jpeg\" alt=\"Ein JASSM-ER-Marschflugk\u00f6rper startet von einer F-35 der US-Luftwaffe: Die USA verlegen einen gro\u00dfen Teil der modernen Waffen in den Nahen Osten.\" title=\"Ein JASSM-ER-Marschflugk\u00f6rper startet von einer F-35 der US-Luftwaffe: Die USA verlegen einen gro\u00dfen Teil der modernen Waffen in den Nahen Osten.\" width=\"3628\" height=\"2041\" class=\"bg-[url:var(--lqipURL)] bg-cover bg-center flex h-full w-full max-w-full\" decoding=\"async\"\/><img style=\"--width:32;--height:32\" loading=\"lazy\" src=\"https:\/\/www.t-online.de\/s\/paper\/_next\/static\/media\/zoom-in.f7dae02f.svg\" alt=\"Vergr\u00f6\u00dfern des Bildes\" title=\"Vergr\u00f6\u00dfern des Bildes\" class=\"block h-[calc(var(--height)_\/_16_*_1rem)] w-[calc(var(--width)_\/_16_*_1rem)] max-w-none absolute bottom-8 right-8 rounded-4 bg-snow p-8\" decoding=\"async\"\/><\/a><\/p>\n<p>Ein JASSM-ER-Marschflugk\u00f6rper startet von einer F-35 der US-Luftwaffe: Die USA verlegen einen gro\u00dfen Teil der modernen Waffen in den Nahen Osten. (Quelle: Copyright: xMikeMareenx via imag)<\/p>\n<p class=\"font-bold text-18 leading-17 user-text-lg:text-22 user-text-xl:text-24\">Der Krieg der USA gegen den Iran ist wohl noch lange nicht vorbei. Nun m\u00fcssen die USA ihr Arsenal an Marschflugk\u00f6rpern deutlich aufstocken.<\/p>\n<p class=\"text-18 leading-17 user-text-lg:text-22 user-text-xl:text-24\">Die <a class=\"transition-colors duration-200 cursor-pointer text-inherit no-underline text-salemsfur md:hover:text-magenta md:hover:border-magenta md:focus:text-magenta border-current border-b border-solid break-words\" data-tracking=\"{&quot;action&quot;:&quot;click&quot;,&quot;category&quot;:&quot;intextLink&quot;,&quot;label&quot;:&quot;\/themen\/usa\/&quot;}\" href=\"https:\/\/www.t-online.de\/themen\/usa\/\" data-sctrack=\"BodyAnchor\" rel=\"nofollow noopener\" target=\"_blank\">USA<\/a> bereiten weitere Eins\u00e4tze gegen <a class=\"transition-colors duration-200 cursor-pointer text-inherit no-underline text-salemsfur md:hover:text-magenta md:hover:border-magenta md:focus:text-magenta border-current border-b border-solid break-words\" data-tracking=\"{&quot;action&quot;:&quot;click&quot;,&quot;category&quot;:&quot;intextLink&quot;,&quot;label&quot;:&quot;\/themen\/iran\/&quot;}\" href=\"https:\/\/www.t-online.de\/themen\/iran\/\" data-sctrack=\"BodyAnchor\" rel=\"nofollow noopener\" target=\"_blank\">Iran<\/a> vor und verlagern daf\u00fcr einen gro\u00dfen Teil ihrer besonders schwer abzufangenden Marschflugk\u00f6rper in den Nahen Osten. Das berichtet das US-Nachrichtenportal &#8222;Bloomberg&#8220;. Im Mittelpunkt stehen demnach JASSM-ER-Marschflugk\u00f6rper, die Ziele aus gro\u00dfer Entfernung treffen k\u00f6nnen.<\/p>\n<p class=\"text-18 leading-17 user-text-lg:text-22 user-text-xl:text-24\">Nach Angaben einer mit dem Vorgang vertrauten Person sei demnach bereits Ende M\u00e4rz angeordnet worden, diese Raketen aus Best\u00e4nden im Pazifikraum abzuziehen. Weitere Waffen aus US-Lagern und von anderen Standorten sollen demnach zu Basen des US-Zentralkommandos in der Golfregion oder nach Fairford in <a class=\"transition-colors duration-200 cursor-pointer text-inherit no-underline text-salemsfur md:hover:text-magenta md:hover:border-magenta md:focus:text-magenta border-current border-b border-solid break-words\" data-tracking=\"{&quot;action&quot;:&quot;click&quot;,&quot;category&quot;:&quot;intextLink&quot;,&quot;label&quot;:&quot;\/themen\/grossbritannien\/&quot;}\" href=\"https:\/\/www.t-online.de\/themen\/grossbritannien\/\" data-sctrack=\"BodyAnchor\" rel=\"nofollow noopener\" target=\"_blank\">Gro\u00dfbritannien<\/a> gebracht werden.<\/p>\n<p class=\"text-18 leading-17 user-text-lg:text-22 user-text-xl:text-24\">Dem Bericht zufolge w\u00fcrden danach weltweit nur noch rund 425 JASSM-ER aus einem Vorkriegsbestand von etwa 2.300 St\u00fcck f\u00fcr andere Einsatzgebiete \u00fcbrig bleiben. Etwa 75 weitere Marschflugk\u00f6rper seien demnach derzeit wegen Sch\u00e4den oder technischer Probleme nicht einsatzbereit.<\/p>\n<p class=\"text-18 leading-17 user-text-lg:text-22 user-text-xl:text-24\">Die JASSM-ER geh\u00f6rt zu den wichtigsten weitreichenden Pr\u00e4zisionswaffen der US-Streitkr\u00e4fte. Sie kann nach den Angaben mehr als 600 Meilen weit fliegen, also knapp 1.000 Kilometer. Entwickelt wurde sie, um Ziele auch dann treffen zu k\u00f6nnen, wenn die gegnerische Luftabwehr direkte Angriffe erschwert. Gerade dieser Abstand macht die Waffe f\u00fcr Eins\u00e4tze gegen gut gesch\u00fctzte Ziele besonders relevant.<\/p>\n<p class=\"text-18 leading-17 user-text-lg:text-22 user-text-xl:text-24\">Laut dem Bericht wurden in den ersten vier Kriegswochen bereits mehr als 1.000 dieser Raketen eingesetzt. Zusammen mit der k\u00fcrzeren JASSM-Version mit einer Reichweite von rund 250 Meilen (ca. 402 km) seien damit etwa zwei Drittel der US-Best\u00e4nde f\u00fcr den Krieg gegen Iran gebunden worden.<\/p>\n<p class=\"text-18 leading-17 user-text-lg:text-22 user-text-xl:text-24\">Das zeigt, wie stark sich der Konflikt auf die amerikanischen Vorr\u00e4te moderner Langstreckenwaffen auswirkt. Solche Systeme gelten auch f\u00fcr andere m\u00f6gliche Krisenherde als wichtig, etwa im Indopazifik. Eine schnelle Auff\u00fcllung der Best\u00e4nde ist kaum m\u00f6glich: Laut &#8222;Bloomberg&#8220; liegt die geplante Produktionsrate der l\u00e4ngeren JASSM-ER-Version f\u00fcr 2026 bei 396 St\u00fcck. Unter voller Auslastung k\u00f6nne die Produktion zwar deutlich steigen, doch der Ersatz verbrauchter Raketen w\u00fcrde dennoch Jahre dauern.<\/p>\n","protected":false},"excerpt":{"rendered":"Best\u00e4nde deutlich reduziert Krieg gegen Iran: Den USA gehen die Marschflugk\u00f6rper aus 05.04.2026 &#8211; 10:00 UhrLesedauer: 2 Min.&hellip;\n","protected":false},"author":2,"featured_media":922626,"comment_status":"","ping_status":"","sticky":false,"template":"","format":"standard","meta":{"footnotes":"","_share_on_mastodon":"0"},"categories":[3977],"tags":[326,331,332,551,13,345,22064,14,15,12,4017,4018,4016,25939,64,4019,4020],"class_list":["post-922625","post","type-post","status-publish","format-standard","has-post-thumbnail","category-usa","tag-326","tag-aktuelle-nachrichten","tag-aktuelle-news","tag-grossbritannien","tag-headlines","tag-iran","tag-marschflugkoerper","tag-nachrichten","tag-news","tag-schlagzeilen","tag-united-states","tag-united-states-of-america","tag-us","tag-us-luftwaffe","tag-usa","tag-vereinigte-staaten","tag-vereinigte-staaten-von-amerika"],"share_on_mastodon":{"url":"https:\/\/pubeurope.com\/@de\/116351179631974388","error":""},"_links":{"self":[{"href":"https:\/\/www.europesays.com\/de\/wp-json\/wp\/v2\/posts\/922625","targetHints":{"allow":["GET"]}}],"collection":[{"href":"https:\/\/www.europesays.com\/de\/wp-json\/wp\/v2\/posts"}],"about":[{"href":"https:\/\/www.europesays.com\/de\/wp-json\/wp\/v2\/types\/post"}],"author":[{"embeddable":true,"href":"https:\/\/www.europesays.com\/de\/wp-json\/wp\/v2\/users\/2"}],"replies":[{"embeddable":true,"href":"https:\/\/www.europesays.com\/de\/wp-json\/wp\/v2\/comments?post=922625"}],"version-history":[{"count":0,"href":"https:\/\/www.europesays.com\/de\/wp-json\/wp\/v2\/posts\/922625\/revisions"}],"wp:featuredmedia":[{"embeddable":true,"href":"https:\/\/www.europesays.com\/de\/wp-json\/wp\/v2\/media\/922626"}],"wp:attachment":[{"href":"https:\/\/www.europesays.com\/de\/wp-json\/wp\/v2\/media?parent=922625"}],"wp:term":[{"taxonomy":"category","embeddable":true,"href":"https:\/\/www.europesays.com\/de\/wp-json\/wp\/v2\/categories?post=922625"},{"taxonomy":"post_tag","embeddable":true,"href":"https:\/\/www.europesays.com\/de\/wp-json\/wp\/v2\/tags?post=922625"}],"curies":[{"name":"wp","href":"https:\/\/api.w.org\/{rel}","templated":true}]}}