{"id":922716,"date":"2026-04-05T09:35:15","date_gmt":"2026-04-05T09:35:15","guid":{"rendered":"https:\/\/www.europesays.com\/de\/922716\/"},"modified":"2026-04-05T09:35:15","modified_gmt":"2026-04-05T09:35:15","slug":"wolfgang-kubicki-will-fuer-den-fdp-vorsitz-kandidieren","status":"publish","type":"post","link":"https:\/\/www.europesays.com\/de\/922716\/","title":{"rendered":"Wolfgang Kubicki will f\u00fcr den FDP-Vorsitz kandidieren"},"content":{"rendered":"<p class=\"tspBOli tspBOlj\">Er gilt als liberales Urgestein, ist bekannt f\u00fcr markige Aussagen und will jetzt seine Partei vor dem Abgrund bewahren: <a href=\"https:\/\/www.tagesspiegel.de\/politik\/wolfgang-kubicki-zum-fdp-aus-in-baden-wurttemberg-das-ist-der-wohl-bitterste-tag-meines-politischen-lebens-15330736.html?icid=in-text-link_15436400\" class=\"link link--internal\" data-gtm-class=\"article-text-link\" data-gtm-val=\"internal\" rel=\"nofollow noopener\" target=\"_blank\">Der stellvertretende FDP-Vorsitzende Wolfgang Kubicki<\/a> plant, neuer Parteichef der Liberalen zu werden. Mit Blick auf den anstehenden Parteitag sagte Kubicki der \u201e<a href=\"https:\/\/www.bild.de\/politik\/inland\/machtkampf-bei-den-liberalen-exklusiv-kubicki-will-fdp-chef-werden-69d09a03cdf80d124bb0da51\" target=\"_blank\" rel=\"noopener nofollow\" class=\"link link--external\" data-gtm-class=\"article-text-link\" data-gtm-val=\"external\" aria-describedby=\"message-target-blank\">Bild am Sonntag<\/a>\u201c: \u201eIch werde den Delegierten meiner Partei im Mai ein Angebot machen, bei dem sie sicher sein k\u00f6nnen: Ich werde alles tun, die Partei wieder erfolgreich zu machen\u201c, sagte der 74-J\u00e4hrige.<\/p>\n<p class=\"tspBOli\">Der \u201eBams\u201c-Bericht zu Kubickis Pl\u00e4nen, f\u00fcr den <a href=\"https:\/\/www.tagesspiegel.de\/politik\/liberale-unter-funf-prozent-fdp-chef-lindner-und-vize-kubicki-kundigen-ihren-ruckzug-aus-der-politik-an-13260187.html?icid=in-text-link_15436400\" class=\"link link--internal\" data-gtm-class=\"article-text-link\" data-gtm-val=\"internal\" rel=\"nofollow noopener\" target=\"_blank\"><strong>Bundesvorsitz der FDP zu kandidieren,<\/strong><\/a> wurde der Deutschen Presse-Agentur aus dem B\u00fcro des Politikers best\u00e4tigt. Sollte Kubicki zum Parteivorsitzenden gew\u00e4hlt werden, setzt er nach Angaben der \u201eBams\u201c auf den bayerischen FDP-Politiker Martin Hagen als Generalsekret\u00e4r. <\/p>\n<p class=\"tspBOli\">Die FDP war im M\u00e4rz bei den Landtagswahlen <a href=\"https:\/\/www.tagesspiegel.de\/politik\/strack-zimmermann-zum-fdp-fiasko-in-rheinland-pfalz-wenn-eine-partei-nur-noch-zwei-prozent-der-stimmen-bekommt-ist-das-existenziell-15388031.html?icid=in-text-link_15436400\" class=\"link link--internal\" data-gtm-class=\"article-text-link\" data-gtm-val=\"internal\" rel=\"nofollow noopener\" target=\"_blank\"><strong>in Rheinland-Pfalz und in ihrem Stammland Baden-W\u00fcrttemberg<\/strong><\/a><strong> an der F\u00fcnf-Prozent-H\u00fcrde gescheitert<\/strong> und somit nicht in die Parlamente eingezogen. Bei der Bundestagswahl im Februar 2025 war sie bereits aus dem Bundestag geflogen\u00a0\u2013 zuvor war im Bund die Ampel-Koalition aus SPD, Gr\u00fcnen und FDP geplatzt. <strong>Der damalige Parteichef Christian Lindner zog sich aus der Politik zur\u00fcck.<\/strong>\u00a0<\/p>\n<blockquote class=\"tspB6ng\">\n<p>Deutschland wartet nicht auf eine FDP, die sich in akademischen Diskussionen verzettelt, sondern auf eine, die dieses Land gro\u00df gemacht hat: klar im politischen Inhalt und ebenso klar in der Sprache. F\u00fcr die Freiheit.<\/p>\n<\/blockquote>\n<p class=\"tspB6nh\"> <strong>Wolfgang Kubicki<\/strong>, stellvertretender FDP-Vorsitzender<\/p>\n<p class=\"tspBOli\">Im September stehen <strong>Landtagswahlen in Sachsen-Anhalt, Mecklenburg-Vorpommern und Berlin<\/strong> an. Nach den j\u00fcngsten Umfragen k\u00f6nnten die Liberalen bei allen drei Wahlen ebenfalls an der F\u00fcnf-Prozent-H\u00fcrde scheitern.\u00a0<\/p>\n<p>Zur Person<\/p>\n<p class=\"tspBOli\"><a href=\"https:\/\/www.fdp.de\/person\/wolfgang-kubicki\" target=\"_blank\" rel=\"noopener nofollow\" class=\"link link--external\" data-gtm-class=\"article-text-link\" data-gtm-val=\"external\" aria-describedby=\"message-target-blank\">Wolfgang Kubicki trat 1971 mit 19 Jahren in die FDP ein.<\/a> Nach der Bundestagswahl 1990 zog er erstmals \u00fcber die Landesliste Schleswig-Holstein als Abgeordneter in den Bundestag ein. Der 74-J\u00e4hrige gilt als liberaler Freigeist, der auch innerparteilich schonungslos Kritik \u00fcbt. Er war von 1990 bis 1992 sowie von 2017 bis 2025 Mitglied des Deutschen Bundestages und war von 2017 bis 2025 dessen Vizepr\u00e4sident. (Tsp)<\/p>\n<p class=\"tspBOli\">Kubicki sagte der \u201eBild am Sonntag\u201c, er wolle eine Partei, die mit \u201eneuem Selbstbewusstsein\u201c die politischen Debatten in diesem Land anf\u00fchre, statt ihnen \u201ehinterherzulaufen\u201c. \u201eDeutschland wartet nicht auf eine FDP, die sich in akademischen Diskussionen verzettelt, sondern auf eine, die dieses Land gro\u00df gemacht hat: klar im politischen Inhalt und ebenso klar in der Sprache. F\u00fcr die Freiheit\u201c, sagte <strong>Kubicki, der fr\u00fcher auch Bundestagsvizepr\u00e4sident war<\/strong>.\u00a0<\/p>\n<p class=\"tspBOli\">Als Konsequenz aus dem schlechten Abschneiden der FDP bei den j\u00fcngsten Landtagswahlen hatte <a href=\"https:\/\/www.tagesspiegel.de\/politik\/schafft-die-fdp-den-neuanfang-frau-strack-zimmermann-wir-haben-das-herz-der-menschen-nicht-erreicht-13416049.html?icid=in-text-link_15436400\" class=\"link link--internal\" data-gtm-class=\"article-text-link\" data-gtm-val=\"internal\" rel=\"nofollow noopener\" target=\"_blank\">der Bundesvorstand<\/a>  um den derzeitigen Vorsitzenden Christian D\u00fcrr im M\u00e4rz beschlossen, beim Parteitag im Mai geschlossen zur\u00fcckzutreten. D\u00fcrr k\u00fcndigte aber an, wieder f\u00fcr den Vorsitz kandidieren zu wollen. Zudem erkl\u00e4rte <a href=\"https:\/\/www.tagesspiegel.de\/politik\/fuhrungsdebatte-bei-der-fdp-nrw-landeschef-hone-will-durr-als-bundesvorsitzenden-ablosen-15402836.html?icid=in-text-link_15436400\" class=\"link link--internal\" data-gtm-class=\"article-text-link\" data-gtm-val=\"internal\" rel=\"nofollow noopener\" target=\"_blank\"><strong>der nordrhein-westf\u00e4lische FDP-Landes- und Fraktionsvorsitzende Henning H\u00f6ne<\/strong><\/a>, sich daf\u00fcr bewerben zu wollen.\u00a0<\/p>\n<p class=\"tspBOli\">Kritiker in der FDP werfen D\u00fcrr vor, seit seiner Wahl im Mai vergangenen Jahres keinen klaren Kurs f\u00fcr die Erneuerung der Partei vorgelegt zu haben.<a href=\"https:\/\/www.tagesspiegel.de\/nach-niederlagen-bei-landtagswahlen-fdp-spitze-um-parteichef-durr-tritt-zuruck-15391106.html?icid=in-text-link_15436400\" class=\"link link--internal\" data-gtm-class=\"article-text-link\" data-gtm-val=\"internal\" rel=\"nofollow noopener\" target=\"_blank\"> Der FDP-Chef zeigte sich zuletzt selbstkritisch:<\/a> \u201eEs ist mir nicht gut genug gelungen, meinen Plan, meine Richtung und meine Vorstellung f\u00fcr die FDP so in die Partei zu tragen, dass daraus eine klare gemeinsame Orientierung wird.\u201c<\/p>\n<p class=\"tspBOli\">Zwischenzeitlich wurde \u00fcber eine m\u00f6gliche Doppelspitze f\u00fcr die FDP diskutiert:<strong> Die Verteidigungsexpertin Marie-Agnes Strack-Zimmermann <\/strong>hatte in den FDP-F\u00fchrungsgremien ihre Bereitschaft angek\u00fcndigt, an die Spitze der Partei zu treten\u00a0\u2013 wegen ihrer Belastung im Europaparlament aber in einer Doppelspitze. Dann erkl\u00e4rte sie aber ihre Unterst\u00fctzung f\u00fcr H\u00f6nes Einzelbewerbung.\u00a0<\/p>\n<p> Kubicki wettet auf Einzug in Ost-Landtage \u2013 um seine Haare <\/p>\n<p class=\"tspBOli\">Kubicki ging nach der Landtagswahl in Rheinland-Pfalz angesichts der miserablen Lage seiner Partei eine pers\u00f6nliche Wette ein.\u00a0\u201eWenn die FDP in Sachsen-Anhalt oder anderswo im Osten \u00fcber f\u00fcnf Prozent kommt und in den Landtag einzieht, lasse ich mir die Haare abschneiden\u201c, sagte er <a href=\"https:\/\/www.stern.de\/politik\/deutschland\/kubicki-fuerchtet-bankrott-der-fdp---und-verwettet-seine-haare-37246888.html\" target=\"_blank\" rel=\"noopener nofollow\" class=\"link link--external\" data-gtm-class=\"article-text-link\" data-gtm-val=\"external\" aria-describedby=\"message-target-blank\">dem \u201eStern\u201c<\/a>.\u00a0<\/p>\n<p class=\"tspBOli\"><strong>Schon Generalsekret\u00e4rin Nicole B\u00fcttner<\/strong> hatte vor der Wahl in Baden-W\u00fcrttemberg mit einer Haarwette f\u00fcr Aufmerksamkeit gesorgt. \u201eMeine sind zwar k\u00fcrzer, wachsen in meinem\u00a0Alter\u00a0aber schlechter nach\u201c, sagte Kubicki. Anders als er hatte B\u00fcttner allerdings gewettet, sich die Haare abzurasieren, wenn die FDP dort nicht in den Landtag einzieht\u00a0\u2013 und hatte verloren.\u00a0<\/p>\n<p class=\"tspBOli\">In Sachsen-Anhalt soll am 6. September ein neuer Landtag gew\u00e4hlt werden, in Mecklenburg-Vorpommern zwei Wochen sp\u00e4ter. Die FDP ist in beiden Landesparlamenten vertreten\u00a0\u2013 in Mecklenburg-Vorpommern aber nicht mehr als Fraktion, sondern nur noch als Gruppe mit eingeschr\u00e4nkten Rechten. In Sachsen-Anhalt regiert die FDP aktuell in einer Koalition mit CDU und SPD.<\/p>\n<p> Kubicki warnt vor wirtschaftlichem Bankrott der FDP <\/p>\n<p class=\"tspBOli\">Kubicki warnte im \u201eStern\u201c vor einem wirtschaftlichen Bankrott seiner Partei. \u201eWenn man mit f\u00fcnf Prozent plant und bei zwei landet, bricht die Wahlkampfkostenerstattung ein. Strukturen l\u00f6sen sich auf, hauptamtliche Arbeit wird schwieriger. Ich m\u00f6chte mir das alles gar nicht ausmalen\u201c, sagte er.<\/p>\n<p>Lesen Sie zur FDP bei T*<a href=\"https:\/\/www.tagesspiegel.de\/politik\/hoffnungstrager-henning-hone-kann-er-die-fdp-vor-dem-untergang-bewahren-15406197.html?icid=topic-list_15436400___\" data-gtm-class=\"article-mzt-link\" data-hydrate-fingerprint=\"09740a54944caac75fd2c0c63fd5c5df\" data-hydrate-props=\"{&amp;escapedquot;element&amp;escapedquot;:{&amp;escapedquot;type&amp;escapedquot;:&amp;escapedquot;relatedContent&amp;escapedquot;,&amp;escapedquot;fieldMap&amp;escapedquot;:{},&amp;escapedquot;relation&amp;escapedquot;:{&amp;escapedquot;fields&amp;escapedquot;:{&amp;escapedquot;isPaid&amp;escapedquot;:true},&amp;escapedquot;href&amp;escapedquot;:&amp;escapedquot;\/politik\/hoffnungstrager-henning-hone-kann-er-die-fdp-vor-dem-untergang-bewahren-15406197.html&amp;escapedquot;,&amp;escapedquot;teaserTitle&amp;escapedquot;:{&amp;escapedquot;kicker&amp;escapedquot;:&amp;escapedquot;Hoffnungstr\u00e4ger Henning H\u00f6ne&amp;escapedquot;,&amp;escapedquot;headline&amp;escapedquot;:&amp;escapedquot;Kann er die FDP vor dem Untergang bewahren?&amp;escapedquot;},&amp;escapedquot;id&amp;escapedquot;:&amp;escapedquot;15406197&amp;escapedquot;,&amp;escapedquot;type&amp;escapedquot;:&amp;escapedquot;story&amp;escapedquot;},&amp;escapedquot;isPartOfList&amp;escapedquot;:true,&amp;escapedquot;topicListType&amp;escapedquot;:&amp;escapedquot;topic-list&amp;escapedquot;},&amp;escapedquot;showArrow&amp;escapedquot;:true}\" data-hydrate-slots=\"{&#039;default&#039;:[]}\" class=\"tspC3qm tspC4qt\" rel=\"nofollow noopener\" target=\"_blank\">Hoffnungstr\u00e4ger Henning H\u00f6ne Kann er die FDP vor dem Untergang bewahren? <\/a><a href=\"https:\/\/www.tagesspiegel.de\/politik\/wolfgang-kubicki-zum-fdp-aus-in-baden-wurttemberg-das-ist-der-wohl-bitterste-tag-meines-politischen-lebens-15330736.html?icid=topic-list_15436400___\" data-gtm-class=\"article-mzt-link\" data-hydrate-fingerprint=\"09740a54944caac75fd2c0c63fd5c5df\" data-hydrate-props=\"{&amp;escapedquot;element&amp;escapedquot;:{&amp;escapedquot;type&amp;escapedquot;:&amp;escapedquot;relatedContent&amp;escapedquot;,&amp;escapedquot;fieldMap&amp;escapedquot;:{},&amp;escapedquot;relation&amp;escapedquot;:{&amp;escapedquot;fields&amp;escapedquot;:{&amp;escapedquot;isPaid&amp;escapedquot;:true},&amp;escapedquot;href&amp;escapedquot;:&amp;escapedquot;\/politik\/wolfgang-kubicki-zum-fdp-aus-in-baden-wurttemberg-das-ist-der-wohl-bitterste-tag-meines-politischen-lebens-15330736.html&amp;escapedquot;,&amp;escapedquot;teaserTitle&amp;escapedquot;:{&amp;escapedquot;kicker&amp;escapedquot;:&amp;escapedquot;Wolfgang Kubicki zum FDP-Aus&amp;escapedquot;,&amp;escapedquot;headline&amp;escapedquot;:&amp;escapedquot;\u201eDas ist der wohl bitterste Tag meines politischen Lebens\u201c&amp;escapedquot;},&amp;escapedquot;id&amp;escapedquot;:&amp;escapedquot;15330736&amp;escapedquot;,&amp;escapedquot;type&amp;escapedquot;:&amp;escapedquot;story&amp;escapedquot;},&amp;escapedquot;isPartOfList&amp;escapedquot;:true,&amp;escapedquot;topicListType&amp;escapedquot;:&amp;escapedquot;topic-list&amp;escapedquot;},&amp;escapedquot;showArrow&amp;escapedquot;:true}\" data-hydrate-slots=\"{&#039;default&#039;:[]}\" class=\"tspC3qm tspC4qt\" rel=\"nofollow noopener\" target=\"_blank\">Wolfgang Kubicki zum FDP-Aus \u201eDas ist der wohl bitterste Tag meines politischen Lebens\u201c <\/a><a href=\"https:\/\/www.tagesspiegel.de\/politik\/strack-zimmermann-zum-fdp-fiasko-in-rheinland-pfalz-wenn-eine-partei-nur-noch-zwei-prozent-der-stimmen-bekommt-ist-das-existenziell-15388031.html?icid=topic-list_15436400___\" data-gtm-class=\"article-mzt-link\" data-hydrate-fingerprint=\"09740a54944caac75fd2c0c63fd5c5df\" data-hydrate-props=\"{&amp;escapedquot;element&amp;escapedquot;:{&amp;escapedquot;type&amp;escapedquot;:&amp;escapedquot;relatedContent&amp;escapedquot;,&amp;escapedquot;fieldMap&amp;escapedquot;:{},&amp;escapedquot;relation&amp;escapedquot;:{&amp;escapedquot;fields&amp;escapedquot;:{&amp;escapedquot;isPaid&amp;escapedquot;:true},&amp;escapedquot;href&amp;escapedquot;:&amp;escapedquot;\/politik\/strack-zimmermann-zum-fdp-fiasko-in-rheinland-pfalz-wenn-eine-partei-nur-noch-zwei-prozent-der-stimmen-bekommt-ist-das-existenziell-15388031.html&amp;escapedquot;,&amp;escapedquot;teaserTitle&amp;escapedquot;:{&amp;escapedquot;kicker&amp;escapedquot;:&amp;escapedquot;Strack-Zimmermann zum FDP-Fiasko&amp;escapedquot;,&amp;escapedquot;headline&amp;escapedquot;:&amp;escapedquot;\u201eWenn eine Partei nur noch zwei Prozent der Stimmen bekommt, ist das existenziell\u201c&amp;escapedquot;},&amp;escapedquot;id&amp;escapedquot;:&amp;escapedquot;15388031&amp;escapedquot;,&amp;escapedquot;type&amp;escapedquot;:&amp;escapedquot;story&amp;escapedquot;},&amp;escapedquot;isPartOfList&amp;escapedquot;:true,&amp;escapedquot;topicListType&amp;escapedquot;:&amp;escapedquot;topic-list&amp;escapedquot;},&amp;escapedquot;showArrow&amp;escapedquot;:true}\" data-hydrate-slots=\"{&#039;default&#039;:[]}\" class=\"tspC3qm tspC4qt\" rel=\"nofollow noopener\" target=\"_blank\">Strack-Zimmermann zum FDP-Fiasko \u201eWenn eine Partei nur noch zwei Prozent der Stimmen bekommt, ist das existenziell\u201c <\/a><\/p>\n<p class=\"tspBOli\">Dennoch glaube er fest an einen Wiederaufstieg seiner Partei, sagte Kubicki. Der Liberalismus sei nicht tot: \u201eIn meinen 56 Jahren FDP wurden so viele Sargn\u00e4gel eingeschlagen, dass unser Sarg inzwischen aus Metall ist, nicht mehr aus Holz. Wenn ich nicht \u00fcberzeugt w\u00e4re, dass es noch einmal nach oben ginge, w\u00fcrde ich Golf spielen oder mit dem Boot auf die Ostsee fahren.\u201c\u00a0<\/p>\n<p class=\"tspBOli\">Die FDP m\u00fcsse jetzt auf zentralen Politikfeldern koh\u00e4rent und deutlich sichtbarer auftreten und sich auf wenige Kernthemen konzentrieren, forderte Kubicki. \u201eK\u00f6pfe allein reichen nicht, aber ohne K\u00f6pfe werden Ideen nicht wahrgenommen. Wer glaubt, ein 80-seitiges Programm erledige das, ist naiv.\u201c (dpa, lem)<\/p>\n","protected":false},"excerpt":{"rendered":"Er gilt als liberales Urgestein, ist bekannt f\u00fcr markige Aussagen und will jetzt seine Partei vor dem Abgrund&hellip;\n","protected":false},"author":2,"featured_media":922717,"comment_status":"","ping_status":"","sticky":false,"template":"","format":"standard","meta":{"footnotes":"","_share_on_mastodon":"0"},"categories":[2],"tags":[1634,424,833,43,29,187,30,13,1298,1351,14,15,8121,1756,860,12,184,10,8,9,11,40390],"class_list":["post-922716","post","type-post","status-publish","format-standard","has-post-thumbnail","category-deutschland","tag-baden-wuerttemberg","tag-bundestagswahl","tag-christian-lindner","tag-deutscher-bundestag","tag-deutschland","tag-fdp","tag-germany","tag-headlines","tag-innerparteiliche-demokratie","tag-mecklenburg-vorpommern","tag-nachrichten","tag-news","tag-parteitage","tag-rheinland-pfalz","tag-sachsen-anhalt","tag-schlagzeilen","tag-spd","tag-top-news","tag-top-meldungen","tag-topmeldungen","tag-topnews","tag-wolfgang-kubicki"],"share_on_mastodon":{"url":"https:\/\/pubeurope.com\/@de\/116351423527574000","error":""},"_links":{"self":[{"href":"https:\/\/www.europesays.com\/de\/wp-json\/wp\/v2\/posts\/922716","targetHints":{"allow":["GET"]}}],"collection":[{"href":"https:\/\/www.europesays.com\/de\/wp-json\/wp\/v2\/posts"}],"about":[{"href":"https:\/\/www.europesays.com\/de\/wp-json\/wp\/v2\/types\/post"}],"author":[{"embeddable":true,"href":"https:\/\/www.europesays.com\/de\/wp-json\/wp\/v2\/users\/2"}],"replies":[{"embeddable":true,"href":"https:\/\/www.europesays.com\/de\/wp-json\/wp\/v2\/comments?post=922716"}],"version-history":[{"count":0,"href":"https:\/\/www.europesays.com\/de\/wp-json\/wp\/v2\/posts\/922716\/revisions"}],"wp:featuredmedia":[{"embeddable":true,"href":"https:\/\/www.europesays.com\/de\/wp-json\/wp\/v2\/media\/922717"}],"wp:attachment":[{"href":"https:\/\/www.europesays.com\/de\/wp-json\/wp\/v2\/media?parent=922716"}],"wp:term":[{"taxonomy":"category","embeddable":true,"href":"https:\/\/www.europesays.com\/de\/wp-json\/wp\/v2\/categories?post=922716"},{"taxonomy":"post_tag","embeddable":true,"href":"https:\/\/www.europesays.com\/de\/wp-json\/wp\/v2\/tags?post=922716"}],"curies":[{"name":"wp","href":"https:\/\/api.w.org\/{rel}","templated":true}]}}